{"id":47062,"date":"2025-06-16T07:48:09","date_gmt":"2025-06-16T07:48:09","guid":{"rendered":"https:\/\/ikimisli.tr\/?p=47062"},"modified":"2025-06-16T07:48:09","modified_gmt":"2025-06-16T07:48:09","slug":"yildiz-isimden-mourinhoya-destek","status":"publish","type":"post","link":"https:\/\/ikimisli.tr\/index.php\/2025\/06\/16\/yildiz-isimden-mourinhoya-destek\/","title":{"rendered":"Y\u0131ld\u0131z isimden Mourinho&#8217;ya destek"},"content":{"rendered":"<p>Chelsea ve Real Madrid&#8217;de oynad\u0131\u011f\u0131 devirlerde Jose Mourinho ile birlikte \u00e7al\u0131\u015fan Essien toplumsal medya hesab\u0131ndan Mourinho ile foto\u011fraf\u0131n\u0131 payla\u015ft\u0131. Ganal\u0131 eski oyuncu Michael Essien resmi toplumsal medya hesab\u0131ndan Mourinho ve Didier Drogba&#8217;n\u0131n yer ald\u0131\u011f\u0131 bir foto\u011fraf payla\u015ft\u0131, foto\u011frafa da \u00fc\u00e7 adet kalp emojisi koydu. Essien\u2019in bu payla\u015f\u0131m\u0131 Mourinho\u2019ya takviye olarak yorumland\u0131.<\/p>\n<p>Hat\u0131rlanaca\u011f\u0131 \u00fczere Mourinho, Galatasaray ma\u00e7\u0131n\u0131n akabinde, &#8220;Hakeme te\u015fekk\u00fcr etmeliyim. Yusuf Ak\u00e7i\u00e7ek&#8217;in birinci dakikadaki durumunda rakip kul\u00fcbede herkes maymun \u00fczere oyuncunun ba\u015f\u0131nda z\u0131pl\u0131yorlard\u0131\u201d tabirlerini kullanm\u0131\u015ft\u0131. Sar\u0131 k\u0131rm\u0131z\u0131l\u0131lar bu tabirleri \u0131rk\u00e7\u0131l\u0131k olarak yorumlam\u0131\u015f ve mevzuyu mahkemeye ta\u015f\u0131yaca\u011f\u0131 \u00f6\u011frenilmi\u015fti.<\/p>\n<p><img decoding=\"async\" src=\"https:\/\/ikimisli.tr\/wp-content\/uploads\/2025\/06\/yildiz-isimden-mourinhoya-destek-0-U5gYUvBd.jpg\"\/><\/p>\n","protected":false},"excerpt":{"rendered":"<p>Fenerbah\u00e7e Teknik Y\u00f6neticisi Mourinho\u2019nun eski \u00f6\u011frencilerinden Essien, Portekizli teknik adam\u0131 payla\u015ft\u0131. Essien\u2019in bu hareketi Mourinho\u2019ya takviye olarak yorumland\u0131.<\/p>\n","protected":false},"author":1,"featured_media":47063,"comment_status":"open","ping_status":"open","sticky":false,"template":"","format":"standard","meta":{"footnotes":""},"categories":[30],"tags":[1298],"class_list":["post-47062","post","type-post","status-publish","format-standard","has-post-thumbnail","hentry","category-spor","tag-mourinho"],"_links":{"self":[{"href":"https:\/\/ikimisli.tr\/index.php\/wp-json\/wp\/v2\/posts\/47062","targetHints":{"allow":["GET"]}}],"collection":[{"href":"https:\/\/ikimisli.tr\/index.php\/wp-json\/wp\/v2\/posts"}],"about":[{"href":"https:\/\/ikimisli.tr\/index.php\/wp-json\/wp\/v2\/types\/post"}],"author":[{"embeddable":true,"href":"https:\/\/ikimisli.tr\/index.php\/wp-json\/wp\/v2\/users\/1"}],"replies":[{"embeddable":true,"href":"https:\/\/ikimisli.tr\/index.php\/wp-json\/wp\/v2\/comments?post=47062"}],"version-history":[{"count":1,"href":"https:\/\/ikimisli.tr\/index.php\/wp-json\/wp\/v2\/posts\/47062\/revisions"}],"predecessor-version":[{"id":47065,"href":"https:\/\/ikimisli.tr\/index.php\/wp-json\/wp\/v2\/posts\/47062\/revisions\/47065"}],"wp:featuredmedia":[{"embeddable":true,"href":"https:\/\/ikimisli.tr\/index.php\/wp-json\/wp\/v2\/media\/47063"}],"wp:attachment":[{"href":"https:\/\/ikimisli.tr\/index.php\/wp-json\/wp\/v2\/media?parent=47062"}],"wp:term":[{"taxonomy":"category","embeddable":true,"href":"https:\/\/ikimisli.tr\/index.php\/wp-json\/wp\/v2\/categories?post=47062"},{"taxonomy":"post_tag","embeddable":true,"href":"https:\/\/ikimisli.tr\/index.php\/wp-json\/wp\/v2\/tags?post=47062"}],"curies":[{"name":"wp","href":"https:\/\/api.w.org\/{rel}","templated":true}]}}