{"id":47142,"date":"2025-06-16T12:24:17","date_gmt":"2025-06-16T12:24:17","guid":{"rendered":"https:\/\/ikimisli.tr\/?p=47142"},"modified":"2025-06-16T12:24:17","modified_gmt":"2025-06-16T12:24:17","slug":"motokuryeye-olduresiye-carpmisti-feci-kazananin-ilk-anlari-kamerada","status":"publish","type":"post","link":"https:\/\/ikimisli.tr\/index.php\/2025\/06\/16\/motokuryeye-olduresiye-carpmisti-feci-kazananin-ilk-anlari-kamerada\/","title":{"rendered":"Motokuryeye \u00f6ld\u00fcresiye \u00e7arpm\u0131\u015ft\u0131: Feci kazanan\u0131n ilk anlar\u0131 kamerada"},"content":{"rendered":"<p>\u00c7am\u00e7e\u015fme Mahallesi\u2019nde 8 \u015eubat\u2019ta meydana gelen olayda motokurye Fatih Ferah ile araba \u015fof\u00f6r\u00fc Vedat K\u0131z\u0131l ortas\u0131nda trafikte tart\u0131\u015fma \u00e7\u0131kt\u0131. Tart\u0131\u015fman\u0131n b\u00fcy\u00fcmesi \u00fczerine motokurye Ferah, araban\u0131n sa\u011f aynas\u0131n\u0131 k\u0131rd\u0131. Buna sonlanan araba \u015fof\u00f6r\u00fc Vedat K\u0131z\u0131l, arac\u0131yla \u00e7arpt\u0131\u011f\u0131 motokurye Ferah\u2019\u0131 park halindeki al\u0131ml\u0131 ile kendi arac\u0131 ortas\u0131nda s\u0131k\u0131\u015ft\u0131rd\u0131. A\u011f\u0131r yaralanan motokurye hastaneye kald\u0131r\u0131larak haftalarca tedavi g\u00f6rd\u00fc. G\u00f6zalt\u0131na al\u0131nan araba \u015fof\u00f6r\u00fc Vedat K\u0131z\u0131l ise \u00e7\u0131kar\u0131ld\u0131\u011f\u0131 mahkemece tutuklanarak cezaevine g\u00f6nderildi.<\/p>\n<p><b><strong>OLAYIN B\u0130R\u0130NC\u0130 \u0130MGELER\u0130 ORTAYA \u00c7IKTI<\/strong><\/b><\/p>\n<p>Trafikteki tart\u0131\u015fman\u0131n birinci imgeleri ortaya \u00e7\u0131kt\u0131. G\u00fcvenlik kameralar\u0131na yans\u0131yan imgelerde, araba \u015fof\u00f6r\u00fc Vedat K\u0131z\u0131l\u2019\u0131n, motokurye Fatih Ferah\u2019\u0131 araba ortas\u0131nda s\u0131k\u0131\u015ft\u0131rd\u0131\u011f\u0131 bunun \u00fczerine motosikletinden inen Ferah\u2019\u0131n motosikleti yerdeyken gaza basarak motosiklete ziyan verdi\u011fi manzaralar g\u00fcvenlik kameralar\u0131na yans\u0131d\u0131.<\/p>\n","protected":false},"excerpt":{"rendered":"<p>Pendik\u2019te motokurye Fatih Ferah trafikteki tart\u0131\u015fma sonras\u0131 Vedat K\u0131z\u0131l taraf\u0131ndan araba ile ezilmi\u015fti. K\u0131z\u0131l&#8217;\u0131n Ferah&#8217;\u0131 ezdi\u011fi ve al\u0131ml\u0131 ile araba ortas\u0131nda s\u0131k\u0131\u015ft\u0131rd\u0131\u011f\u0131 olay\u0131n \u00f6ncesine ili\u015fkin yeni imajlar ortaya \u00e7\u0131kt\u0131.<\/p>\n","protected":false},"author":1,"featured_media":47143,"comment_status":"open","ping_status":"open","sticky":false,"template":"","format":"standard","meta":{"footnotes":""},"categories":[25],"tags":[6786,5252,128],"class_list":["post-47142","post","type-post","status-publish","format-standard","has-post-thumbnail","hentry","category-gundem","tag-ferah","tag-motokurye","tag-otomobil"],"_links":{"self":[{"href":"https:\/\/ikimisli.tr\/index.php\/wp-json\/wp\/v2\/posts\/47142","targetHints":{"allow":["GET"]}}],"collection":[{"href":"https:\/\/ikimisli.tr\/index.php\/wp-json\/wp\/v2\/posts"}],"about":[{"href":"https:\/\/ikimisli.tr\/index.php\/wp-json\/wp\/v2\/types\/post"}],"author":[{"embeddable":true,"href":"https:\/\/ikimisli.tr\/index.php\/wp-json\/wp\/v2\/users\/1"}],"replies":[{"embeddable":true,"href":"https:\/\/ikimisli.tr\/index.php\/wp-json\/wp\/v2\/comments?post=47142"}],"version-history":[{"count":1,"href":"https:\/\/ikimisli.tr\/index.php\/wp-json\/wp\/v2\/posts\/47142\/revisions"}],"predecessor-version":[{"id":47144,"href":"https:\/\/ikimisli.tr\/index.php\/wp-json\/wp\/v2\/posts\/47142\/revisions\/47144"}],"wp:featuredmedia":[{"embeddable":true,"href":"https:\/\/ikimisli.tr\/index.php\/wp-json\/wp\/v2\/media\/47143"}],"wp:attachment":[{"href":"https:\/\/ikimisli.tr\/index.php\/wp-json\/wp\/v2\/media?parent=47142"}],"wp:term":[{"taxonomy":"category","embeddable":true,"href":"https:\/\/ikimisli.tr\/index.php\/wp-json\/wp\/v2\/categories?post=47142"},{"taxonomy":"post_tag","embeddable":true,"href":"https:\/\/ikimisli.tr\/index.php\/wp-json\/wp\/v2\/tags?post=47142"}],"curies":[{"name":"wp","href":"https:\/\/api.w.org\/{rel}","templated":true}]}}