{"id":47164,"date":"2025-06-16T13:48:10","date_gmt":"2025-06-16T13:48:10","guid":{"rendered":"https:\/\/ikimisli.tr\/?p=47164"},"modified":"2025-06-16T13:48:10","modified_gmt":"2025-06-16T13:48:10","slug":"japon-uzman-deprem-riski-olan-illeri-tek-tek-saydi-7-buyuklugunde-bekliyorum","status":"publish","type":"post","link":"https:\/\/ikimisli.tr\/index.php\/2025\/06\/16\/japon-uzman-deprem-riski-olan-illeri-tek-tek-saydi-7-buyuklugunde-bekliyorum\/","title":{"rendered":"Japon uzman deprem riski olan illeri tek tek sayd\u0131: 7 b\u00fcy\u00fckl\u00fc\u011f\u00fcnde bekliyorum"},"content":{"rendered":"<p>\u00a0<\/p>\n<p>Japon sars\u0131nt\u0131 uzman\u0131 Yoshinori Moriwaki, Sabah Gazetesi&#8217;nin YouTube kanal\u0131nda kat\u0131ld\u0131\u011f\u0131 programda k\u0131ymetli ihtarlarda bulundu.<\/p>\n<p><b>EGE&#8217;DE 7 B\u00dcY\u00dcKL\u00dc\u011e\u00dcNDE DEPREM<\/b><\/p>\n<p>Ege Denizi&#8217;ndeki zelzele f\u0131rt\u0131nas\u0131n\u0131 k\u0131ymetlendiren Moriwaki, 7 b\u00fcy\u00fckl\u00fc\u011f\u00fcnde bir zelzelenin Santorini etraf\u0131nda ger\u00e7ekle\u015febilece\u011fini belirtti.<\/p>\n<p>Bu cins bir zelzelenin, T\u00fcrkiye&#8217;nin g\u00fcney k\u0131y\u0131lar\u0131nda da hissedilece\u011fini s\u00f6z eden Japon uzman, &#8220;Mu\u011fla, Marmaris, Dat\u00e7a ve \u0130zmir \u00fczere b\u00f6lgelerde sars\u0131nt\u0131s\u0131 hissedebilirsiniz, lakin b\u00fcy\u00fck hasar olu\u015faca\u011f\u0131n\u0131 sanm\u0131yorum&#8221; dedi.<\/p>\n<p>Bununla birlikte, deniz i\u00e7indeki zelzeleler sonucu tsunami riskinin de olu\u015fabilece\u011fine dikkat \u00e7eken Moriwaki, en mak\u00fbs senaryoda tsunami dalgalar\u0131n\u0131n 3 metreye kadar y\u00fckselmesi m\u00fcmk\u00fcnl\u00fc\u011f\u00fcn\u00fc belirtti.<\/p>\n<p><b>&#8216;B\u00dcY\u00dcK ZELZELE MARMARA&#8217;DA KAPIDA&#8217;<\/b><\/p>\n<p>Moriwaki, Kahramanmara\u015f zelzelelerinin karasal zelzele oldu\u011funu belirten Moriwaki, Marmara B\u00f6lgesi&#8217;nde b\u00fcy\u00fck bir zelzelenin kap\u0131da oldu\u011funu s\u00f6z etti.<\/p>\n<p>Ayr\u0131ca, T\u00fcrkiye&#8217;deki yap\u0131lar\u0131n sars\u0131nt\u0131ya g\u00fc\u00e7l\u00fc hale getirilmesi gerekti\u011fini vurgulad\u0131 ve h\u00fck\u00fcmetin bu mevzuda daha fazla tedbir almas\u0131 gerekti\u011fini s\u00f6yledi.<\/p>\n<p><b>DEPREM R\u0130SK\u0130N\u0130N OLDU\u011eU 4 B\u00d6LGE<\/b><\/p>\n<p>Moriwaki, T\u00fcrkiye&#8217;deki d\u00f6rt kritik fay s\u0131n\u0131r\u0131 \u00fczerinde b\u00fcy\u00fck zelzeleler bekledi\u011fini vurgulad\u0131. Bu b\u00f6lgelerdeki sismik faaliyetlerin artmas\u0131 durumunda, 7 b\u00fcy\u00fckl\u00fc\u011f\u00fcnde b\u00fcy\u00fck zelzelelerin meydana gelmesi m\u00fcmk\u00fcnl\u00fc\u011f\u00fcn\u00fcn y\u00fcksek oldu\u011funu s\u00f6yledi.<\/p>\n<p>Bu d\u00f6rt b\u00f6lge \u015fu halde s\u0131raland\u0131:<\/p>\n<p>Do\u011fu Anadolu Fay S\u0131n\u0131r\u0131: Elaz\u0131\u011f&#8217;dan ba\u015flayarak Kahramanmara\u015f ve Hatay&#8217;a kadar uzanan bu \u00e7izgi \u00fczerinde b\u00fcy\u00fck zelzeleler ya\u015fanabilir.<\/p>\n<p>Bing\u00f6l-Karl\u0131ova B\u00f6lgesi: Bu b\u00f6lgedeki faal fay s\u0131n\u0131rlar\u0131n\u0131n uzun vadede b\u00fcy\u00fck bir sars\u0131nt\u0131ya yol a\u00e7abilece\u011fi tabir edildi.<\/p>\n<p>Bat\u0131 Anadolu Fay \u00c7izgisi: Ege B\u00f6lgesi&#8217;nde, k\u0131sa lakin \u00e7ok say\u0131da faal fay s\u0131n\u0131r\u0131 bulundu\u011funu belirten uzman, burada b\u00fcy\u00fck zelzeleler beklemedi\u011fini, fakat yeniden de riski g\u00f6z arkas\u0131 etmemek gerekti\u011fini s\u00f6yledi.<\/p>\n<p>Marmara B\u00f6lgesi: Bilhassa \u0130stanbul&#8217;un bulundu\u011fu Marmara B\u00f6lgesi&#8217;nin, b\u00fcy\u00fck bir zelzele tehdidi alt\u0131nda oldu\u011funu belirten Moriwaki, Marmara Denizi&#8217;ndeki g\u00fc\u00e7 birikiminin sars\u0131nt\u0131 riski olu\u015fturdu\u011funu s\u00f6z etti.<\/p>\n<p><b>TEHL\u0130KEL\u0130 \u0130LLER<\/b><\/p>\n<p>Moriwaki, T\u00fcrkiye&#8217;deki zelzelelerin domino ta\u015f\u0131 tesiri yaratabilece\u011fini belirterek, \u0130stanbul&#8217;a yak\u0131n b\u00f6lgelerde g\u00fc\u00e7 birikiminin artt\u0131\u011f\u0131n\u0131 ve bu durumun b\u00fcy\u00fck bir sars\u0131nt\u0131ya yol a\u00e7abilece\u011fini tabir etti.<\/p>\n<p>Ayr\u0131ca, Bing\u00f6l, Karl\u0131ova, Mu\u015f ve Bitlis \u00fczere b\u00f6lgelerin de tehlikeli oldu\u011funu s\u00f6yledi.<\/p>\n<p>Moriwaki, Japonya&#8217;da m\u00fcsaadesiz binalar\u0131n olmad\u0131\u011f\u0131n\u0131 ve T\u00fcrkiye&#8217;nin de bu bahiste daha s\u0131k\u0131 kontroller yapmas\u0131 gerekti\u011fini belirtti.<\/p>\n","protected":false},"excerpt":{"rendered":"<p>Japon zelzele uzman\u0131 Yoshinori Moriwaki, kat\u0131ld\u0131\u011f\u0131 son Youtube yay\u0131n\u0131nda sars\u0131nt\u0131 bekledi\u011fi b\u00f6lge ve vilayetleri sayd\u0131.<\/p>\n","protected":false},"author":1,"featured_media":47165,"comment_status":"open","ping_status":"open","sticky":false,"template":"","format":"standard","meta":{"footnotes":""},"categories":[25],"tags":[1655,285,1586,5037,856],"class_list":["post-47164","post","type-post","status-publish","format-standard","has-post-thumbnail","hentry","category-gundem","tag-bolge","tag-deprem","tag-hat","tag-moriwaki","tag-tur"],"_links":{"self":[{"href":"https:\/\/ikimisli.tr\/index.php\/wp-json\/wp\/v2\/posts\/47164","targetHints":{"allow":["GET"]}}],"collection":[{"href":"https:\/\/ikimisli.tr\/index.php\/wp-json\/wp\/v2\/posts"}],"about":[{"href":"https:\/\/ikimisli.tr\/index.php\/wp-json\/wp\/v2\/types\/post"}],"author":[{"embeddable":true,"href":"https:\/\/ikimisli.tr\/index.php\/wp-json\/wp\/v2\/users\/1"}],"replies":[{"embeddable":true,"href":"https:\/\/ikimisli.tr\/index.php\/wp-json\/wp\/v2\/comments?post=47164"}],"version-history":[{"count":1,"href":"https:\/\/ikimisli.tr\/index.php\/wp-json\/wp\/v2\/posts\/47164\/revisions"}],"predecessor-version":[{"id":47166,"href":"https:\/\/ikimisli.tr\/index.php\/wp-json\/wp\/v2\/posts\/47164\/revisions\/47166"}],"wp:featuredmedia":[{"embeddable":true,"href":"https:\/\/ikimisli.tr\/index.php\/wp-json\/wp\/v2\/media\/47165"}],"wp:attachment":[{"href":"https:\/\/ikimisli.tr\/index.php\/wp-json\/wp\/v2\/media?parent=47164"}],"wp:term":[{"taxonomy":"category","embeddable":true,"href":"https:\/\/ikimisli.tr\/index.php\/wp-json\/wp\/v2\/categories?post=47164"},{"taxonomy":"post_tag","embeddable":true,"href":"https:\/\/ikimisli.tr\/index.php\/wp-json\/wp\/v2\/tags?post=47164"}],"curies":[{"name":"wp","href":"https:\/\/api.w.org\/{rel}","templated":true}]}}