{"id":47184,"date":"2025-06-16T15:00:09","date_gmt":"2025-06-16T15:00:09","guid":{"rendered":"https:\/\/ikimisli.tr\/?p=47184"},"modified":"2025-06-16T15:00:09","modified_gmt":"2025-06-16T15:00:09","slug":"kopekler-en-cok-bu-rengi-seviyormus","status":"publish","type":"post","link":"https:\/\/ikimisli.tr\/index.php\/2025\/06\/16\/kopekler-en-cok-bu-rengi-seviyormus\/","title":{"rendered":"K\u00f6pekler en \u00e7ok bu rengi seviyormu\u015f"},"content":{"rendered":"<p>Hindistan&#8217;da yap\u0131lan bir ara\u015ft\u0131rma, sokak k\u00f6peklerinin en \u00e7ok sevdi\u011fi rengi ortaya \u00e7\u0131kard\u0131. Kalk\u00fcta&#8217;daki Hindistan bilim E\u011fitimi ve Ara\u015ft\u0131rma Enstit\u00fcs\u00fc taraf\u0131ndan ger\u00e7ekle\u015ftirilen \u00e7al\u0131\u015fmada, 130&#8217;dan fazla sokak k\u00f6pe\u011fi incelendi. Ara\u015ft\u0131rmac\u0131lar; k\u00f6peklerin \u00f6n\u00fcne sar\u0131, mavi ve gri mama kaplar\u0131 koyarak hangi rengi tercih ettiklerini ortaya \u00e7\u0131kard\u0131.<\/p>\n<p><b>EVR\u0130MSEL B\u0130R AVANTAJ OLAB\u0130L\u0130R<\/b><\/p>\n<p>Ara\u015ft\u0131rmaya dahil edilen birden fazla k\u00f6pek, sar\u0131 kab\u0131 se\u00e7ti. Bu da bilim d\u00fcnyas\u0131nda yeni bir tart\u0131\u015fmay\u0131 beraberinde getirdi&#8230; Ara\u015ft\u0131rma, hakemli bilim dergisi Animal Cognition&#8217;da yay\u0131mland\u0131. bilim insanlar\u0131, bu tercihlerin k\u00f6peklerin atalar\u0131ndan miras kalm\u0131\u015f olabilece\u011fini \u00f6ne s\u00fcr\u00fcyor&#8230;<\/p>\n<p>Sar\u0131 tonlar\u0131n\u0131n k\u00f6peklerin g\u00f6r\u00fc\u015f alan\u0131nda daha besbelli oldu\u011fu ve bu nedenle do\u011fal olarak tercih edilebilece\u011fi d\u00fc\u015f\u00fcn\u00fcl\u00fcyor.<\/p>\n<p><b>K\u00d6PEKLER HANG\u0130 RENKLER\u0130 G\u00d6REB\u0130L\u0130YOR?<\/b><\/p>\n<p>\u0130nsanlar kadar \u00e7ok renk varyasyonu g\u00f6remeseler de k\u00f6pekler de t\u0131pk\u0131 be\u015ferler \u00fczere renkleri g\u00f6rebiliyor. \u0130nsan g\u00f6z\u00fc, \u00fc\u00e7 farkl\u0131 koni h\u00fccresi sayesinde geni\u015f bir renk spektrumunu alg\u0131layabiliyor. Lakin k\u00f6peklerde s\u0131rf iki tip koni h\u00fccresi bulunuyor. Bu y\u00fczden k\u0131rm\u0131z\u0131, ye\u015fil ve turuncu tonlar\u0131n\u0131 ay\u0131rt edemiyorlar. Buna kar\u015f\u0131l\u0131k mavi ve sar\u0131 renkleri net bir halde g\u00f6rebildikleri biliniyor.<\/p>\n","protected":false},"excerpt":{"rendered":"<p>Be\u015ferler kadar \u00e7ok renk varyasyonu g\u00f6remeseler de k\u00f6pekler de t\u0131pk\u0131 be\u015ferler \u00fczere renkleri g\u00f6rebiliyor. Hatta favori renkleri bile var&#8230;<\/p>\n","protected":false},"author":1,"featured_media":47185,"comment_status":"open","ping_status":"open","sticky":false,"template":"","format":"standard","meta":{"footnotes":""},"categories":[43],"tags":[2093,115,6604],"class_list":["post-47184","post","type-post","status-publish","format-standard","has-post-thumbnail","hentry","category-dunya","tag-arastirma","tag-kopekler","tag-renk"],"_links":{"self":[{"href":"https:\/\/ikimisli.tr\/index.php\/wp-json\/wp\/v2\/posts\/47184","targetHints":{"allow":["GET"]}}],"collection":[{"href":"https:\/\/ikimisli.tr\/index.php\/wp-json\/wp\/v2\/posts"}],"about":[{"href":"https:\/\/ikimisli.tr\/index.php\/wp-json\/wp\/v2\/types\/post"}],"author":[{"embeddable":true,"href":"https:\/\/ikimisli.tr\/index.php\/wp-json\/wp\/v2\/users\/1"}],"replies":[{"embeddable":true,"href":"https:\/\/ikimisli.tr\/index.php\/wp-json\/wp\/v2\/comments?post=47184"}],"version-history":[{"count":1,"href":"https:\/\/ikimisli.tr\/index.php\/wp-json\/wp\/v2\/posts\/47184\/revisions"}],"predecessor-version":[{"id":47186,"href":"https:\/\/ikimisli.tr\/index.php\/wp-json\/wp\/v2\/posts\/47184\/revisions\/47186"}],"wp:featuredmedia":[{"embeddable":true,"href":"https:\/\/ikimisli.tr\/index.php\/wp-json\/wp\/v2\/media\/47185"}],"wp:attachment":[{"href":"https:\/\/ikimisli.tr\/index.php\/wp-json\/wp\/v2\/media?parent=47184"}],"wp:term":[{"taxonomy":"category","embeddable":true,"href":"https:\/\/ikimisli.tr\/index.php\/wp-json\/wp\/v2\/categories?post=47184"},{"taxonomy":"post_tag","embeddable":true,"href":"https:\/\/ikimisli.tr\/index.php\/wp-json\/wp\/v2\/tags?post=47184"}],"curies":[{"name":"wp","href":"https:\/\/api.w.org\/{rel}","templated":true}]}}