{"id":47251,"date":"2025-06-16T17:36:06","date_gmt":"2025-06-16T17:36:06","guid":{"rendered":"https:\/\/ikimisli.tr\/?p=47251"},"modified":"2025-06-16T17:36:06","modified_gmt":"2025-06-16T17:36:06","slug":"ispanya-basini-ancelottinin-arda-guler-hakkindaki-sozlerini-tartisiyor","status":"publish","type":"post","link":"https:\/\/ikimisli.tr\/index.php\/2025\/06\/16\/ispanya-basini-ancelottinin-arda-guler-hakkindaki-sozlerini-tartisiyor\/","title":{"rendered":"\u0130spanya bas\u0131n\u0131 Ancelotti&#8217;nin Arda G\u00fcler hakk\u0131ndaki s\u00f6zlerini tart\u0131\u015f\u0131yor"},"content":{"rendered":"<p>Real Madrid Teknik Y\u00f6neticisi Carlo Ancelotti&#8217;nin, az m\u00fcddet ald\u0131\u011f\u0131 i\u00e7in s\u0131k s\u0131k g\u00fcndeme gelen Arda G\u00fcler ile ilgili futbolcunun yak\u0131n etraf\u0131n\u0131 su\u00e7layan a\u00e7\u0131klamalar\u0131 \u0130spanyol bas\u0131n\u0131nda tart\u0131\u015f\u0131lmaya ba\u015fland\u0131.<\/p>\n<p>Real Madrid Teknik Y\u00f6neticisi Carlo Ancelotti, 25 \u015eubat&#8217;taki bas\u0131n toplant\u0131s\u0131nda Arda G\u00fcler ile ilgili gelen sorulara, &#8220;\u015e\u00fcphesi olan t\u00fcm futbolcular benim odama gelebilir. Ben herkesle konu\u015fuyorum. Arda ile de Endrick ile de \u00f6teki gen\u00e7lerle de daima konu\u015fuyorum. Okudu\u011fum kadar\u0131yla bir Arda G\u00fcler olay\u0131 var. Lakin bu olay bana ula\u015fmad\u0131.&#8221; kar\u015f\u0131l\u0131\u011f\u0131n\u0131 vermi\u015fti.<\/p>\n<p>Ancelotti&#8217;nin 25 \u015eubat&#8217;taki bas\u0131n toplant\u0131s\u0131nda, &#8220;Arda G\u00fcler hadisesi diye bir \u015fey yok lakin ba\u015fka be\u015ferlerle \u00e7ok fazla vakit ge\u00e7iriyor ve onlar\u0131n da benimle birebir fikirde olup olmad\u0131klar\u0131n\u0131 bilmiyorum.&#8221; formundaki a\u00e7\u0131klamas\u0131, \u0130spanyol medyas\u0131nda \u00f6ne \u00e7\u0131kar\u0131ld\u0131.<\/p>\n<p><b>ANCELOTTI &#8216;BA\u015eKALARIYLA DAHA UZUN M\u00dcDDET B\u0130RL\u0130KTE&#8217; DEM\u0130\u015eT\u0130<\/b><\/p>\n<p>Real Madrid&#8217;in d\u00fcnyan\u0131n en uygun grubu oldu\u011funu, en \u00fcst seviye futbolculara sahip oldu\u011funu ve rekabetin en \u00fcst seviyede oldu\u011funu ve herkesin bunu bildi\u011fini aktaran Ancelotti, &#8220;Ben oynad\u0131\u011f\u0131 vakit futbolcuyu memnun g\u00f6rmek istiyorum. Oynamak istemeleri ola\u011fan ve oynamak isteyenler \u00e7al\u0131\u015fmal\u0131, \u00f6\u011frenmeli. Fakat ben onunla (Arda G\u00fcler) k\u0131sa bir vakit ge\u00e7iriyorum. Di\u011ferleriyle daha uzun m\u00fcddet birlikte. Ve onlar\u0131n benimle t\u0131pk\u0131 fikirde olup olmad\u0131klar\u0131n\u0131 bilmiyorum. Oynamas\u0131, haz\u0131r olmas\u0131, \u00e7al\u0131\u015fmas\u0131 i\u00e7in benimle birebir g\u00f6r\u00fc\u015fteler mi bilmiyorum. Bu ba\u011flant\u0131 eksikli\u011fi.&#8221; demi\u015fti.<\/p>\n<p><b>CARRENO: ALI\u015eILMI\u015eIN DI\u015eINDA<\/b><\/p>\n<p>\u0130spanya&#8217;n\u0131n en \u00e7ok dinlenen spor programlar\u0131ndan olan Cadena Ser radyosundaki &#8220;El Larguero&#8221; isimli program\u0131 haz\u0131rlayan gazeteci Manuel Bartolome Carreno, Ancelotti&#8217;nin Arda G\u00fcler hakk\u0131ndaki kelamlar\u0131n\u0131n &#8220;al\u0131\u015f\u0131lm\u0131\u015f\u0131n d\u0131\u015f\u0131nda&#8221; oldu\u011funa dikkati \u00e7ekti.<\/p>\n<p>Carreno, &#8220;Ancelotti, Arda&#8217;n\u0131n kendisine yard\u0131m etmeyen birtak\u0131m be\u015ferlerle \u00e7ok fazla vakit ge\u00e7irdi\u011fini s\u00f6yl\u00fcyor. Bu Arda ve onun etraf\u0131na \u00e7ok direkt bir iletidir. Ya anlarlar ya da anlamak zorunda kal\u0131rlar.&#8221; dedi.<\/p>\n<p><b>GARRIDO: ANCELOTTI&#8217;Y\u0130 RAHATSIZ EDEN \u015eEY&#8230;<\/b><\/p>\n<p>Radyo program\u0131ndaki \u00f6teki bir \u0130spanyol gazeteci Dani Garrido da, Arda&#8217;n\u0131n A Ulusal Ekip ile Avrupa Kupas\u0131&#8217;nda \u00e7ok d\u00fczg\u00fcn i\u015f \u00e7\u0131kard\u0131\u011f\u0131n\u0131, gerisinde t\u00fcm \u00fclkenin dayana\u011f\u0131n\u0131n oldu\u011funu lakin mevcut haliyle Real Madrid&#8217;in hamle kanad\u0131nda oynamas\u0131n\u0131n g\u00fc\u00e7 oldu\u011funu, Ancelotti&#8217;nin anlatmak istedi\u011finin de bu oldu\u011funu s\u00f6z etti.<\/p>\n<p>Garrido, &#8220;Ancelotti&#8217;yi rahats\u0131z eden \u015fey, daha fazla oynamas\u0131 i\u00e7in G\u00fcler&#8217;in etraf\u0131ndan ona bask\u0131 yap\u0131lmas\u0131. Bunun i\u00e7in Ancelotti, ona rastgele bir hal koymuyor fakat rahats\u0131z oldu\u011fu g\u00f6r\u00fcl\u00fcyor. Zira ola\u011fanda bu \u00e7e\u015fit iletiler g\u00f6ndermeyen Ancelotti, neredeyse hi\u00e7 duyulmam\u0131\u015f ve al\u0131\u015f\u0131lmad\u0131k bir reaksiyon verdi.&#8221; yorumunda bulundu.<\/p>\n<p><b>MARCA: ANCELOTTI&#8217;DEN YEN\u0130 B\u0130R DERS<\/b><\/p>\n<p>Di\u011fer yandan Marca gazetesi de, &#8220;Ancelotti&#8217;den yeni bir ders.&#8221; diye yazarak, \u0130talyan teknik adam\u0131n Arda ve Endrick i\u00e7in s\u00f6yledi\u011fi kelamlar\u0131n &#8220;Gen\u00e7ler zaten deneyime sahip olamazlar. Bunun i\u00e7in vakit gerekir.&#8221; manas\u0131na geldi\u011fini vurgulad\u0131.<\/p>\n<p>\u0130spanyol spor gazetesi, futbolda 40 y\u0131ldan fazla bir deneyimi olan \u0130talyan teknik adam\u0131n, muvaffakiyetin meyvelerini toplamadan evvel herkesin bir yol kat etmesi ve sab\u0131rl\u0131 olmas\u0131 gerekti\u011fini futbolcular\u0131na a\u015f\u0131lamak istedi\u011fini kaydetti.<\/p>\n<p>As gazetesi de Ancelotti&#8217;nin &#8220;ahlaki bir tonla&#8221; konu\u015ftu\u011funu ve &#8220;Anlam\u0131yorlarsa anlamal\u0131lar.&#8221; diyerek Arda G\u00fcler ve Endrick&#8217;e ders verdi\u011fini belirtti.<\/p>\n","protected":false},"excerpt":{"rendered":"<p>\u0130spanyol bas\u0131n\u0131, Real Madrid Teknik Y\u00f6neticisi Carlo Ancelotti&#8217;nin ulusal futbolcu Arda G\u00fcler&#8217;in etraf\u0131n\u0131 ama\u00e7 alan kelamlar\u0131n\u0131 tart\u0131\u015f\u0131yor.<\/p>\n","protected":false},"author":1,"featured_media":47252,"comment_status":"open","ping_status":"open","sticky":false,"template":"","format":"standard","meta":{"footnotes":""},"categories":[30],"tags":[4549,4253,721],"class_list":["post-47251","post","type-post","status-publish","format-standard","has-post-thumbnail","hentry","category-spor","tag-ancelotti","tag-arda","tag-arda-guler"],"_links":{"self":[{"href":"https:\/\/ikimisli.tr\/index.php\/wp-json\/wp\/v2\/posts\/47251","targetHints":{"allow":["GET"]}}],"collection":[{"href":"https:\/\/ikimisli.tr\/index.php\/wp-json\/wp\/v2\/posts"}],"about":[{"href":"https:\/\/ikimisli.tr\/index.php\/wp-json\/wp\/v2\/types\/post"}],"author":[{"embeddable":true,"href":"https:\/\/ikimisli.tr\/index.php\/wp-json\/wp\/v2\/users\/1"}],"replies":[{"embeddable":true,"href":"https:\/\/ikimisli.tr\/index.php\/wp-json\/wp\/v2\/comments?post=47251"}],"version-history":[{"count":1,"href":"https:\/\/ikimisli.tr\/index.php\/wp-json\/wp\/v2\/posts\/47251\/revisions"}],"predecessor-version":[{"id":47253,"href":"https:\/\/ikimisli.tr\/index.php\/wp-json\/wp\/v2\/posts\/47251\/revisions\/47253"}],"wp:featuredmedia":[{"embeddable":true,"href":"https:\/\/ikimisli.tr\/index.php\/wp-json\/wp\/v2\/media\/47252"}],"wp:attachment":[{"href":"https:\/\/ikimisli.tr\/index.php\/wp-json\/wp\/v2\/media?parent=47251"}],"wp:term":[{"taxonomy":"category","embeddable":true,"href":"https:\/\/ikimisli.tr\/index.php\/wp-json\/wp\/v2\/categories?post=47251"},{"taxonomy":"post_tag","embeddable":true,"href":"https:\/\/ikimisli.tr\/index.php\/wp-json\/wp\/v2\/tags?post=47251"}],"curies":[{"name":"wp","href":"https:\/\/api.w.org\/{rel}","templated":true}]}}