{"id":47274,"date":"2025-06-16T19:00:13","date_gmt":"2025-06-16T19:00:13","guid":{"rendered":"https:\/\/ikimisli.tr\/?p=47274"},"modified":"2025-06-16T19:00:13","modified_gmt":"2025-06-16T19:00:13","slug":"konyada-otomobil-havaya-uctu-1i-bebek-2-olu-2-yarali","status":"publish","type":"post","link":"https:\/\/ikimisli.tr\/index.php\/2025\/06\/16\/konyada-otomobil-havaya-uctu-1i-bebek-2-olu-2-yarali\/","title":{"rendered":"Konya&#8217;da otomobil havaya u\u00e7tu: 1&#8217;i bebek 2 \u00f6l\u00fc, 2 yaral\u0131"},"content":{"rendered":"<p>Konya&#8217;da, hastaneden \u00e7\u0131kan bir ailenin arabas\u0131nda meydana gelen patlamada 3 ayl\u0131k Mustafa \u00c7akmak ile 18 ya\u015f\u0131ndaki teyzesi Rabia Y\u0131ld\u0131z \u00a0hayat\u0131n\u0131 kaybetti. Patlamada, 22 ya\u015f\u0131ndaki baba Halil \u00c7akmak ve anne Fatma \u00c7akmak ise yaraland\u0131. Patlaman\u0131n birinci belirlemeye nazaran, arabada bulunan oksijen t\u00fcp\u00fcnden kaynakland\u0131\u011f\u0131 \u00f6\u011frenildi.<\/p>\n<p><img decoding=\"async\" src=\"https:\/\/ikimisli.tr\/wp-content\/uploads\/2025\/06\/konyada-otomobil-havaya-uctu-1i-bebek-2-olu-2-yarali-0-sdY5FDYT.jpg\"\/><\/p>\n<p>Al\u0131nan bilgiye g\u00f6re Sel\u00e7uk \u00dcniversitesi T\u0131p Fak\u00fcltesi Hastanesi&#8217;nden \u00e7\u0131kan bir ailenin i\u00e7erisinde bulundu\u011fu 42 D 9030 plakal\u0131 arabada \u015fimdi belirlenemeyen bir sebeple patlama meydana geldi.\u00a0<\/p>\n<p>112 Acil Davet Merkezi&#8217;ne yap\u0131lan ihbar \u00fczerine olay yerine itfaiye, s\u0131hhat ve polis tak\u0131mlar\u0131 y\u00f6nlendirildi.\u00a0<\/p>\n<p>\u0130tfaiye tak\u0131mlar\u0131n\u0131n m\u00fcdahalesi sonucu yang\u0131n s\u00f6nd\u00fcr\u00fcl\u00fcrken, patlamada arabada bulunan 3 ayl\u0131k Mustafa \u00c7akmak ile teyzesi Rabia Y\u0131ld\u0131z\u2019\u0131n olay yerinde hayat\u0131n\u0131 yitirdi\u011fi belirlendi. Fatma \u00c7akmak ile e\u015fi Halil \u00c7akmak ise yaraland\u0131. Yaral\u0131 kar\u0131- koca ambulansla Sel\u00e7uk \u00dcniversitesi T\u0131p Fak\u00fcltesi Hastanesi\u2019ne kald\u0131r\u0131ld\u0131.<\/p>\n<p><b>YEN\u0130DO\u011eAN SERV\u0130S\u0130NDEN TABURCU OLMU\u015e<\/b><\/p>\n<p>Patlamadan evvel Fatma ve Halil \u00c7akmak \u00e7iftinin, tedavi g\u00f6rd\u00fc\u011f\u00fc yenido\u011fan servisinden taburcu olan 3 ayl\u0131k bebekleri Mustafa\u2019y\u0131 alarak meskenlerine ger\u00e7ek yola \u00e7\u0131kacaklar\u0131 \u00f6\u011frenildi. Patlaman\u0131n ise birinci belirlemelere nazaran arabada bulunan oksijen t\u00fcp\u00fcnden kaynaklad\u0131\u011f\u0131 belirtildi. Olayla ilgili soru\u015fturma s\u00fcrd\u00fcr\u00fcl\u00fcyor.\u00a0<\/p>\n<p><img decoding=\"async\" src=\"https:\/\/ikimisli.tr\/wp-content\/uploads\/2025\/06\/konyada-otomobil-havaya-uctu-1i-bebek-2-olu-2-yarali-1-L5kBydH8.jpg\"\/><\/p>\n","protected":false},"excerpt":{"rendered":"<p>Konya&#8217;da bir ailenin arabas\u0131nda meydana gelen patlama sonucu 3 ayl\u0131k Mustafa \u00c7akmak ile teyzesi \u00f6mr\u00fcn\u00fc yitirirken, anne ve baba yaraland\u0131.<\/p>\n","protected":false},"author":1,"featured_media":47275,"comment_status":"open","ping_status":"open","sticky":false,"template":"","format":"standard","meta":{"footnotes":""},"categories":[25],"tags":[2749,300],"class_list":["post-47274","post","type-post","status-publish","format-standard","has-post-thumbnail","hentry","category-gundem","tag-cakmak","tag-patlama"],"_links":{"self":[{"href":"https:\/\/ikimisli.tr\/index.php\/wp-json\/wp\/v2\/posts\/47274","targetHints":{"allow":["GET"]}}],"collection":[{"href":"https:\/\/ikimisli.tr\/index.php\/wp-json\/wp\/v2\/posts"}],"about":[{"href":"https:\/\/ikimisli.tr\/index.php\/wp-json\/wp\/v2\/types\/post"}],"author":[{"embeddable":true,"href":"https:\/\/ikimisli.tr\/index.php\/wp-json\/wp\/v2\/users\/1"}],"replies":[{"embeddable":true,"href":"https:\/\/ikimisli.tr\/index.php\/wp-json\/wp\/v2\/comments?post=47274"}],"version-history":[{"count":1,"href":"https:\/\/ikimisli.tr\/index.php\/wp-json\/wp\/v2\/posts\/47274\/revisions"}],"predecessor-version":[{"id":47278,"href":"https:\/\/ikimisli.tr\/index.php\/wp-json\/wp\/v2\/posts\/47274\/revisions\/47278"}],"wp:featuredmedia":[{"embeddable":true,"href":"https:\/\/ikimisli.tr\/index.php\/wp-json\/wp\/v2\/media\/47275"}],"wp:attachment":[{"href":"https:\/\/ikimisli.tr\/index.php\/wp-json\/wp\/v2\/media?parent=47274"}],"wp:term":[{"taxonomy":"category","embeddable":true,"href":"https:\/\/ikimisli.tr\/index.php\/wp-json\/wp\/v2\/categories?post=47274"},{"taxonomy":"post_tag","embeddable":true,"href":"https:\/\/ikimisli.tr\/index.php\/wp-json\/wp\/v2\/tags?post=47274"}],"curies":[{"name":"wp","href":"https:\/\/api.w.org\/{rel}","templated":true}]}}