{"id":47359,"date":"2025-06-17T00:12:09","date_gmt":"2025-06-17T00:12:09","guid":{"rendered":"https:\/\/ikimisli.tr\/?p=47359"},"modified":"2025-06-17T00:12:09","modified_gmt":"2025-06-17T00:12:09","slug":"iklim-kanunu-teklifi-komisyondan-gecti","status":"publish","type":"post","link":"https:\/\/ikimisli.tr\/index.php\/2025\/06\/17\/iklim-kanunu-teklifi-komisyondan-gecti\/","title":{"rendered":"\u0130klim Kanunu Teklifi komisyondan ge\u00e7ti"},"content":{"rendered":"<p>\u00c7evre Kurulu, 20 maddelik \u0130klim Kanunu Teklifi&#8217;ni kabul etti. \u0130klim de\u011fi\u015fikli\u011fi ile u\u011fra\u015f kapsam\u0131nda yap\u0131ld\u0131\u011f\u0131 vurgulanan kanun teklifi muhalefet taraf\u0131ndan sermaye yanl\u0131s\u0131 olmak ve iklim de\u011fi\u015fikli\u011fi ile etraf konusunda gerekli ad\u0131mlar\u0131 atmamakla ele\u015ftirildi.\u00a0<\/p>\n<p><b>\u00d6NLEMLER ALINACAK<\/b><\/p>\n<p>Kanun teklifine nazaran, Ulusal Katk\u0131 Beyan\u0131, net s\u0131f\u0131r emisyon gayesi ve Ba\u015fkanl\u0131k taraf\u0131ndan yay\u0131mlanan yahut g\u00fcncellenen strateji ve aksiyon planlar\u0131 do\u011frultusunda; ilgili kurum ve kurulu\u015flarca iklim de\u011fi\u015fikli\u011fi ile ba\u011fl\u0131 mevcut yahut m\u00fcmk\u00fcn kay\u0131p ve ziyanlar\u0131 \u00f6nlemeye, riskleri en aza indirmeye yahut f\u0131rsatlardan yararlanmaya y\u00f6nelik ahenk faaliyetleri ger\u00e7ekle\u015ftirecek. Ulusal Katk\u0131 Beyan\u0131nda, net s\u0131f\u0131r emisyon amac\u0131 do\u011frultusunda \u00fclkenin kalk\u0131nma \u00f6ncelikleri ve \u00f6zel \u015fartlar\u0131 g\u00f6z \u00f6n\u00fcnde bulundurulacak ve bu \u00e7er\u00e7evede tedbirler al\u0131nacak.<\/p>\n<p><b>PLANLAMA YAPILACAK<\/b><\/p>\n<p>\u0130klim de\u011fi\u015fikli\u011finin tesirlerine kar\u015f\u0131 su kaynaklar\u0131n\u0131n faal idaresini sa\u011flamak \u00fczere planlama ara\u00e7lar\u0131, ilgili kamu kurum ve kurulu\u015flar\u0131nca haz\u0131rlacak ve uygulanacak. \u00d6te yandan tar\u0131m dal\u0131n\u0131n s\u00fcrd\u00fcr\u00fclebilirli\u011fini teminen iklim de\u011fi\u015fikli\u011fine diren\u00e7li eser deseni ile besin g\u00fcvenli\u011finin sa\u011flanmas\u0131 gayeleri do\u011frultusunda; do\u011fal kaynaklar\u0131n, ekosistemlerin ve biyolojik \u00e7e\u015fitlili\u011fin m\u00fcdafaa kullanma istikrar\u0131n\u0131n g\u00f6zetilecek ve gereksinim duyulan tekniklerin ve teknolojilerin yayg\u0131nla\u015ft\u0131r\u0131lmas\u0131 suretiyle, tar\u0131m dal\u0131nda ekosistem temelli ahenk yakla\u015f\u0131m\u0131n\u0131, tabiat temelli tahlilleri ve su b\u00fct\u00e7esini dikkate alan planlama ara\u00e7lar\u0131 geli\u015ftirilecek.\u00a0<\/p>\n<p><b>\u0130L \u0130KL\u0130M DE\u011e\u0130\u015e\u0130KL\u0130\u011e\u0130 KOORD\u0130NASYON KURULU KURULACAK<\/b><\/p>\n<p>Tedbirlerin al\u0131nmas\u0131 gayesiyle ve kurumlar ortas\u0131 uyumu sa\u011flamak ismine \u0130klim De\u011fi\u015fikli\u011fi Ba\u015fkanl\u0131\u011f\u0131 yetkili organ olacak. \u0130klim de\u011fi\u015fikli\u011fi strateji ve hareket planlar\u0131; sera gaz\u0131 emisyonlar\u0131n\u0131n azalt\u0131m\u0131 ve iklim de\u011fi\u015fikli\u011fine ahenk faaliyetlerinin ger\u00e7ekle\u015ftirilmesi emeliyle Ba\u015fkanl\u0131k uyumunda, ilgili kurum ve kurulu\u015flar\u0131n i\u015f birli\u011fi ile d\u00f6nemsel olarak ulusal \u00f6l\u00e7ekte haz\u0131rlanacak ve gerekti\u011finde ulusal yahut b\u00f6lgesel \u00f6l\u00e7ekte g\u00fcncellenecek. \u0130lin kurallar\u0131na uygun olarak strateji, aksiyon ve uygulama alanlar\u0131n\u0131 belirlemek ve bunlar\u0131n uygulanmas\u0131n\u0131 sa\u011flamak \u00fczere her vilayette Vali Ba\u015fkanl\u0131\u011f\u0131nda, ilgili kurum ve kurulu\u015flar\u0131n varsa vilayet yahut b\u00f6lge te\u015fkilat temsilcileri ile lokal idarelerin temsilcilerinden olu\u015fan Vilayet \u0130klim De\u011fi\u015fikli\u011fi Koordinasyon Kurulu kurulacak.<\/p>\n<p><b>SINIRDA KARBON D\u00dcZENLEME D\u00dcZENE\u011e\u0130 KURULAB\u0130LECEK<\/b><\/p>\n<p>Kanun Teklifine nazaran; kurum ve kurulu\u015flarca iklim de\u011fi\u015fikli\u011fi ile gayret emeliyle yap\u0131lacak faaliyetler ve yat\u0131r\u0131mlar i\u00e7in; iklim finansman\u0131 ve iklim de\u011fi\u015fikli\u011fiyle \u00e7aba te\u015fviki kaynaklar\u0131n\u0131n geli\u015ftirilmesi, kullan\u0131lmas\u0131, sigorta ara\u00e7lar\u0131n\u0131n geli\u015ftirilmesi, ye\u015fil ve s\u00fcrd\u00fcr\u00fclebilir sermaye piyasas\u0131 ara\u00e7lar\u0131n\u0131n, banka finansman\u0131n\u0131n ve \u00f6b\u00fcr finansman ara\u00e7lar\u0131n\u0131n te\u015fvik edilmesi temel olacak. Bu kapsamda \u0130klim De\u011fi\u015fikli\u011fi Ba\u015fkanl\u0131\u011f\u0131; ulusal, sekt\u00f6rel ve tematik raporlar haz\u0131rlayarak finansal kaynaklar\u0131 iklim de\u011fi\u015fikli\u011fi ile \u00e7aba yat\u0131r\u0131mlar\u0131na y\u00f6nlendirmeyi kolayla\u015ft\u0131rmak \u00fczere iklim de\u011fi\u015fikli\u011fi te\u015fvik d\u00fczenekleri geli\u015ftirecek T\u00fcrkiye Ye\u015fil Taksonomisini kuracak.\u00a0<\/p>\n<p>T\u00fcrkiye G\u00fcmr\u00fck B\u00f6lgesinde ithal edilen mallar\u0131n g\u00f6m\u00fcl\u00fc sera gaz\u0131 emisyonlar\u0131n\u0131 ele almak i\u00e7in Hudutta Karbon D\u00fczenleme Sistemi kurulabilecek. SKDM\u2019ye ait raporlama, kapsam, i\u00e7erik, adap ve temeller ilgili bakanl\u0131klarla koordineli olarak Ticaret Bakanl\u0131\u011f\u0131 taraf\u0131ndan belirlenecek.\u00a0<\/p>\n<p><b>EM\u0130SYON T\u0130CARET S\u0130STEM\u0130 KURULACAK\u00a0<\/b><\/p>\n<p>\u0130klim De\u011fi\u015fikli\u011fi Ba\u015fkanl\u0131\u011f\u0131 taraf\u0131ndan Emisyon Ticaret Sistemi (ETS) kurularak ulusal tahsisat planlamas\u0131 haz\u0131rlanacak ve tahsisatlar\u0131n da\u011f\u0131t\u0131m\u0131 yap\u0131lacak. Bu kapsamda esneklik d\u00fczenekleri ile piyasa istikrar sistemleri da geli\u015ftirilebilecek. ETS kapsam\u0131nda as\u0131llar\u0131 y\u00f6netmelikle belirlenen direkt sera gaz\u0131 emisyonlar\u0131na neden olan faaliyetleri y\u00fcr\u00fcten i\u015fletmeler, bu faaliyetleri ger\u00e7ekle\u015ftirebilmek i\u00e7in Ba\u015fkanl\u0131ktan sera gaz\u0131 emisyon m\u00fcsaadesi almas\u0131 zarur\u00ee tutulacak.\u00a0<\/p>\n<p>ETS kapsam\u0131nda tahsisat y\u00fck\u00fcml\u00fcl\u00fcklerinin bir k\u0131sm\u0131n\u0131n muadil \u00f6l\u00e7\u00fcde karbon kredisi ile kar\u015f\u0131lanmas\u0131 gayesiyle denkle\u015ftirme yap\u0131lmas\u0131na m\u00fcsaade verilecek.\u00a0<\/p>\n<p><b>F\u0130NANSAL ARA\u00c7LARA A\u0130T ESASLAR\u00a0<\/b><\/p>\n<p>Kurum ve kurulu\u015flarca iklim de\u011fi\u015fikli\u011fi ile u\u011fra\u015f gayesiyle yap\u0131lacak faaliyetler ve yat\u0131r\u0131mlar i\u00e7in iklim finansman\u0131 ve iklim de\u011fi\u015fikli\u011fiyle u\u011fra\u015f te\u015fviki kaynaklar\u0131n\u0131n geli\u015ftirilmesi, kullan\u0131lmas\u0131, sigorta ara\u00e7lar\u0131n\u0131n geli\u015ftirilmesi, ye\u015fil ve s\u00fcrd\u00fcr\u00fclebilir sermaye piyasas\u0131 ara\u00e7lar\u0131n\u0131n, banka finansman\u0131n\u0131n ve \u00f6teki finansman ara\u00e7lar\u0131n\u0131n te\u015fvik edilmesi temel olacak.<\/p>\n<p>D\u00f6ng\u00fcsel iktisat ama\u00e7lar\u0131 ve s\u0131f\u0131r at\u0131k uygulamalar\u0131 \u00e7er\u00e7evesinde eserlerin yine kullan\u0131m\u0131, at\u0131klar\u0131n yan eser, alternatif hammadde olarak kullan\u0131lmas\u0131 ve geri d\u00f6n\u00fc\u015f\u00fcm, geri kazan\u0131m ile elde edilen eserlerin zarur\u00ee kullan\u0131m oranlar\u0131n\u0131n belirlenmesine y\u00f6nelik \u00e7al\u0131\u015fmalar ilgili bakanl\u0131klarla koordineli olarak Etraf, \u015eehircilik ve \u0130klim De\u011fi\u015fikli\u011fi Bakanl\u0131\u011f\u0131 taraf\u0131ndan yap\u0131lacak ve buna dair takviye d\u00fczenekleri geli\u015ftirilecek.<\/p>\n","protected":false},"excerpt":{"rendered":"<p>TBMM Etraf Komisyonunda g\u00f6r\u00fc\u015f\u00fclen \u0130klim Kanunu Teklifi kabul edildi. Teklifin \u00f6n\u00fcm\u00fczdeki haftalarda Genel Heyet g\u00fcndemine gelmesi bekleniyor. Teklife nazaran; \u0130klim De\u011fi\u015fikli\u011fi Ba\u015fkanl\u0131\u011f\u0131 taraf\u0131ndan Emisyon Ticaret Sistemi (ETS) ve her vilayette Vali Ba\u015fkanl\u0131\u011f\u0131nda vilayet yahut b\u00f6lge te\u015fkilat temsilcileri ile lokal idarelerin temsilcilerinden olu\u015fan Vilayet \u0130klim De\u011fi\u015fikli\u011fi Koordinasyon Kurulu kurulmas\u0131 hedefleniyor.<\/p>\n","protected":false},"author":1,"featured_media":47360,"comment_status":"open","ping_status":"open","sticky":false,"template":"","format":"standard","meta":{"footnotes":""},"categories":[25],"tags":[5448,3397,6803,3824,6672],"class_list":["post-47359","post","type-post","status-publish","format-standard","has-post-thumbnail","hentry","category-gundem","tag-araclari","tag-emisyon","tag-faaliyetler","tag-finansman","tag-iklim-degisikligi"],"_links":{"self":[{"href":"https:\/\/ikimisli.tr\/index.php\/wp-json\/wp\/v2\/posts\/47359","targetHints":{"allow":["GET"]}}],"collection":[{"href":"https:\/\/ikimisli.tr\/index.php\/wp-json\/wp\/v2\/posts"}],"about":[{"href":"https:\/\/ikimisli.tr\/index.php\/wp-json\/wp\/v2\/types\/post"}],"author":[{"embeddable":true,"href":"https:\/\/ikimisli.tr\/index.php\/wp-json\/wp\/v2\/users\/1"}],"replies":[{"embeddable":true,"href":"https:\/\/ikimisli.tr\/index.php\/wp-json\/wp\/v2\/comments?post=47359"}],"version-history":[{"count":1,"href":"https:\/\/ikimisli.tr\/index.php\/wp-json\/wp\/v2\/posts\/47359\/revisions"}],"predecessor-version":[{"id":47361,"href":"https:\/\/ikimisli.tr\/index.php\/wp-json\/wp\/v2\/posts\/47359\/revisions\/47361"}],"wp:featuredmedia":[{"embeddable":true,"href":"https:\/\/ikimisli.tr\/index.php\/wp-json\/wp\/v2\/media\/47360"}],"wp:attachment":[{"href":"https:\/\/ikimisli.tr\/index.php\/wp-json\/wp\/v2\/media?parent=47359"}],"wp:term":[{"taxonomy":"category","embeddable":true,"href":"https:\/\/ikimisli.tr\/index.php\/wp-json\/wp\/v2\/categories?post=47359"},{"taxonomy":"post_tag","embeddable":true,"href":"https:\/\/ikimisli.tr\/index.php\/wp-json\/wp\/v2\/tags?post=47359"}],"curies":[{"name":"wp","href":"https:\/\/api.w.org\/{rel}","templated":true}]}}