{"id":47382,"date":"2025-06-17T01:36:05","date_gmt":"2025-06-17T01:36:05","guid":{"rendered":"https:\/\/ikimisli.tr\/?p=47382"},"modified":"2025-06-17T01:36:05","modified_gmt":"2025-06-17T01:36:05","slug":"senol-gunes-haciosmanoglu-baskanimi-uzmusuz","status":"publish","type":"post","link":"https:\/\/ikimisli.tr\/index.php\/2025\/06\/17\/senol-gunes-haciosmanoglu-baskanimi-uzmusuz\/","title":{"rendered":"\u015eenol G\u00fcne\u015f: Hac\u0131osmano\u011flu ba\u015fkan\u0131m\u0131 \u00fczm\u00fc\u015f\u00fcz"},"content":{"rendered":"<p>Ziraat Turkiye Kupas\u0131 A K\u00fcmesi 3&#8217;\u00fcnc\u00fc hafta ma\u00e7\u0131nda Trabzonspor, alan\u0131nda Rizespor\u2019u 5-2 maglup ederek \u00e7eyrek finale y\u00fckseldi. Trabzonspor Teknik Y\u00f6neticisi \u015eenol G\u00fcne\u015f kar\u015f\u0131la\u015fma sonras\u0131nda d\u00fczenlenen bas\u0131n toplant\u0131s\u0131nda a\u00e7\u0131klamalarda bulundu.<\/p>\n<p>Ge\u00e7en haftaki a\u00e7\u0131klamas\u0131n\u0131 hat\u0131rlatarak T\u00fcrkiye Futbol Federasyonu (TFF) Ba\u015fkan\u0131 \u0130brahim Hac\u0131osmano\u011flu&#8217;nu \u00fczmek istemedi\u011fini belirten \u015eenol G\u00fcne\u015f, &#8220;Kul\u00fcb\u00fcn yapt\u0131\u011f\u0131 a\u00e7\u0131klama ile ilgili ben yeni bir \u015fey s\u00f6ylemeyeyim. Ge\u00e7en hafta telaffuzlar\u0131m beni biraz dolmu\u015fa getirdiniz, soru sordunuz bana. Hac\u0131osmano\u011flu ba\u015fkan\u0131m\u0131 \u00fczm\u00fc\u015f\u00fcz, bana ileti att\u0131. Hac\u0131osmano\u011flu&#8217;na s\u00f6yl\u00fcyorum; seni kand\u0131r\u0131yorlar. Senin tarafs\u0131z olman laz\u0131m. Dikkat et.. Topluluklarda bir taraf olma, sen tarafs\u0131zs\u0131n, hepsinin \u00fcst\u00fcndesin. Federasyon ba\u015fkan\u0131 \u00f6nemli bir yer. Sen d\u00fczg\u00fcn bir adams\u0131n, delikanl\u0131 bir adams\u0131n. Etraf\u0131nda seni dolmu\u015fa getirip birtak\u0131m beyanat verdirip birinci d\u00fc\u011fmeyi sana yanl\u0131\u015f ba\u011flat\u0131yorlar, alttaki d\u00fc\u011fmeyle seni d\u00f6v\u00fc\u015ft\u00fcr\u00fcyorlar. Sizin lider olarak buraya gelmeniz. Bunu ni\u00e7in s\u00f6yl\u00fcyorum, futbol adam\u0131 olarak. Bug\u00fcn ma\u00e7 kazanm\u0131\u015f olabiliriz. Hi\u00e7 de\u011fi\u015fmiyor. Yani bizim oyunun nizam\u0131n\u0131 bozmak i\u00e7in her \u015feyi yap\u0131l\u0131yor. \u0130nsan sonlan\u0131yor, oyuncu sonlan\u0131yor. Kusur yapmaya ba\u015flar. Sonu\u00e7lar ba\u015fka bir \u015fey. Hakemler de hakl\u0131lar&#8221; tabirlerini kulland\u0131.<\/p>\n<p><b>&#8220;DEL\u0130KANLILI\u011eINI D\u00dcR\u00dcSTL\u00dc\u011e\u00dcN\u00dc B\u0130L\u0130YORUM&#8221;<\/b><\/p>\n<p>TFF Ba\u015fkan\u0131 sevdi\u011fini ve delikanl\u0131l\u0131\u011f\u0131n\u0131 bildi\u011fini kaydeden G\u00fcne\u015f, &#8220;Ben lidere \u00fcz\u00fcl\u00fcyorum yani, seviyorum da onu. Delikanl\u0131l\u0131\u011f\u0131n\u0131 biliyorum, d\u00fcr\u00fcstl\u00fc\u011f\u00fcn\u00fc biliyorum. Lakin yanl\u0131\u015f yapt\u0131\u011f\u0131n\u0131z vakit kusur yapmaya ba\u015fl\u0131yorsunuz ki hakemler de bundan etkileniyor yani. En ustas\u0131 da en zay\u0131f\u0131 da. Bug\u00fcn hakemin konusuna girmek i\u00e7in s\u00f6ylemiyorum, bunlar d\u00fczeltilmesi laz\u0131m. Lider esasen beyanat veriyor, y\u00f6netim kurulu veriyor. Kazanm\u0131\u015f\u0131m son ma\u00e7ta ben ni\u00e7in hakemi konu\u015fay\u0131m yahut hakemleri ni\u00e7in konu\u015fay\u0131m? Hakemlerin berbat niyeti yok ancak yanl\u0131\u015f yaparsalar da birebir yere gelmi\u015f oluyor. Hazinenin kap\u0131s\u0131na bir bek\u00e7i koyuyorsunuz \u00e7ok d\u00fcr\u00fcst adam hazine \u00e7al\u0131n\u0131yor. Bir sahtekar koyuyorsunuz \u00fc\u00e7 ka\u011f\u0131t\u00e7\u0131 oldu\u011funu biliyorsunuz tekrar \u00e7al\u0131n\u0131yor. Ben hazineyi korumak istiyorum, bana ne kim oldu\u011fundan kap\u0131da. Hazineyi elimizden almay\u0131n yani. Bu bir sermaye, bu gidiyor. \u0130lgisizlik, g\u00fcvensizlik artar. Bunda federasyon ba\u015fkan\u0131, benim de b\u00fct\u00fcn antren\u00f6rlerin de oyuncular\u0131n da idarelerin de hepsinin sorumlulu\u011fu var. Bug\u00fcn biz kazand\u0131k. Hakeme girmek istemiyorum lakin bir yanl\u0131\u015f varsa ve bu devam ediyorsa birebir yanl\u0131\u015fla duvara toslamam\u0131z do\u011frudur; kat\u0131l\u0131yorum idarenin ifadesine&#8221; formunda konu\u015ftu.<\/p>\n<p><b>&#8220;ZOR MA\u00c7 KOLAY GE\u00c7T\u0130&#8221;<\/b><\/p>\n<p>Kar\u015f\u0131la\u015fmay\u0131 da k\u0131ymetlendiren \u015eenol G\u00fcne\u015f, &#8220;Kupa ma\u00e7\u0131nda bug\u00fcn k\u00fcmedeki son ma\u00e7a \u00e7\u0131karken maalesef puan bak\u0131m\u0131ndan garantileyememi\u015ftik. Rizespor da \u00e2l\u00e2 bir kadro, uygun bir hocalar\u0131 var. D\u00fczg\u00fcn futbol oynuyorlar, son hafta da kazanm\u0131\u015ft\u0131. S\u0131k\u0131nt\u0131 ma\u00e7\u0131 oyuncular\u0131m\u0131z\u0131n oyun disiplini, kazanma iste\u011fi ve birlikte oynama i\u015ftah\u0131n\u0131 payla\u015farak oynamas\u0131, konsantrasyon \u00fcst d\u00fczeydeydi. Alana yans\u0131tt\u0131lar, s\u0131k\u0131nt\u0131 ma\u00e7 kolay ge\u00e7ti. Futbol ismine da ho\u015f i\u015fler yapt\u0131\u011f\u0131n\u0131 d\u00fc\u015f\u00fcn\u00fcyorum. Hem hamlede hem savunmada atak varyasyonlar\u0131nda olsun hem savunmada bask\u0131larda \u00e7ok g\u00fczeldi. Bug\u00fcn i\u00e7in \u00e7ok \u015feyi olumlu s\u00f6yleyebilirim. Ma\u00e7\u0131n tamam\u0131nda esasen oyuna bakt\u0131\u011f\u0131m\u0131z vakit hak etti\u011fimizi d\u00fc\u015f\u00fcn\u00fcyorum. Yaln\u0131zca birinci 11\u2019de oynayanlar de\u011fil sonradan giren oyuncular\u0131m\u0131z\u0131n da uygun oldu\u011funu d\u00fc\u015f\u00fcn\u00fcyorum, memnunum&#8221; dedi.<\/p>\n<p><b>&#8220;\u00d6NEML\u0130 OLAN L\u0130GDE DE DEPLASMANDA DA MA\u00c7 KAZANMAK&#8221;<\/b><\/p>\n<p>Lig ve bilhassa deplasmanda ma\u00e7 kazanman\u0131n de\u011ferli oldu\u011funu kaydeden G\u00fcne\u015f, &#8220;Daha evvel \u015fikayetlerimiz oluyordu. Sonu\u00e7 olarak k\u00fcmeden \u00e7\u0131kt\u0131k. Birinci \u00e7\u0131kman\u0131n ola\u011fan avantaj\u0131 var. Asl\u0131nda k\u00fcmeden \u00e7\u0131kmam\u0131z gerekeni biraz gecikmeli olarak birtak\u0131m oyuncular\u0131 burada g\u00f6rebilirdik tahminen \u015fayet garanti etseydik. Fakat art\u0131k o denli d\u00fczg\u00fcn oldu. Bir grubu \u00fcst \u00fcste oynatarak neler yapabilece\u011fini g\u00f6rd\u00fck fizik\u00ee bir s\u0131k\u0131nt\u0131lar\u0131 yok, teknik-taktik olarak eksikleri yok. Art\u0131k s\u00fcrd\u00fcr\u00fclebilir hale getirilmesi laz\u0131m. Umar\u0131m ki bunu devam ettiririz. Oyuncu tak\u0131m\u0131m\u0131zda da hem 11 olarak hem de say\u0131sal 15-16 neyse 20\u2019ye kadar eldeki oyuncular\u0131 tamamlayabilirsek ba\u015far\u0131l\u0131 bir i\u015f yapm\u0131\u015f oluruz. Kupa ma\u00e7lar\u0131 devam edecektir. Lakin \u00f6nemli olan ligde de deplasmanda ma\u00e7 kazanmak. Oyuncular\u0131m\u0131 tebrik ediyorum, taraftara te\u015fekk\u00fcr ediyorum&#8221; diye konu\u015ftu.<\/p>\n<p><\/p>\n","protected":false},"excerpt":{"rendered":"<p>Trabzonspor Teknik Y\u00f6neticisi \u015eenol G\u00fcne\u015f, Rizespor ile oynanan kupa ma\u00e7\u0131n\u0131n akabinde yapt\u0131\u011f\u0131 a\u00e7\u0131klamada &#8220;Ge\u00e7en hafta telaffuzlar\u0131m beni biraz dolmu\u015fa getirdiniz, soru sordunuz bana. Hac\u0131osmano\u011flu ba\u015fkan\u0131m\u0131 \u00fczm\u00fc\u015f\u00fcz, bana bildiri att\u0131. Federasyon Ba\u015fkan\u0131m\u0131 \u00fczmek istemiyorum&#8221; dedi.<\/p>\n","protected":false},"author":1,"featured_media":47383,"comment_status":"open","ping_status":"open","sticky":false,"template":"","format":"standard","meta":{"footnotes":""},"categories":[30],"tags":[228,229,319,601,2489],"class_list":["post-47382","post","type-post","status-publish","format-standard","has-post-thumbnail","hentry","category-spor","tag-hak","tag-mac","tag-oyuncu","tag-sen","tag-yanlis"],"_links":{"self":[{"href":"https:\/\/ikimisli.tr\/index.php\/wp-json\/wp\/v2\/posts\/47382","targetHints":{"allow":["GET"]}}],"collection":[{"href":"https:\/\/ikimisli.tr\/index.php\/wp-json\/wp\/v2\/posts"}],"about":[{"href":"https:\/\/ikimisli.tr\/index.php\/wp-json\/wp\/v2\/types\/post"}],"author":[{"embeddable":true,"href":"https:\/\/ikimisli.tr\/index.php\/wp-json\/wp\/v2\/users\/1"}],"replies":[{"embeddable":true,"href":"https:\/\/ikimisli.tr\/index.php\/wp-json\/wp\/v2\/comments?post=47382"}],"version-history":[{"count":1,"href":"https:\/\/ikimisli.tr\/index.php\/wp-json\/wp\/v2\/posts\/47382\/revisions"}],"predecessor-version":[{"id":47384,"href":"https:\/\/ikimisli.tr\/index.php\/wp-json\/wp\/v2\/posts\/47382\/revisions\/47384"}],"wp:featuredmedia":[{"embeddable":true,"href":"https:\/\/ikimisli.tr\/index.php\/wp-json\/wp\/v2\/media\/47383"}],"wp:attachment":[{"href":"https:\/\/ikimisli.tr\/index.php\/wp-json\/wp\/v2\/media?parent=47382"}],"wp:term":[{"taxonomy":"category","embeddable":true,"href":"https:\/\/ikimisli.tr\/index.php\/wp-json\/wp\/v2\/categories?post=47382"},{"taxonomy":"post_tag","embeddable":true,"href":"https:\/\/ikimisli.tr\/index.php\/wp-json\/wp\/v2\/tags?post=47382"}],"curies":[{"name":"wp","href":"https:\/\/api.w.org\/{rel}","templated":true}]}}