{"id":47397,"date":"2025-06-17T02:36:07","date_gmt":"2025-06-17T02:36:07","guid":{"rendered":"https:\/\/ikimisli.tr\/?p=47397"},"modified":"2025-06-17T02:36:07","modified_gmt":"2025-06-17T02:36:07","slug":"turkiye-adalet-akademisi-kanunu-resmi-gazetede","status":"publish","type":"post","link":"https:\/\/ikimisli.tr\/index.php\/2025\/06\/17\/turkiye-adalet-akademisi-kanunu-resmi-gazetede\/","title":{"rendered":"T\u00fcrkiye Adalet Akademisi Kanunu Resmi Gazete&#8217;de"},"content":{"rendered":"<p>T\u00fcrkiye Adalet Akademisinin kurulu\u015f ve misyonlar\u0131yla ilgili yordam ve as\u0131llar\u0131 d\u00fczenleyen T\u00fcrkiye Adalet Akademisi Kanunu Resmi Gazete&#8217;de yay\u0131mland\u0131. Kanun, T\u00fcrkiye Adalet Akademisinin kurulu\u015fu, organlar\u0131, misyonlar\u0131 ve \u00e7al\u0131\u015fan\u0131 ile Akademi taraf\u0131ndan yap\u0131lan e\u011fitim ve \u00f6\u011fretim faaliyetlerini kaps\u0131yor.<\/p>\n<p>Kanuna nazaran, T\u00fcrkiye Adalet Akademisi h\u00e2kim ve savc\u0131 yard\u0131mc\u0131lar\u0131 ile h\u00e2kim ve savc\u0131lar\u0131n meslek \u00f6ncesi ve meslek i\u00e7i e\u011fitimlerini planlamak ve uygulamakla misyonlu olacak. Ayr\u0131yeten, avukatlar, noterler ve hukuk alan\u0131nda \u00e7al\u0131\u015fan \u00f6b\u00fcr meslek k\u00fcmelerine y\u00f6nelik e\u011fitim programlar\u0131 d\u00fczenleyebilecek. Akademi, hukuk ve adalet alan\u0131nda bilimsel \u00e7al\u0131\u015fmalar yaparak memleketler aras\u0131 geli\u015fmeleri takip edecek ve projeler geli\u015ftirecek.<\/p>\n<p><b>L\u0130SANS\u00dcST\u00dc E\u011e\u0130T\u0130M PROGRAMLARI D\u00dcZENLENECEK<\/b><\/p>\n<p>Akademi, Ba\u015fkanl\u0131k ve E\u011fitim Kurulu olmak \u00fczere iki ana yap\u0131dan olu\u015facak. E\u011fitim Kurulu, Adalet Bakan\u0131 yahut g\u00f6revlendirdi\u011fi bakan yard\u0131mc\u0131s\u0131n\u0131n ba\u015fkanl\u0131\u011f\u0131nda toplanacak. Yarg\u0131tay, Dan\u0131\u015ftay ve H\u00e2kimler ve Savc\u0131lar Kurulu (HSK) \u00fczere yarg\u0131 organlar\u0131n\u0131n temsilcileri de \u015furada yer alacak. Bunun yan\u0131 s\u0131ra, Hukuk Ara\u015ft\u0131rmalar\u0131 Merkezi kurulacak ve h\u00e2kim-savc\u0131lar\u0131n uzmanla\u015fmas\u0131n\u0131 sa\u011flamak gayesiyle lisans\u00fcst\u00fc e\u011fitim programlar\u0131 d\u00fczenlenecek.<\/p>\n<p>Akademi, h\u00e2kim ve savc\u0131lar i\u00e7in uzmanl\u0131k ve sertifika programlar\u0131 a\u00e7abilecek. Ayr\u0131yeten, yabanc\u0131 yarg\u0131 mensuplar\u0131na y\u00f6nelik e\u011fitim programlar\u0131 d\u00fczenlenebilecek. Akademi, genel b\u00fct\u00e7eden tahsis edilecek \u00f6deneklerin yan\u0131 s\u0131ra ba\u011f\u0131\u015f ve vasiyetlerden de gelir elde edebilecek. Akademi hizmetleri, h\u00e2kim ve savc\u0131 e\u011fitimleri hari\u00e7 olmak \u00fczere fiyatl\u0131 olacak. Denetimi ise Adalet Bakanl\u0131\u011f\u0131 m\u00fcfetti\u015fleri taraf\u0131ndan ger\u00e7ekle\u015ftirilecek. Kanunun y\u00fcr\u00fcrl\u00fc\u011fe girmesiyle birlikte, Akademi b\u00fcnyesindeki mevcut i\u015f\u00e7i ve y\u00f6neticiler, yeni yap\u0131ya uygun halde atanm\u0131\u015f say\u0131lacak.<\/p>\n<p><b><strong>BA\u015eKANININ VAZ\u0130FE M\u00dcHLET\u0130 UZATILDI<\/strong><\/b><\/p>\n<p>Anayasa Mahkemesi taraf\u0131ndan iptal edilen 1 say\u0131l\u0131 Cumhurba\u015fkanl\u0131\u011f\u0131 Kararnamesi\u2019nin 50. unsuru tekrar d\u00fczenlendi. Buna nazaran, ceza infaz kurumlar\u0131 ve tutukevleri i\u015f\u00e7isi e\u011fitim merkezlerinde e\u011fitim g\u00f6renler hari\u00e7 olmak \u00fczere, Adalet Bakanl\u0131\u011f\u0131 merkez ve ta\u015fra te\u015fkilat\u0131 \u00e7al\u0131\u015fan\u0131n\u0131n e\u011fitim planlamas\u0131 ve uygulanmas\u0131 Bakanl\u0131k taraf\u0131ndan y\u00fcr\u00fct\u00fclecek. Ayr\u0131yeten, i\u015f\u00e7i e\u011fitim merkezleriyle ilgili s\u00fcre\u00e7ler de yeni d\u00fczenlemeye nazaran \u015fekillenecek.<\/p>\n<p><b>4 YILA \u00c7IKARILDI<\/b><\/p>\n<p>Anayasa Mahkemesi taraf\u0131ndan iptal edilen T\u00fcrkiye Adalet Akademisi Ba\u015fkan\u0131\u2019n\u0131n vazife m\u00fchletine ait d\u00fczenleme de kararnamede yer ald\u0131. Evvelki d\u00fczenlemede 3 y\u0131l olan misyon m\u00fchleti, 4 y\u0131la \u00e7\u0131kar\u0131ld\u0131. Bu de\u011fi\u015fiklikle birlikte, halihaz\u0131rda misyonda bulunan T\u00fcrkiye Adalet Akademisi Ba\u015fkan\u0131\u2019n\u0131n m\u00fcddeti de atand\u0131\u011f\u0131 tarihten itibaren 4 y\u0131l olarak kabul edilecek.<\/p>\n","protected":false},"excerpt":{"rendered":"<p>TBMM Genel Konseyi&#8217;nde kabul edilen T\u00fcrkiye Adalet Akademisi Kanunu Resmi Gazete&#8217;de yay\u0131mland\u0131.<\/p>\n","protected":false},"author":1,"featured_media":47398,"comment_status":"open","ping_status":"open","sticky":false,"template":"","format":"standard","meta":{"footnotes":""},"categories":[25],"tags":[1679,1328,36,2391,6807],"class_list":["post-47397","post","type-post","status-publish","format-standard","has-post-thumbnail","hentry","category-gundem","tag-akademi","tag-egitim","tag-gorev","tag-hakim","tag-turkiye-adalet-akademisi"],"_links":{"self":[{"href":"https:\/\/ikimisli.tr\/index.php\/wp-json\/wp\/v2\/posts\/47397","targetHints":{"allow":["GET"]}}],"collection":[{"href":"https:\/\/ikimisli.tr\/index.php\/wp-json\/wp\/v2\/posts"}],"about":[{"href":"https:\/\/ikimisli.tr\/index.php\/wp-json\/wp\/v2\/types\/post"}],"author":[{"embeddable":true,"href":"https:\/\/ikimisli.tr\/index.php\/wp-json\/wp\/v2\/users\/1"}],"replies":[{"embeddable":true,"href":"https:\/\/ikimisli.tr\/index.php\/wp-json\/wp\/v2\/comments?post=47397"}],"version-history":[{"count":1,"href":"https:\/\/ikimisli.tr\/index.php\/wp-json\/wp\/v2\/posts\/47397\/revisions"}],"predecessor-version":[{"id":47399,"href":"https:\/\/ikimisli.tr\/index.php\/wp-json\/wp\/v2\/posts\/47397\/revisions\/47399"}],"wp:featuredmedia":[{"embeddable":true,"href":"https:\/\/ikimisli.tr\/index.php\/wp-json\/wp\/v2\/media\/47398"}],"wp:attachment":[{"href":"https:\/\/ikimisli.tr\/index.php\/wp-json\/wp\/v2\/media?parent=47397"}],"wp:term":[{"taxonomy":"category","embeddable":true,"href":"https:\/\/ikimisli.tr\/index.php\/wp-json\/wp\/v2\/categories?post=47397"},{"taxonomy":"post_tag","embeddable":true,"href":"https:\/\/ikimisli.tr\/index.php\/wp-json\/wp\/v2\/tags?post=47397"}],"curies":[{"name":"wp","href":"https:\/\/api.w.org\/{rel}","templated":true}]}}