{"id":47517,"date":"2025-06-17T09:24:08","date_gmt":"2025-06-17T09:24:08","guid":{"rendered":"https:\/\/ikimisli.tr\/?p=47517"},"modified":"2025-06-17T09:24:08","modified_gmt":"2025-06-17T09:24:08","slug":"sosyal-platformlardan-kurs-verenlere-kdv-istisnasi","status":"publish","type":"post","link":"https:\/\/ikimisli.tr\/index.php\/2025\/06\/17\/sosyal-platformlardan-kurs-verenlere-kdv-istisnasi\/","title":{"rendered":"Sosyal platformlardan kurs verenlere KDV istisnas\u0131"},"content":{"rendered":"<p>Resmi Gazete&#8217;nin bug\u00fcnk\u00fc say\u0131s\u0131nda yay\u0131mlanan bildiriye nazaran, 1 Ocak 2024 prestijiyle internet ve gibisi elektronik ortamlar \u00fczerinden \u00e7\u0131kar sa\u011flayan toplumsal i\u00e7erik \u00fcreticileri, ferdi e\u011fitim verenler ve bilgi s\u00fcrece hizmeti sunanlar, KDV istisnas\u0131ndan faydalanmaya ba\u015flayacak.<\/p>\n<p><b>1 OCAK 2022&#8217;DE BA\u015eLAYAN \u0130ST\u0130SNA UYGULAMASI GEN\u0130\u015eLET\u0130LD\u0130<\/b><\/p>\n<p>Tebli\u011fe nazaran, 1 Ocak 2022&#8217;den itibaren toplumsal a\u011flar \u00fczerinden metin, imaj, ses ve g\u00f6r\u00fcnt\u00fc \u00fczere dijital i\u00e7erikler payla\u015fan toplumsal i\u00e7erik \u00fcreticisi ger\u00e7ek bireyler ile ta\u015f\u0131nabilir ayg\u0131tlar i\u00e7in uygulama geli\u015ftiren ger\u00e7ek \u015fah\u0131slar\u0131n yararlar\u0131na uygulanan KDV istisnas\u0131 kapsam\u0131 geni\u015fletildi.\u00a0<\/p>\n<p>Bu de\u011fi\u015fiklik, toplumsal medya platformlar\u0131 \u00fczerinden i\u00e7erik \u00fcreterek gelir elde eden \u015fah\u0131slar i\u00e7in k\u0131ymetli bir avantaj sa\u011fl\u0131yor.<\/p>\n<p><b>YEN\u0130 D\u00dcZENLEME \u0130LE KURS VE E\u011e\u0130T\u0130M VERENLER DE KAPSAMA ALINDI<\/b><\/p>\n<p>Yeni d\u00fczenlemeyle birlikte, 1 Ocak 2024 prestijiyle internet ve dijital ortamlar \u00fczerinden i\u00e7erik \u00fcreten toplumsal i\u00e7erik \u00fcreticileri ile ferd\u00ee kurs, e\u011fitim, data s\u00fcrece, eser tan\u0131t\u0131m\u0131 \u00fczere hizmetler veren \u015fah\u0131slar\u0131n de karlar\u0131, KDV istisnas\u0131 kapsam\u0131na girecek.<\/p>\n<p>Bu kapsamda, internet \u00fczerinden e\u011fitim veren ya da dijital platformlarda hizmet sa\u011flayan ger\u00e7ek bireyler, KDV \u00f6demeksizin faaliyetlerini s\u00fcrd\u00fcrebilecek.<\/p>\n<p>Bu yeni d\u00fczenleme, dijital i\u00e7erik \u00fcreticileri ve e\u011fitim veren bireyler i\u00e7in de\u011ferli bir mali avantaj sa\u011flayarak, daldaki geli\u015fimleri te\u015fvik etmeyi ama\u00e7l\u0131yor.<\/p>\n<p>\u00a0<\/p>\n","protected":false},"excerpt":{"rendered":"<p>Gelir Y\u00f6netimi Ba\u015fkanl\u0131\u011f\u0131 taraf\u0131ndan yay\u0131mlanan yeni KDV genel uygulama bildirisi, internet \u00fczerinden toplumsal i\u00e7erik \u00fcretenlere uygulanan KDV istisnas\u0131n\u0131 geni\u015fleterek, kurs ve e\u011fitim veren \u015fah\u0131slar\u0131 de kapsayacak halde d\u00fczenlendi.<\/p>\n","protected":false},"author":1,"featured_media":47518,"comment_status":"open","ping_status":"open","sticky":false,"template":"","format":"standard","meta":{"footnotes":""},"categories":[24],"tags":[1328,5588,356,273,6813],"class_list":["post-47517","post","type-post","status-publish","format-standard","has-post-thumbnail","hentry","category-ekonomi","tag-egitim","tag-icerik","tag-kisiler","tag-sosyal","tag-veren"],"_links":{"self":[{"href":"https:\/\/ikimisli.tr\/index.php\/wp-json\/wp\/v2\/posts\/47517","targetHints":{"allow":["GET"]}}],"collection":[{"href":"https:\/\/ikimisli.tr\/index.php\/wp-json\/wp\/v2\/posts"}],"about":[{"href":"https:\/\/ikimisli.tr\/index.php\/wp-json\/wp\/v2\/types\/post"}],"author":[{"embeddable":true,"href":"https:\/\/ikimisli.tr\/index.php\/wp-json\/wp\/v2\/users\/1"}],"replies":[{"embeddable":true,"href":"https:\/\/ikimisli.tr\/index.php\/wp-json\/wp\/v2\/comments?post=47517"}],"version-history":[{"count":1,"href":"https:\/\/ikimisli.tr\/index.php\/wp-json\/wp\/v2\/posts\/47517\/revisions"}],"predecessor-version":[{"id":47519,"href":"https:\/\/ikimisli.tr\/index.php\/wp-json\/wp\/v2\/posts\/47517\/revisions\/47519"}],"wp:featuredmedia":[{"embeddable":true,"href":"https:\/\/ikimisli.tr\/index.php\/wp-json\/wp\/v2\/media\/47518"}],"wp:attachment":[{"href":"https:\/\/ikimisli.tr\/index.php\/wp-json\/wp\/v2\/media?parent=47517"}],"wp:term":[{"taxonomy":"category","embeddable":true,"href":"https:\/\/ikimisli.tr\/index.php\/wp-json\/wp\/v2\/categories?post=47517"},{"taxonomy":"post_tag","embeddable":true,"href":"https:\/\/ikimisli.tr\/index.php\/wp-json\/wp\/v2\/tags?post=47517"}],"curies":[{"name":"wp","href":"https:\/\/api.w.org\/{rel}","templated":true}]}}