{"id":47665,"date":"2025-06-17T18:00:07","date_gmt":"2025-06-17T18:00:07","guid":{"rendered":"https:\/\/ikimisli.tr\/?p=47665"},"modified":"2025-06-17T18:00:07","modified_gmt":"2025-06-17T18:00:07","slug":"pegasus-acil-inis-yapti-ucaktan-dumanlar-yukseldi","status":"publish","type":"post","link":"https:\/\/ikimisli.tr\/index.php\/2025\/06\/17\/pegasus-acil-inis-yapti-ucaktan-dumanlar-yukseldi\/","title":{"rendered":"Pegasus acil ini\u015f yapt\u0131: U\u00e7aktan dumanlar y\u00fckseldi"},"content":{"rendered":"<p>ABD ve G\u00fcney Kore&#8217;de ya\u015fanan u\u00e7ak kazalar\u0131, hava yolu nakliyecili\u011finde pani\u011fe neden olurken, son olarak Pegasus Hava Yollar\u0131&#8217;na ili\u015fkin u\u00e7a\u011f\u0131n \u0130ngiltere&#8217;nin Manchester kentinde ya\u015fad\u0131\u011f\u0131 ar\u0131za, y\u00fcrekleri a\u011fza getirdi.\u00a0<\/p>\n<p>\u0130stanbul&#8217;dan Manchester&#8217;a seyir halinde olan Pegasus Hava Yollar\u0131\u2019na ili\u015fkin PC1179 sefer say\u0131l\u0131 u\u00e7ak, \u0130ngiltere hava alan\u0131na girmesinin akabinde teknik sorunlar ya\u015fad\u0131. U\u00e7a\u011f\u0131n &#8216;mekanik ar\u0131za&#8217; nedeniyle acil durum bildirimi yapt\u0131\u011f\u0131 \u00f6\u011frenilirken, aksakl\u0131klara kar\u015f\u0131n Manchester Havaliman\u0131&#8217;na inan\u00e7l\u0131 ini\u015f ger\u00e7ekle\u015ftirildi.\u00a0<\/p>\n<p><strong>&#8216;\u0130N\u0130\u015e KADROSU KAPAKLARINDA SORUN YA\u015eANDI&#8217;<\/strong><\/p>\n<p>Yetkililere nazaran, ini\u015f kadrosu kapaklar\u0131n\u0131n a\u00e7\u0131k kalmas\u0131 nedeniyle u\u00e7a\u011f\u0131n hidrolik sisteminde sorun ya\u015fand\u0131. Airbus A320 tipi u\u00e7a\u011f\u0131n ini\u015f an\u0131 g\u00f6r\u00fcnt\u00fclenirken, ini\u015f kadrosu kapaklar\u0131n\u0131n kapanmad\u0131\u011f\u0131 ve bir kar\u015f\u0131t iticinin (reverse thruster) \u00e7al\u0131\u015fmad\u0131\u011f\u0131 g\u00f6r\u00fcld\u00fc. Havac\u0131l\u0131k uzmanlar\u0131, ola\u011fan kaidelerde ini\u015f kadrolar\u0131 a\u00e7\u0131ld\u0131ktan sonra kapaklar\u0131n kapanmas\u0131 gerekti\u011fini, lakin hidrolik ar\u0131za nedeniyle bunun m\u00fcmk\u00fcn olmad\u0131\u011f\u0131n\u0131 belirtti.<\/p>\n<p><strong>\u0130TFA\u0130YE P\u0130STTE HAZIR BEKLED\u0130<\/strong><\/p>\n<p>Manchester Havaliman\u0131 yetkilileri, u\u00e7a\u011f\u0131n teknik bir sorun bildirdi\u011fini ve t\u00fcm prosed\u00fcrlerin eksiksiz uyguland\u0131\u011f\u0131n\u0131 a\u00e7\u0131klad\u0131. \u0130ni\u015f s\u0131ras\u0131nda, itfaiye tak\u0131mlar\u0131 tedbir emelli pistte haz\u0131r bekledi. U\u00e7ak, ya\u015fanan teknik aksakl\u0131klara kar\u015f\u0131n inan\u00e7l\u0131 bir formda ini\u015fini tamamlad\u0131.<\/p>\n<p>\u0130ni\u015fin s\u0131k\u0131nt\u0131s\u0131z tamamland\u0131\u011f\u0131 ve olayda kimsenin yaralanmad\u0131\u011f\u0131 a\u00e7\u0131klan\u0131rken, Pegasus u\u00e7a\u011f\u0131n\u0131n bak\u0131ma al\u0131nd\u0131\u011f\u0131 bildirildi.<\/p>\n","protected":false},"excerpt":{"rendered":"<p>Pegasus Hava Yollar\u0131&#8217;na ili\u015fkin \u0130stanbul-Manchester seferini ger\u00e7ekle\u015ftiren PC1179 sefer say\u0131l\u0131 u\u00e7ak, \u0130ngiltere hava alan\u0131nda k\u0131ymetli bir &#8216;mekanik ar\u0131za&#8217; ya\u015fad\u0131. Acil durum bildirimi yapan u\u00e7ak Manchester Havaliman\u0131&#8217;na inan\u00e7l\u0131 bir bi\u00e7imde inerken, ini\u015f s\u0131ras\u0131nda u\u00e7aktan dumanlar \u00e7\u0131kt\u0131\u011f\u0131 g\u00f6r\u00fcld\u00fc.<\/p>\n","protected":false},"author":1,"featured_media":47666,"comment_status":"open","ping_status":"open","sticky":false,"template":"","format":"standard","meta":{"footnotes":""},"categories":[25],"tags":[161,803,6548],"class_list":["post-47665","post","type-post","status-publish","format-standard","has-post-thumbnail","hentry","category-gundem","tag-hava","tag-inis","tag-ucagin"],"_links":{"self":[{"href":"https:\/\/ikimisli.tr\/index.php\/wp-json\/wp\/v2\/posts\/47665","targetHints":{"allow":["GET"]}}],"collection":[{"href":"https:\/\/ikimisli.tr\/index.php\/wp-json\/wp\/v2\/posts"}],"about":[{"href":"https:\/\/ikimisli.tr\/index.php\/wp-json\/wp\/v2\/types\/post"}],"author":[{"embeddable":true,"href":"https:\/\/ikimisli.tr\/index.php\/wp-json\/wp\/v2\/users\/1"}],"replies":[{"embeddable":true,"href":"https:\/\/ikimisli.tr\/index.php\/wp-json\/wp\/v2\/comments?post=47665"}],"version-history":[{"count":1,"href":"https:\/\/ikimisli.tr\/index.php\/wp-json\/wp\/v2\/posts\/47665\/revisions"}],"predecessor-version":[{"id":47667,"href":"https:\/\/ikimisli.tr\/index.php\/wp-json\/wp\/v2\/posts\/47665\/revisions\/47667"}],"wp:featuredmedia":[{"embeddable":true,"href":"https:\/\/ikimisli.tr\/index.php\/wp-json\/wp\/v2\/media\/47666"}],"wp:attachment":[{"href":"https:\/\/ikimisli.tr\/index.php\/wp-json\/wp\/v2\/media?parent=47665"}],"wp:term":[{"taxonomy":"category","embeddable":true,"href":"https:\/\/ikimisli.tr\/index.php\/wp-json\/wp\/v2\/categories?post=47665"},{"taxonomy":"post_tag","embeddable":true,"href":"https:\/\/ikimisli.tr\/index.php\/wp-json\/wp\/v2\/tags?post=47665"}],"curies":[{"name":"wp","href":"https:\/\/api.w.org\/{rel}","templated":true}]}}