{"id":47700,"date":"2025-06-17T20:00:20","date_gmt":"2025-06-17T20:00:20","guid":{"rendered":"https:\/\/ikimisli.tr\/?p=47700"},"modified":"2025-06-17T20:00:20","modified_gmt":"2025-06-17T20:00:20","slug":"ancelotti-arda-gulerin-cevresinden-rahatsiz","status":"publish","type":"post","link":"https:\/\/ikimisli.tr\/index.php\/2025\/06\/17\/ancelotti-arda-gulerin-cevresinden-rahatsiz\/","title":{"rendered":"&#8216;Ancelotti Arda G\u00fcler&#8217;in \u00e7evresinden rahats\u0131z&#8217;"},"content":{"rendered":"<p>Real Madrid Teknik Y\u00f6neticisi Carlo Ancelotti\u2019nin, Arda G\u00fcler ve onun yak\u0131n etraf\u0131yla ilgili yapt\u0131\u011f\u0131 a\u00e7\u0131klamalar, \u0130spanyol bas\u0131n\u0131nda geni\u015f yank\u0131 uyand\u0131rd\u0131.<\/p>\n<p><b>&#8216;ARDA HAD\u0130SES\u0130 D\u0130YE B\u0130R \u015eEY YOK&#8217;<\/b><\/p>\n<p>Ancelotti, Arda\u2019n\u0131n az m\u00fcddet almas\u0131yla ilgili g\u00fcndemde olan tart\u0131\u015fmalara de\u011finerek, \u201cArda hadisesi diye bir \u015fey yok lakin \u00f6b\u00fcr be\u015ferlerle \u00e7ok fazla vakit ge\u00e7iriyor ve onlar\u0131n da benimle birebir fikirde olup olmad\u0131klar\u0131n\u0131 bilmiyorum\u201d s\u00f6zlerini kulland\u0131.<\/p>\n<p>Bu a\u00e7\u0131klama, bilhassa \u0130spanya\u2019n\u0131n \u00f6nde gelen spor medyas\u0131nda b\u00fcy\u00fck tart\u0131\u015fmalara yol a\u00e7t\u0131.<\/p>\n<p><b>&#8216;ARDA DEFANS\u0130F MANADA KADROYA B\u00dcY\u00dcK KATKI SA\u011eLADI&#8217;<\/b><\/p>\n<p>\u0130talyan teknik adam, Real Madrid\u2019in Real Sociedad\u2019\u0131 1-0 ma\u011flup etti\u011fi Kral Kupas\u0131 yar\u0131 final birinci ma\u00e7\u0131n\u0131n akabinde, Arda G\u00fcler\u2019in performans\u0131ndan \u015fad oldu\u011funu belirtti. Ancelotti, \u201cArda durumunda \u00e7ok yeterli \u00e7al\u0131\u015ft\u0131. Defansif manada kadroya b\u00fcy\u00fck katk\u0131 sa\u011flad\u0131 ve biz de bundan mutluyuz zira \u00e7ok \u00e7eki\u015fmeli bir ma\u00e7t\u0131\u201d dedi.<\/p>\n<p><img decoding=\"async\" src=\"https:\/\/ikimisli.tr\/wp-content\/uploads\/2025\/06\/ancelotti-arda-gulerin-cevresinden-rahatsiz-0-rIgwQGjO.jpeg\"\/><\/p>\n<p><b>\u0130SPANYOL YORUMCULARDAN ARDA&#8217;YA ELE\u015eT\u0130R\u0130<\/b><\/p>\n<p>Ancak, \u0130spanyol yorumcular\u0131n Arda hakk\u0131ndaki g\u00f6r\u00fc\u015fleri farkl\u0131yd\u0131. Alvaro Benito, Arda\u2019n\u0131n ma\u00e7ta fazla \u00f6n plana \u00e7\u0131kamad\u0131\u011f\u0131n\u0131 ve Real Madrid\u2019in oyun sisteminin ona uygun olmad\u0131\u011f\u0131n\u0131 savundu. Tomas Roncero ise Real Madrid\u2019in genel olarak ma\u00e7a \u00e7ok odakland\u0131\u011f\u0131n\u0131 lakin Arda\u2019n\u0131n bu tempoya tam olarak ahenk sa\u011flayamad\u0131\u011f\u0131n\u0131 belirtti.<\/p>\n<p><img decoding=\"async\" src=\"https:\/\/ikimisli.tr\/wp-content\/uploads\/2025\/06\/ancelotti-arda-gulerin-cevresinden-rahatsiz-1-rqWQxsUN.jpg\"\/><\/p>\n<p><b>ANCELOTT\u0130 ARDA G\u00dcLER&#8217;\u0130N ETRAFINDAN RAHATSIZ<\/b><\/p>\n<p>Ancelotti\u2019nin bas\u0131n toplant\u0131s\u0131nda yapt\u0131\u011f\u0131 a\u00e7\u0131klamalar, Arda G\u00fcler\u2019in yaln\u0131zca saha i\u00e7i performans\u0131yla de\u011fil, etraf\u0131yla ilgili de iletiler i\u00e7eriyordu. Cadena Ser\u2019den Manuel Bartolome Carreno, Ancelotti\u2019nin kelamlar\u0131n\u0131n al\u0131\u015f\u0131lm\u0131\u015f\u0131n d\u0131\u015f\u0131nda oldu\u011funu vurgulayarak, \u201cAncelotti, Arda\u2019n\u0131n kendisine yard\u0131mc\u0131 olmayan be\u015ferlerle fazla vakit ge\u00e7irdi\u011fini s\u00f6yl\u00fcyor. Bu, Arda ve etraf\u0131na \u00e7ok direkt bir bildiri. Ya anlarlar ya da anlamak zorunda kal\u0131rlar\u201d dedi.<\/p>\n<p>Dani Garrido ise, Arda\u2019n\u0131n yetenekli bir oyuncu oldu\u011funu lakin Real Madrid\u2019in hamle \u00e7izgisinde forma bulmas\u0131n\u0131n \u015fu an i\u00e7in g\u00fc\u00e7 oldu\u011funu lisana getirdi. Garrido, \u201cAncelotti\u2019yi rahats\u0131z eden \u015fey, Arda G\u00fcler\u2019in etraf\u0131ndan ona bask\u0131 yap\u0131lmas\u0131. Ola\u011fanda bu cins iletiler vermeyen Ancelotti\u2019nin bu t\u00fcrl\u00fc bir \u00e7\u0131k\u0131\u015f yapmas\u0131, onun rahats\u0131z oldu\u011funu g\u00f6steriyor\u201d tabirlerini kulland\u0131.<\/p>\n<p>AS gazetesi ise Ancelotti\u2019nin \u201cahlaki bir tonla\u201d konu\u015ftu\u011funu belirterek, \u201cAnlam\u0131yorlarsa anlamal\u0131lar\u201d s\u00f6zleriyle Arda G\u00fcler ve Endrick\u2019e ileti verdi\u011fini vurgulad\u0131.<\/p>\n<p><img decoding=\"async\" src=\"https:\/\/ikimisli.tr\/wp-content\/uploads\/2025\/06\/ancelotti-arda-gulerin-cevresinden-rahatsiz-2-4y9BgV2K.png\"\/><\/p>\n<p><b>&#8216;BU OLAY BANA ULA\u015eMADI&#8217;<\/b><\/p>\n<p>Deneyimli teknik adam, tart\u0131\u015fmalar\u0131n b\u00fcy\u00fcmesi \u00fczerine 25 \u015eubat\u2019taki bas\u0131n toplant\u0131s\u0131nda bahisle ilgili olarak \u015fu tabirleri kulland\u0131:<\/p>\n<p>\u201c\u015e\u00fcphesi olan t\u00fcm futbolcular benim odama gelebilir. Ben herkesle konu\u015fuyorum. Arda ile de Endrick ile de \u00f6teki gen\u00e7lerle de daima konu\u015fuyorum. Okudu\u011fum kadar\u0131yla bir \u2018G\u00fcler olay\u0131\u2019 var. Lakin bu olay bana ula\u015fmad\u0131.\u201d<\/p>\n<p>Ancelotti, Real Madrid\u2019deki rekabetin \u00e7ok y\u00fcksek oldu\u011funu vurgulayarak, \u201cBen oynad\u0131\u011f\u0131 vakit futbolcuyu keyifli g\u00f6rmek istiyorum. Oynamak isteyen \u00e7al\u0131\u015fmal\u0131, \u00f6\u011frenmeli. Fakat ben Arda ile k\u0131sa bir vakit ge\u00e7iriyorum. Di\u011ferleriyle daha uzun m\u00fcddet birlikte. Ve onlar\u0131n benimle birebir fikirde olup olmad\u0131klar\u0131n\u0131 bilmiyorum. Bu, ba\u011flant\u0131 eksikli\u011fi\u201d dedi.<\/p>\n<p><b>ANCELOTT\u0130&#8217;N\u0130N \u0130LET\u0130S\u0130 NET<\/b><\/p>\n<p>\u0130spanyol bas\u0131n\u0131, Ancelotti\u2019nin a\u00e7\u0131klamalar\u0131n\u0131 Arda G\u00fcler ve etraf\u0131na g\u00f6nderilen net bir bildiri olarak yorumlad\u0131. \u0130talyan teknik adam, gen\u00e7 oyuncunun yetene\u011fine inand\u0131\u011f\u0131n\u0131 lakin sab\u0131rl\u0131 olmas\u0131 gerekti\u011fini belirtirken, oyuncunun etraf\u0131n\u0131n de bu s\u00fcrece takviye olmas\u0131 gerekti\u011fini ima etti.<\/p>\n<p>Arda G\u00fcler\u2019in bundan sonraki s\u00fcre\u00e7te nas\u0131l bir performans sergileyece\u011fi ve Ancelotti\u2019nin verdi\u011fi bildirilere nas\u0131l kar\u015f\u0131l\u0131k verece\u011fi merak konusu olmaya devam ediyor.<\/p>\n","protected":false},"excerpt":{"rendered":"<p>Carlo Ancelotti&#8217;nin Arda G\u00fcler ve etraf\u0131yla ilgili yapt\u0131\u011f\u0131 a\u00e7\u0131klamalar, \u0130spanyol bas\u0131n\u0131nda geni\u015f yank\u0131 uyand\u0131rd\u0131. Tecr\u00fcbeli teknik adam, gen\u00e7 futbolcunun saha i\u00e7i performans\u0131n\u0131 \u00f6verken, \u0130spanyol yorumcular taraf\u0131ndan ele\u015ftirildi.<\/p>\n","protected":false},"author":1,"featured_media":47701,"comment_status":"open","ping_status":"open","sticky":false,"template":"","format":"standard","meta":{"footnotes":""},"categories":[30],"tags":[4549,4253,721,2551,1194],"class_list":["post-47700","post","type-post","status-publish","format-standard","has-post-thumbnail","hentry","category-spor","tag-ancelotti","tag-arda","tag-arda-guler","tag-mesaj","tag-real-madrid"],"_links":{"self":[{"href":"https:\/\/ikimisli.tr\/index.php\/wp-json\/wp\/v2\/posts\/47700","targetHints":{"allow":["GET"]}}],"collection":[{"href":"https:\/\/ikimisli.tr\/index.php\/wp-json\/wp\/v2\/posts"}],"about":[{"href":"https:\/\/ikimisli.tr\/index.php\/wp-json\/wp\/v2\/types\/post"}],"author":[{"embeddable":true,"href":"https:\/\/ikimisli.tr\/index.php\/wp-json\/wp\/v2\/users\/1"}],"replies":[{"embeddable":true,"href":"https:\/\/ikimisli.tr\/index.php\/wp-json\/wp\/v2\/comments?post=47700"}],"version-history":[{"count":1,"href":"https:\/\/ikimisli.tr\/index.php\/wp-json\/wp\/v2\/posts\/47700\/revisions"}],"predecessor-version":[{"id":47705,"href":"https:\/\/ikimisli.tr\/index.php\/wp-json\/wp\/v2\/posts\/47700\/revisions\/47705"}],"wp:featuredmedia":[{"embeddable":true,"href":"https:\/\/ikimisli.tr\/index.php\/wp-json\/wp\/v2\/media\/47701"}],"wp:attachment":[{"href":"https:\/\/ikimisli.tr\/index.php\/wp-json\/wp\/v2\/media?parent=47700"}],"wp:term":[{"taxonomy":"category","embeddable":true,"href":"https:\/\/ikimisli.tr\/index.php\/wp-json\/wp\/v2\/categories?post=47700"},{"taxonomy":"post_tag","embeddable":true,"href":"https:\/\/ikimisli.tr\/index.php\/wp-json\/wp\/v2\/tags?post=47700"}],"curies":[{"name":"wp","href":"https:\/\/api.w.org\/{rel}","templated":true}]}}