{"id":47749,"date":"2025-06-17T22:36:08","date_gmt":"2025-06-17T22:36:08","guid":{"rendered":"https:\/\/ikimisli.tr\/?p=47749"},"modified":"2025-06-17T22:36:08","modified_gmt":"2025-06-17T22:36:08","slug":"2024-yilinda-dovizle-askerlik-yapan-yukumlu-sayisi-belli-oldu","status":"publish","type":"post","link":"https:\/\/ikimisli.tr\/index.php\/2025\/06\/17\/2024-yilinda-dovizle-askerlik-yapan-yukumlu-sayisi-belli-oldu\/","title":{"rendered":"2024 y\u0131l\u0131nda d\u00f6vizle askerlik yapan y\u00fck\u00fcml\u00fc say\u0131s\u0131 belli oldu"},"content":{"rendered":"<p>G\u00fcler, Yeni Yol Partisi \u0130zmir Milletvekili Mustafa Bilici&#8217;nin, 2024 y\u0131l\u0131nda d\u00f6vizle askerlikten yararlanan vatanda\u015f say\u0131s\u0131na ait yaz\u0131l\u0131 soru \u00f6nergesini yan\u0131tlad\u0131.<\/p>\n<p>D\u00f6vizle askerli\u011fe ait y\u00f6ntem ve temellerin, Askeralma Kanunu&#8217;nun 39. hususunda d\u00fczenlendi\u011fine i\u015faret eden G\u00fcler, buna nazaran d\u00f6vizle askerlik bedelinin, 240 bin g\u00f6sterge say\u0131s\u0131n\u0131n memur ayl\u0131k katsay\u0131s\u0131 ile \u00e7arp\u0131m\u0131 sonucu bulunacak fiyat\u0131n kar\u015f\u0131l\u0131\u011f\u0131 Euro yahut konvertibl yabanc\u0131 \u00fclke paras\u0131 oldu\u011funu hat\u0131rlatt\u0131.<\/p>\n<p><b>&#8220;7 B\u0130N 885 Y\u00dcK\u00dcML\u00dc YARARLANDI&#8221;<\/b><\/p>\n<p>D\u00f6vizle askerlik i\u00e7in yap\u0131lan \u00f6demelerin b\u00fct\u00e7eye gelir olarak kaydedildi\u011finin alt\u0131n\u0131 \u00e7izen G\u00fcler, &#8220;2024 y\u0131l\u0131nda d\u00f6vizle askerlikten 7 bin 885 y\u00fck\u00fcml\u00fc yararlanm\u0131\u015ft\u0131r.&#8221; tabirini kulland\u0131.<\/p>\n<p>D\u00f6vizle askerlik m\u00fcracaat\u0131n\u0131n, internette yer alan &#8220;D\u00f6vizle Askerlik Uzaktan E\u011fitim Portal\u0131&#8221; \u00fczerinden uzaktan e\u011fitime m\u00fcracaat ve t\u0131pk\u0131 portaldan e\u011fitim s\u00fcrecinin elektronik ortamda yap\u0131lmas\u0131yla ba\u015flad\u0131\u011f\u0131n\u0131 aktaran G\u00fcler, m\u00fcteakiben m\u00fcracaat dok\u00fcmanlar\u0131 ile konsolosluklara m\u00fcracaat yap\u0131lmas\u0131 gerekti\u011fini belirtti.<\/p>\n<p>Bakan G\u00fcler, d\u00f6vizle askerlik s\u00fcre\u00e7lerine ait ayr\u0131nt\u0131l\u0131 bilgilerin msb.gov.tr\/Askeralma internet adresinde yer ald\u0131\u011f\u0131n\u0131 kaydetti.<\/p>\n<p><b>D\u00d6V\u0130ZLE ASKERL\u0130K NED\u0130R?<\/b><\/p>\n<p>Askeralma Kanunu&#8217;nun 39. unsuru mucibince, d\u00f6vizle askerlik hizmetinden faydalanacak y\u00fck\u00fcml\u00fclerin almas\u0131 gereken uzaktan e\u011fitim, ilgili internet portal\u0131 \u00fczerinden veriliyor.<\/p>\n<p>Bu portal\u0131 kullanabilmek i\u00e7in; askerlik \u00e7a\u011f\u0131na girmi\u015f ve \u015fimdi fiili askerlik hizmetine ba\u015flamam\u0131\u015f olmak, oturma yahut \u00e7al\u0131\u015fma m\u00fcsaadesine sahip olarak yurt d\u0131\u015f\u0131nda i\u015f\u00e7i\/i\u015fveren\/meslek sanat mensubu\/yabanc\u0131 bandral\u0131 gemilerde gemi adam\u0131 stat\u00fcs\u00fcnde T\u00fcrkiye&#8217;de ge\u00e7en m\u00fcddetler hari\u00e7 olmak \u00fczere en az 3 y\u0131l fiilen \u00e7al\u0131\u015fm\u0131\u015f olmak; \u00e7ok vatanda\u015f stat\u00fcs\u00fcnde olanlar\u0131n da T\u00fcrkiye&#8217;de ge\u00e7en m\u00fchletler hari\u00e7 olmak \u00fczere en az 3 y\u0131l fiilen yurt d\u0131\u015f\u0131nda bulunmu\u015f olmas\u0131 gerekiyor.<\/p>\n<p>Uzaktan e\u011fitim program\u0131n\u0131n tamamlanmas\u0131n\u0131n akabinde oturma ve \u00e7al\u0131\u015fma durumunu ispata yarayan dok\u00fcmanlar ve ge\u00e7erli pasaport ile ba\u011fl\u0131 bulunulan konsoloslu\u011fa m\u00fcracaat edilmesi gerekiyor.<\/p>\n","protected":false},"excerpt":{"rendered":"<p>Milli Savunma Bakan\u0131 Ya\u015far G\u00fcler, 2024 y\u0131l\u0131nda d\u00f6vizle askerlikten 7 bin 885 y\u00fck\u00fcml\u00fcn\u00fcn yararland\u0131\u011f\u0131n\u0131 bildirdi.<\/p>\n","protected":false},"author":1,"featured_media":47750,"comment_status":"open","ping_status":"open","sticky":false,"template":"","format":"standard","meta":{"footnotes":""},"categories":[25],"tags":[6825,1328,3770],"class_list":["post-47749","post","type-post","status-publish","format-standard","has-post-thumbnail","hentry","category-gundem","tag-dovizle-askerlik","tag-egitim","tag-guler"],"_links":{"self":[{"href":"https:\/\/ikimisli.tr\/index.php\/wp-json\/wp\/v2\/posts\/47749","targetHints":{"allow":["GET"]}}],"collection":[{"href":"https:\/\/ikimisli.tr\/index.php\/wp-json\/wp\/v2\/posts"}],"about":[{"href":"https:\/\/ikimisli.tr\/index.php\/wp-json\/wp\/v2\/types\/post"}],"author":[{"embeddable":true,"href":"https:\/\/ikimisli.tr\/index.php\/wp-json\/wp\/v2\/users\/1"}],"replies":[{"embeddable":true,"href":"https:\/\/ikimisli.tr\/index.php\/wp-json\/wp\/v2\/comments?post=47749"}],"version-history":[{"count":1,"href":"https:\/\/ikimisli.tr\/index.php\/wp-json\/wp\/v2\/posts\/47749\/revisions"}],"predecessor-version":[{"id":47751,"href":"https:\/\/ikimisli.tr\/index.php\/wp-json\/wp\/v2\/posts\/47749\/revisions\/47751"}],"wp:featuredmedia":[{"embeddable":true,"href":"https:\/\/ikimisli.tr\/index.php\/wp-json\/wp\/v2\/media\/47750"}],"wp:attachment":[{"href":"https:\/\/ikimisli.tr\/index.php\/wp-json\/wp\/v2\/media?parent=47749"}],"wp:term":[{"taxonomy":"category","embeddable":true,"href":"https:\/\/ikimisli.tr\/index.php\/wp-json\/wp\/v2\/categories?post=47749"},{"taxonomy":"post_tag","embeddable":true,"href":"https:\/\/ikimisli.tr\/index.php\/wp-json\/wp\/v2\/tags?post=47749"}],"curies":[{"name":"wp","href":"https:\/\/api.w.org\/{rel}","templated":true}]}}