{"id":47762,"date":"2025-06-17T23:24:08","date_gmt":"2025-06-17T23:24:08","guid":{"rendered":"https:\/\/ikimisli.tr\/?p=47762"},"modified":"2025-06-17T23:24:08","modified_gmt":"2025-06-17T23:24:08","slug":"instagrama-girenler-binbir-sikayetle-geri-cikti-instagrama-ne-oldu-metadan-aciklama-geldi","status":"publish","type":"post","link":"https:\/\/ikimisli.tr\/index.php\/2025\/06\/17\/instagrama-girenler-binbir-sikayetle-geri-cikti-instagrama-ne-oldu-metadan-aciklama-geldi\/","title":{"rendered":"Instagram&#8217;a girenler binbir \u015fikayetle geri \u00e7\u0131kt\u0131! Instagram&#8217;a ne oldu?  Meta&#8217;dan a\u00e7\u0131klama geldi"},"content":{"rendered":"<p>Instagram, milyonlarca ki\u015finin tercih etti\u011fi tan\u0131nan bir toplumsal medya platformu. Lakin son g\u00fcnlerde, \u00e7ok say\u0131da kullan\u0131c\u0131 Instagram Reels\u2019ta kar\u015f\u0131la\u015ft\u0131\u011f\u0131 rahats\u0131z edici i\u00e7eriklerden \u015fikayet\u00e7i. Kullan\u0131c\u0131lar, &#8220;Instagram&#8217;a ne oldu?&#8221; sorusunu soruyor.<\/p>\n<p><b><strong>HASSAS \u0130\u00c7ER\u0130KLER D\u0130REKT G\u00d6R\u00dcNT\u00dcLEN\u0130YOR<\/strong><\/b><\/p>\n<p>Bir\u00e7ok Instagram kullan\u0131c\u0131s\u0131, toplumsal medya ve forumlar arac\u0131l\u0131\u011f\u0131yla Instagram Reels\u2019ta \u015fiddet ve cinsel imgeler i\u00e7eren i\u00e7eriklerle kar\u015f\u0131la\u015ft\u0131\u011f\u0131n\u0131 belirtti. Kullan\u0131c\u0131lar, &#8220;Hassas \u0130\u00e7erik Kontrol\u00fc&#8221; \u00f6zelli\u011fini etkinle\u015ftirdikleri halde, kanl\u0131 i\u00e7erikler dahil olmak \u00fczere bir\u00e7ok rahats\u0131z edici g\u00f6r\u00fcnt\u00fcy\u00fc g\u00f6rd\u00fcklerini payla\u015ft\u0131.<\/p>\n<p><b><strong>META A\u00c7IKLAMA YAPTI<\/strong><\/b><\/p>\n<p>Meta, Instagram Reels ak\u0131\u015f\u0131nda \u00f6nerilmemesi gereken i\u00e7eriklerin g\u00f6sterilmesinin sebebinin bir kusur oldu\u011funu ve bu kusurun d\u00fczeltildi\u011fini duyurdu. Meta s\u00f6zc\u00fcs\u00fc, CNBC&#8217;ye yapt\u0131\u011f\u0131 a\u00e7\u0131klamada, &#8220;Baz\u0131 kullan\u0131c\u0131lar\u0131n Instagram Reels ak\u0131\u015flar\u0131nda \u00f6nerilmemesi gereken i\u00e7erikleri g\u00f6rmelerine neden olan bir yan\u0131lg\u0131y\u0131 d\u00fczelttik. Bu kusur i\u00e7in \u00f6z\u00fcr dileriz.&#8221; s\u00f6zlerine yer verdi.<\/p>\n","protected":false},"excerpt":{"rendered":"<p>D\u00fcn pek \u00e7ok Instagram kullan\u0131c\u0131s\u0131 t\u0131pk\u0131 meseleden \u015fikayet\u00e7i oldu. Pek \u00e7ok ki\u015finin ak\u0131\u015f\u0131 yenilenmedi, m\u00fcstehcen, kan ve \u015fiddet i\u00e7erikli hassas i\u00e7erikler direkt g\u00f6r\u00fcnt\u00fclendi.<\/p>\n","protected":false},"author":1,"featured_media":47763,"comment_status":"open","ping_status":"open","sticky":false,"template":"","format":"standard","meta":{"footnotes":""},"categories":[25],"tags":[2619,2927,1432],"class_list":["post-47762","post","type-post","status-publish","format-standard","has-post-thumbnail","hentry","category-gundem","tag-icerikler","tag-instagram","tag-kullanici"],"_links":{"self":[{"href":"https:\/\/ikimisli.tr\/index.php\/wp-json\/wp\/v2\/posts\/47762","targetHints":{"allow":["GET"]}}],"collection":[{"href":"https:\/\/ikimisli.tr\/index.php\/wp-json\/wp\/v2\/posts"}],"about":[{"href":"https:\/\/ikimisli.tr\/index.php\/wp-json\/wp\/v2\/types\/post"}],"author":[{"embeddable":true,"href":"https:\/\/ikimisli.tr\/index.php\/wp-json\/wp\/v2\/users\/1"}],"replies":[{"embeddable":true,"href":"https:\/\/ikimisli.tr\/index.php\/wp-json\/wp\/v2\/comments?post=47762"}],"version-history":[{"count":1,"href":"https:\/\/ikimisli.tr\/index.php\/wp-json\/wp\/v2\/posts\/47762\/revisions"}],"predecessor-version":[{"id":47764,"href":"https:\/\/ikimisli.tr\/index.php\/wp-json\/wp\/v2\/posts\/47762\/revisions\/47764"}],"wp:featuredmedia":[{"embeddable":true,"href":"https:\/\/ikimisli.tr\/index.php\/wp-json\/wp\/v2\/media\/47763"}],"wp:attachment":[{"href":"https:\/\/ikimisli.tr\/index.php\/wp-json\/wp\/v2\/media?parent=47762"}],"wp:term":[{"taxonomy":"category","embeddable":true,"href":"https:\/\/ikimisli.tr\/index.php\/wp-json\/wp\/v2\/categories?post=47762"},{"taxonomy":"post_tag","embeddable":true,"href":"https:\/\/ikimisli.tr\/index.php\/wp-json\/wp\/v2\/tags?post=47762"}],"curies":[{"name":"wp","href":"https:\/\/api.w.org\/{rel}","templated":true}]}}