{"id":4785,"date":"2025-01-18T16:00:01","date_gmt":"2025-01-18T16:00:01","guid":{"rendered":"https:\/\/ikimisli.tr\/?p=4785"},"modified":"2025-01-18T16:00:01","modified_gmt":"2025-01-18T16:00:01","slug":"ingilizler-bombayi-patlatti-mourinho-tottenhama-geliyor","status":"publish","type":"post","link":"https:\/\/ikimisli.tr\/index.php\/2025\/01\/18\/ingilizler-bombayi-patlatti-mourinho-tottenhama-geliyor\/","title":{"rendered":"\u0130ngilizler bombay\u0131 patlatt\u0131: Mourinho Tottenham&#8217;a geliyor!"},"content":{"rendered":"<p>Jose Mourinho ile ilgili Ada&#8217;dan gelen harikulade bir geli\u015fme ya\u015fan\u0131yor&#8230; Teknik y\u00f6neticilik de\u011fi\u015fikli\u011fi g\u00fcndemde olan \u0130ngiltere Premier Lig gruplar\u0131ndan Everton&#8217;da Jose Mourinho, Sean Dyche&#8217;\u0131n yerine ge\u00e7mek i\u00e7in favori aday olarak g\u00f6sterildi. The Sun&#8217;da yer alan haberde arg\u00fcmanlar epeyce ilgi cazip&#8230;<\/p>\n<p><b>YEN\u0130 SAH\u0130PLER\u0130N RAD\u0130KAL KARARI<\/b><\/p>\n<p>Everton&#8217;\u0131n yeni sahibi Friedkin Group&#8217;un, mevcut teknik adam Sean Dyche ile yollar\u0131 ay\u0131rmaya karar verdi\u011fi ve bu ayr\u0131l\u0131\u011f\u0131n \u00f6n\u00fcm\u00fczdeki hafta ger\u00e7ekle\u015febilece\u011fi tez ediliyor. Dyche, Peterborough United ile oynanacak FA Cup \u00fc\u00e7\u00fcnc\u00fc cins ma\u00e7\u0131 \u00f6ncesinde, &#8220;E\u011fer kul\u00fcb\u00fcn yeni sahipleri de\u011fi\u015fiklik d\u00fc\u015f\u00fcn\u00fcyorsa bu, onlar\u0131n i\u015flerini ciddiyetle yapt\u0131klar\u0131n\u0131n g\u00f6stergesidir&#8221; halinde a\u00e7\u0131klama yaparak, misyon de\u011fi\u015fikli\u011fine haz\u0131r oldu\u011funu belirtti.<\/p>\n<p><b>MOURINHO\u2019NUN \u0130SM\u0130 G\u00dcNDEMDE<\/b><\/p>\n<p><strong>The Sun&#8217;da yer alan habere nazaran; \u015fu anda Fenerbah\u00e7e&#8217;nin ba\u015f\u0131nda bulunan Jose Mourinho, Everton teknik y\u00f6neticili\u011fi i\u00e7in en g\u00fc\u00e7l\u00fc aday pozisyonunda.<\/strong> Portekizli teknik adam, Roma&#8217;daki vazifesinden Friedkin Group taraf\u0131ndan ge\u00e7ti\u011fimiz y\u0131l ayr\u0131lm\u0131\u015ft\u0131. Fakat bu ayr\u0131l\u0131k Mourinho\u2019nun mesle\u011finde derin izler b\u0131rakm\u0131\u015f ve kendisi bu veday\u0131 &#8220;En \u00e7ok can\u0131m\u0131 yakan ayr\u0131l\u0131k&#8221; olarak tan\u0131mlam\u0131\u015ft\u0131.<\/p>\n<p>\u015eu anda Fenerbah\u00e7e&#8217;nin ba\u015f\u0131nda olan Mourinho, S\u00fcper Lig&#8217;de ya\u015fad\u0131\u011f\u0131 hayal k\u0131r\u0131kl\u0131\u011f\u0131 nedeniyle T\u00fcrkiye&#8217;deki gelece\u011fi bilinmeyen. Premier Lig&#8217;e d\u00f6nme fikri ise tecr\u00fcbeli teknik adam i\u00e7in epey cazip g\u00f6r\u00fcn\u00fcyor.<\/p>\n<p><b>ANLA\u015eMANIN YAKIN OLDU\u011eU SAV ED\u0130LD\u0130<\/b><\/p>\n<p>Friedkin Group&#8217;un, Everton&#8217;un gelece\u011fi i\u00e7in radikal kararlar almaya haz\u0131rland\u0131\u011f\u0131 ve Mourinho ile mutabakat\u0131n yak\u0131n oldu\u011fu sav ediliyor. Everton taraftarlar\u0131 ise bu de\u011fi\u015fimin kul\u00fcp i\u00e7in yeni bir ba\u015flang\u0131\u00e7 olup olmayaca\u011f\u0131n\u0131 merakla bekliyor.<\/p>\n<p><b>DAVID MOYES DA L\u0130STEDE<\/b><\/p>\n<p>Everton&#8217;\u0131n eski teknik y\u00f6neticisi David Moyes da adaylar ortas\u0131nda yer al\u0131yor. Kul\u00fcb\u00fcn yeni stadyumu Bramley-Moore Dock&#8217;a ta\u015f\u0131naca\u011f\u0131 \u00f6n\u00fcm\u00fczdeki d\u00f6nem i\u00e7in deneyimli bir teknik y\u00f6neticiyle yola devam etmek isteyen idare, Moyes\u2019i de alternatif olarak pahaland\u0131r\u0131yor.<\/p>\n<p><b>DYCHE&#8217;IN GELECE\u011e\u0130 BEL\u0130RS\u0130Z<\/b><\/p>\n<p>Everton, bu sezon Premier Lig&#8217;de yaln\u0131zca 3 galibiyet alarak d\u00fc\u015fme \u00e7izgisinin sadece bir puan \u00fczerinde bulunuyor. Taraftarlar, Dyche&#8217;\u0131n oynatt\u0131\u011f\u0131 futbolu ele\u015ftirirken, deneyimli teknik adam\u0131n misyondan al\u0131nmas\u0131n\u0131n an sorunu oldu\u011fu belirtiliyor.<\/p>\n","protected":false},"excerpt":{"rendered":"<p>\u0130ngilizler, Premier Lig tak\u0131mlar\u0131ndan Everton&#8217;\u0131n yeni sahibi Friedkin Group&#8217;un teknik y\u00f6netici de\u011fi\u015fikli\u011fine karar verdi\u011fi ve Jose Mourinho&#8217;yu grubun ba\u015f\u0131na getirmeye haz\u0131rland\u0131klar\u0131n\u0131 duyurdu.<\/p>\n","protected":false},"author":1,"featured_media":4786,"comment_status":"open","ping_status":"open","sticky":false,"template":"","format":"standard","meta":{"footnotes":""},"categories":[30],"tags":[1299,1297,1298,1070],"class_list":["post-4785","post","type-post","status-publish","format-standard","has-post-thumbnail","hentry","category-spor","tag-dyche","tag-everton","tag-mourinho","tag-teknik"],"_links":{"self":[{"href":"https:\/\/ikimisli.tr\/index.php\/wp-json\/wp\/v2\/posts\/4785","targetHints":{"allow":["GET"]}}],"collection":[{"href":"https:\/\/ikimisli.tr\/index.php\/wp-json\/wp\/v2\/posts"}],"about":[{"href":"https:\/\/ikimisli.tr\/index.php\/wp-json\/wp\/v2\/types\/post"}],"author":[{"embeddable":true,"href":"https:\/\/ikimisli.tr\/index.php\/wp-json\/wp\/v2\/users\/1"}],"replies":[{"embeddable":true,"href":"https:\/\/ikimisli.tr\/index.php\/wp-json\/wp\/v2\/comments?post=4785"}],"version-history":[{"count":1,"href":"https:\/\/ikimisli.tr\/index.php\/wp-json\/wp\/v2\/posts\/4785\/revisions"}],"predecessor-version":[{"id":4787,"href":"https:\/\/ikimisli.tr\/index.php\/wp-json\/wp\/v2\/posts\/4785\/revisions\/4787"}],"wp:featuredmedia":[{"embeddable":true,"href":"https:\/\/ikimisli.tr\/index.php\/wp-json\/wp\/v2\/media\/4786"}],"wp:attachment":[{"href":"https:\/\/ikimisli.tr\/index.php\/wp-json\/wp\/v2\/media?parent=4785"}],"wp:term":[{"taxonomy":"category","embeddable":true,"href":"https:\/\/ikimisli.tr\/index.php\/wp-json\/wp\/v2\/categories?post=4785"},{"taxonomy":"post_tag","embeddable":true,"href":"https:\/\/ikimisli.tr\/index.php\/wp-json\/wp\/v2\/tags?post=4785"}],"curies":[{"name":"wp","href":"https:\/\/api.w.org\/{rel}","templated":true}]}}