{"id":47868,"date":"2025-06-18T05:00:05","date_gmt":"2025-06-18T05:00:05","guid":{"rendered":"https:\/\/ikimisli.tr\/?p=47868"},"modified":"2025-06-18T05:00:05","modified_gmt":"2025-06-18T05:00:05","slug":"sumukleriniz-buna-benziyorsa-bir-doktora-gorunmenin-zamani-gelmis-olabilir","status":"publish","type":"post","link":"https:\/\/ikimisli.tr\/index.php\/2025\/06\/18\/sumukleriniz-buna-benziyorsa-bir-doktora-gorunmenin-zamani-gelmis-olabilir\/","title":{"rendered":"S\u00fcm\u00fckleriniz buna benziyorsa, bir doktora g\u00f6r\u00fcnmenin zaman\u0131 gelmi\u015f olabilir!"},"content":{"rendered":"<p>PlushCare&#8217;de aile tabibi olan Dr. Stephen Vogel, &#8220;Mukus, hava yollar\u0131m\u0131z\u0131 nemli tutmak ve ba\u011f\u0131\u015f\u0131kl\u0131k sistemimizle birlikte \u00e7al\u0131\u015farak bedenimize ziyan verebilecek tahri\u015f edici hususlar, enfeksiyonlar yahut \u00f6b\u00fcr iltihaplarla sava\u015fmak i\u00e7in do\u011fal bir \u00fcr\u00fcnd\u00fcr&#8221; dedi. &#8220;Normal mukus, bir\u00e7ok insan i\u00e7in berrak ya da beyaz renkte g\u00f6r\u00fcn\u00fcr.&#8221; S\u00fcm\u00fckleriniz berrak de\u011filse, alerji yahut daha \u00f6nemli bir \u015fey ya\u015f\u0131yor olabilirsiniz.\u00a0<\/p>\n<p><b><strong>Sar\u0131<\/strong><\/b><\/p>\n<p>Sar\u0131 mukus ekseriyetle bedeninizin bir enfeksiyonla sava\u015ft\u0131\u011f\u0131n\u0131 g\u00f6sterir. Bu durum, \u00e7oklukla beyaz kan h\u00fccrelerinin bir bakteri yahut vir\u00fcsle sava\u015fmas\u0131n\u0131n direkt bir sonucudur.\u00a0<\/p>\n<p>NorthWestPharmacy.com&#8217;da aile doktoru ve s\u0131hhat hizmetleri el\u00e7isi olan Dr. Brynna Connor, &#8220;Sar\u0131 mukus, bedeninizin ba\u011f\u0131\u015f\u0131kl\u0131k sistemi aktive oldu\u011funda daha kal\u0131n ve a\u011f\u0131r hale gelme e\u011filimindedir,&#8221; dedi. &#8220;Sar\u0131 mukusun m\u00fcmk\u00fcn nedenleri ortas\u0131nda so\u011fuk alg\u0131nl\u0131\u011f\u0131, sin\u00fczit (sin\u00fcs enfeksiyonu) yahut bron\u015fit (solunum yolu enfeksiyonu) \u00fczere bakteriyel enfeksiyonlar yer al\u0131r.&#8221;<\/p>\n<p><b>Ye\u015fil<\/b><\/p>\n<p>Ye\u015fil mukus, daha \u00f6nemli bir bakteriyel enfeksiyonun belirtisi olabilir. Dr. Brynna Connor&#8217;a g\u00f6re, ye\u015fil renk, beyaz kan h\u00fccrelerinin enfeksiyonla sava\u015f\u0131rken salg\u0131lad\u0131\u011f\u0131 enzimlerden kaynaklan\u0131r ve \u00e7oklukla uzun periyodik yahut daha a\u011f\u0131r bir ba\u011f\u0131\u015f\u0131kl\u0131k reaksiyonunu g\u00f6sterir.<\/p>\n<p>Ye\u015fil mukusun m\u00fcmk\u00fcn birtak\u0131m nedenleri ortas\u0131nda bakteriyel sin\u00fcs enfeksiyonu, bakteriyel bron\u015fit yahut zat\u00fcrre yer al\u0131r. Lakin ye\u015fil mukus, sin\u00fcslerinizde uzun m\u00fcddettir bulunan s\u00fcm\u00fcklerden de olu\u015fabilir.<\/p>\n<p><b>Kahverengi<\/b><\/p>\n<p>Kahverengi mukus, sar\u0131 ve ye\u015fil mukus kadar yayg\u0131n olmasa da varl\u0131\u011f\u0131n\u0131 fark etmeyebilirsiniz. Atrium Health&#8217;te kulak, burun ve bo\u011faz cerrah\u0131 olan Dr. Amanda Jo Marcellino, &#8220;Kahverengi mukus, konutlar\u0131m\u0131zdaki havan\u0131n daha az nemli oldu\u011fu so\u011fuk mevsimlerde daha yayg\u0131nd\u0131r,&#8221; dedi. &#8220;Bu durum, kuru burun salg\u0131lar\u0131na ve ekseriyetle burundaki mukusun kahverengi olmas\u0131na yol a\u00e7an az \u00f6l\u00e7\u00fcde kana neden olabilir.&#8221;<\/p>\n<p>Dr. Connor, kahverengi mukusun bron\u015fit yahut zat\u00fcrre belirtisi olabilece\u011fini belirtti. Bilhassa \u00f6ks\u00fcr\u00fck, ate\u015f ve nefes darl\u0131\u011f\u0131 \u00fczere di\u011fer semptomlar\u0131n\u0131z varsa, bu durumu g\u00f6z \u00f6n\u00fcnde bulundurman\u0131z gerekti\u011fini s\u00f6yledi.<\/p>\n<p><b>Pembe\u00a0<\/b><\/p>\n<p>S\u00fcm\u00fc\u011f\u00fcn\u00fcz\u00fcn k\u0131rm\u0131z\u0131ms\u0131 pembe renkte oldu\u011funu fark ederseniz, bu sin\u00fcslerinizde yahut hava yollar\u0131n\u0131zda bir yaralanma ya da sorun oldu\u011funu g\u00f6sterebilir. Dr. Connor, &#8220;Pembe veya k\u0131rm\u0131z\u0131\/kanl\u0131 mukus ekseriyetle hava yolunuzun tahri\u015f oldu\u011funun yahut teneff\u00fcs yolunuzda travma ya\u015fand\u0131\u011f\u0131n\u0131n bir i\u015faretidir&#8221; dedi.<\/p>\n<p><b>Siyah<\/b><\/p>\n<p>Siyah mukus, \u00e7ok yayg\u0131n olmasa da hayat\u0131n\u0131z\u0131n bir noktas\u0131nda kar\u015f\u0131la\u015fabilece\u011finiz bir sorun olabilir. Ciba Health&#8217;in ba\u015f t\u0131bbi vazifelisi Dr. Markyia Nichols, &#8220;Siyah mukus, eski kurumu\u015f kan, enfeksiyon yahut mukus i\u00e7inde hapsolmu\u015f \u00e7evresel fakt\u00f6rlerin &#8211; hava kirlili\u011fi, duman, kir\/toz &#8211; bir i\u015fareti olabilir&#8221; dedi. &#8220;Ayr\u0131ca siyah mukus, bir mantar enfeksiyonunun da belirtisi olabilir.&#8221;<\/p>\n","protected":false},"excerpt":{"rendered":"<p>S\u00fcm\u00fckleriniz, renginden k\u0131vam\u0131na kadar s\u0131hhatiniz hakk\u0131nda ipu\u00e7lar\u0131 verir ve bu bahiste ne vakit doktora g\u00f6r\u00fcnmeniz gerekti\u011fini de size s\u00f6yler.\u00a0\u0130\u015fte s\u00fcm\u00fc\u011f\u00fcn rengine nazaran muhtemel hastal\u0131klar&#8230;<\/p>\n","protected":false},"author":1,"featured_media":47869,"comment_status":"open","ping_status":"open","sticky":false,"template":"","format":"standard","meta":{"footnotes":""},"categories":[29],"tags":[2066,6829,1546,500],"class_list":["post-47868","post","type-post","status-publish","format-standard","has-post-thumbnail","hentry","category-saglik","tag-enfeksiyon","tag-mukus","tag-yesil","tag-yol"],"_links":{"self":[{"href":"https:\/\/ikimisli.tr\/index.php\/wp-json\/wp\/v2\/posts\/47868","targetHints":{"allow":["GET"]}}],"collection":[{"href":"https:\/\/ikimisli.tr\/index.php\/wp-json\/wp\/v2\/posts"}],"about":[{"href":"https:\/\/ikimisli.tr\/index.php\/wp-json\/wp\/v2\/types\/post"}],"author":[{"embeddable":true,"href":"https:\/\/ikimisli.tr\/index.php\/wp-json\/wp\/v2\/users\/1"}],"replies":[{"embeddable":true,"href":"https:\/\/ikimisli.tr\/index.php\/wp-json\/wp\/v2\/comments?post=47868"}],"version-history":[{"count":1,"href":"https:\/\/ikimisli.tr\/index.php\/wp-json\/wp\/v2\/posts\/47868\/revisions"}],"predecessor-version":[{"id":47870,"href":"https:\/\/ikimisli.tr\/index.php\/wp-json\/wp\/v2\/posts\/47868\/revisions\/47870"}],"wp:featuredmedia":[{"embeddable":true,"href":"https:\/\/ikimisli.tr\/index.php\/wp-json\/wp\/v2\/media\/47869"}],"wp:attachment":[{"href":"https:\/\/ikimisli.tr\/index.php\/wp-json\/wp\/v2\/media?parent=47868"}],"wp:term":[{"taxonomy":"category","embeddable":true,"href":"https:\/\/ikimisli.tr\/index.php\/wp-json\/wp\/v2\/categories?post=47868"},{"taxonomy":"post_tag","embeddable":true,"href":"https:\/\/ikimisli.tr\/index.php\/wp-json\/wp\/v2\/tags?post=47868"}],"curies":[{"name":"wp","href":"https:\/\/api.w.org\/{rel}","templated":true}]}}