{"id":47905,"date":"2025-06-18T07:00:08","date_gmt":"2025-06-18T07:00:08","guid":{"rendered":"https:\/\/ikimisli.tr\/?p=47905"},"modified":"2025-06-18T07:00:08","modified_gmt":"2025-06-18T07:00:08","slug":"akpli-baskandan-su-zamlarina-ilginc-savunma-suyu-ucuzlatirsak-daha-cok-kullanirlar","status":"publish","type":"post","link":"https:\/\/ikimisli.tr\/index.php\/2025\/06\/18\/akpli-baskandan-su-zamlarina-ilginc-savunma-suyu-ucuzlatirsak-daha-cok-kullanirlar\/","title":{"rendered":"AKP\u2019li Ba\u015fkandan su zamlar\u0131na ilgin\u00e7 savunma! &#8216;Suyu ucuzlat\u0131rsak daha \u00e7ok kullan\u0131rlar&#8217;"},"content":{"rendered":"<p>AKP\u2019nin kalesi olarak bilinen Konya\u2019da su faturalar\u0131 elektrik faturalar\u0131n\u0131 sollay\u0131nca vatanda\u015f\u0131n<br \/>tepkisi artt\u0131. Konya\u2019da vatanda\u015f\u0131n su faturalar\u0131na reaksiyon g\u00f6stermesine y\u00f6nelik soruyu<br \/>yan\u0131tlayan AKP\u2019li Konya B\u00fcy\u00fck\u015fehir Belediye Ba\u015fkan\u0131 U\u011fur \u0130brahim Altay, \u201cMevcut<br \/>durumlarda suyu ucuzlatmak, suyun daha \u00e7ok kullan\u0131m\u0131na vesile olaca\u011f\u0131 i\u00e7in bunu tasarruf<br \/>arac\u0131 olarak kullan\u0131yoruz\u201d dedi.<\/p>\n<p>Konya\u2019da her 3 ayda bir su fiyatlar\u0131na TEFE oran\u0131nda art\u0131r\u0131m yap\u0131l\u0131yor. Bir vakitler T\u00fcrkiye\u2019de<br \/>suda en ucuz kentlerden olan Konya\u2019da \u00fcst \u00fcste gelen art\u0131r\u0131mlar\u0131n akabinde kentte su faturalar\u0131<br \/>elektrik faturalar\u0131n\u0131 ge\u00e7ti.<\/p>\n<p><b><strong>KABARIK SU FATURALARI REAKS\u0130YON \u00c7EK\u0130YOR<\/strong><\/b><\/p>\n<p>Kabar\u0131k su faturalar\u0131na Konyal\u0131lar\u0131n reaksiyonu her ge\u00e7en g\u00fcn artarken, AKP\u2019li Konya B\u00fcy\u00fck\u015fehir<br \/>Belediye Ba\u015fkan\u0131 U\u011fur \u0130brahim Altay\u2019dan farkl\u0131 bir a\u00e7\u0131klama geldi. Konya\u2019da kat\u0131ld\u0131\u011f\u0131 bir<br \/>televizyon kanal\u0131nda gazetecilerin sorular\u0131n\u0131 yan\u0131tlayan Altay, kentte en \u00e7ok \u015fikayet edilen<br \/>konular\u0131n ba\u015f\u0131nda y\u00fcksek su faturalar\u0131 geldi\u011fini itiraf etti.<\/p>\n<p><b><strong>SUYUN DE\u011eERL\u0130 OLDU\u011eUNU KABUL ETT\u0130<\/strong><\/b><\/p>\n<p>Kentin kurakl\u0131kla bo\u011fu\u015ftu\u011funu kaydeden AKP\u2019li Altay, kentte suyun de\u011ferli oldu\u011funu da kabul<br \/>etti. AKP\u2019li Lider Altay, suyu ucuzlatmalar\u0131 durumunda vatanda\u015f\u0131n daha \u00e7ok kullanaca\u011f\u0131n\u0131<br \/>da belirterek \u015funlar\u0131 s\u00f6yledi:<\/p>\n<p>\u201cKonya, su a\u00e7\u0131s\u0131ndan yoksul bir kent NASA datalar\u0131na nazaran iklim de\u011fi\u015fikli\u011finden sonra \u00e7\u00f6lle\u015fme<br \/>riskinin en y\u00fcksek oldu\u011fu kentlerden birisinde ya\u015f\u0131yoruz. Su fiyatlar\u0131m\u0131z\u0131 biz 3 ayda bir TEFE<br \/>oran\u0131nda g\u00fcncelliyoruz. Konya&#8217;daki su fiyatlar\u0131 \u015fu an 30.27 lira 15 metrek\u00fcpe kadar.<br \/>Eski\u015fehir&#8217;de 33 ile ba\u015flay\u0131p \u0130zmir&#8217;de 62 liraya varan hatta \u0130stanbul&#8217;da 40 lira olan su fiyatlar\u0131<br \/>var. Asl\u0131nda B\u00fcy\u00fck\u015fehir ortalamas\u0131na bakarsan\u0131z Konya&#8217;n\u0131n su fiyat\u0131 30 b\u00fcy\u00fck\u015fehrin yakla\u015f\u0131k<br \/>ortas\u0131 fiyat\u0131nda. Buna kar\u015f\u0131n de\u011ferli m\u0131? Evet de\u011ferli fakat bundaki gaye geliri art\u0131rmak de\u011fil.<br \/>Hakikaten su sorunu ya\u015f\u0131yoruz. Su tasarrufunun k\u0131ymetli oldu\u011funu d\u00fc\u015f\u00fcn\u00fcyoruz. Ayr\u0131ca<br \/>bizim i\u00e7me suyu olarak getirdi\u011fimiz suyun zira\u00ee ve hayvansal sulamada kullan\u0131lmas\u0131 ciddi<br \/>bir sorun olu\u015fturuyor. Biz bu suyu ar\u0131tma tesislerinde ge\u00e7irerek i\u00e7me suyu haline<br \/>getiriyoruz. Su fiyat\u0131n\u0131n ucuz olmas\u0131 durumunda, bu zira\u00ee \u00fcretimde de kullan\u0131l\u0131yor. Su<br \/>kaynaklar\u0131 \u00fczerinde \u00f6nemli bir bask\u0131 olu\u015fturuyor. Biz vatanda\u015f\u0131m\u0131za en ucuza hizmet vermek<br \/>isteriz. Hem ula\u015f\u0131m da hem suda da en ucuzu olsun diyoruz fakat mevcut durumlarda suyu<br \/>ucuzlatmak, suyun daha \u00e7ok kullan\u0131m\u0131na vesile olaca\u011f\u0131 i\u00e7in bunu tasarruf arac\u0131 olarak<br \/>kullan\u0131yoruz. Ayr\u0131yeten \u00f6teki kentlere bakt\u0131\u011f\u0131n\u0131zda da \u00f6b\u00fcr kentlere g\u00f6re su fiyatlar\u0131n\u0131n \u00e7ok<br \/>y\u00fcksek olmad\u0131\u011f\u0131n\u0131 fark ediyoruz. Her alanda tasarruf etmemiz gerekiyor.\u201d<\/p>\n","protected":false},"excerpt":{"rendered":"<p>AKP\u2019li Liderden su art\u0131r\u0131mlar\u0131na farkl\u0131 savunma! Suyu ucuzlat\u0131rsak daha \u00e7ok kullan\u0131rlar<br \/>\nAKP\u2019nin kalesi olarak bilinen Konya\u2019da su faturalar\u0131 elektrik faturalar\u0131n\u0131 sollay\u0131nca vatanda\u015f\u0131n<br \/>\ntepkisi artt\u0131. Konya\u2019da vatanda\u015f\u0131n su faturalar\u0131na reaksiyon g\u00f6stermesine y\u00f6nelik soruyu<br \/>\nyan\u0131tlayan AKP\u2019li Konya B\u00fcy\u00fck\u015fehir Belediye Ba\u015fkan\u0131 U\u011fur \u0130brahim Altay, \u201cMevcut<br \/>\ndurumlarda suyu ucuzlatmak, suyun daha \u00e7ok kullan\u0131m\u0131na vesile olaca\u011f\u0131 i\u00e7in bunu tasarruf<br \/>\narac\u0131 olarak kullan\u0131yoruz\u201d dedi.<\/p>\n","protected":false},"author":1,"featured_media":47906,"comment_status":"open","ping_status":"open","sticky":false,"template":"","format":"standard","meta":{"footnotes":""},"categories":[25],"tags":[2133,929,6833,6834,5412],"class_list":["post-47905","post","type-post","status-publish","format-standard","has-post-thumbnail","hentry","category-gundem","tag-konya","tag-sehir","tag-su-faturalari","tag-su-fiyatlari","tag-ucuz"],"_links":{"self":[{"href":"https:\/\/ikimisli.tr\/index.php\/wp-json\/wp\/v2\/posts\/47905","targetHints":{"allow":["GET"]}}],"collection":[{"href":"https:\/\/ikimisli.tr\/index.php\/wp-json\/wp\/v2\/posts"}],"about":[{"href":"https:\/\/ikimisli.tr\/index.php\/wp-json\/wp\/v2\/types\/post"}],"author":[{"embeddable":true,"href":"https:\/\/ikimisli.tr\/index.php\/wp-json\/wp\/v2\/users\/1"}],"replies":[{"embeddable":true,"href":"https:\/\/ikimisli.tr\/index.php\/wp-json\/wp\/v2\/comments?post=47905"}],"version-history":[{"count":1,"href":"https:\/\/ikimisli.tr\/index.php\/wp-json\/wp\/v2\/posts\/47905\/revisions"}],"predecessor-version":[{"id":47907,"href":"https:\/\/ikimisli.tr\/index.php\/wp-json\/wp\/v2\/posts\/47905\/revisions\/47907"}],"wp:featuredmedia":[{"embeddable":true,"href":"https:\/\/ikimisli.tr\/index.php\/wp-json\/wp\/v2\/media\/47906"}],"wp:attachment":[{"href":"https:\/\/ikimisli.tr\/index.php\/wp-json\/wp\/v2\/media?parent=47905"}],"wp:term":[{"taxonomy":"category","embeddable":true,"href":"https:\/\/ikimisli.tr\/index.php\/wp-json\/wp\/v2\/categories?post=47905"},{"taxonomy":"post_tag","embeddable":true,"href":"https:\/\/ikimisli.tr\/index.php\/wp-json\/wp\/v2\/tags?post=47905"}],"curies":[{"name":"wp","href":"https:\/\/api.w.org\/{rel}","templated":true}]}}