{"id":47947,"date":"2025-06-18T09:36:07","date_gmt":"2025-06-18T09:36:07","guid":{"rendered":"https:\/\/ikimisli.tr\/?p=47947"},"modified":"2025-06-18T09:36:07","modified_gmt":"2025-06-18T09:36:07","slug":"48-saat-icinde-olduren-aglama-hastaliginin-belirtileri-ortaya-cikti","status":"publish","type":"post","link":"https:\/\/ikimisli.tr\/index.php\/2025\/06\/18\/48-saat-icinde-olduren-aglama-hastaliginin-belirtileri-ortaya-cikti\/","title":{"rendered":"48 saat i\u00e7inde \u00f6ld\u00fcren &#8216;a\u011flama hastal\u0131\u011f\u0131n\u0131n&#8217; belirtileri ortaya \u00e7\u0131kt\u0131"},"content":{"rendered":"<p>Yetkililer, 50&#8217;den fazla ki\u015finin vefat\u0131na sebep olan yeni vir\u00fcs\u00fcn Ebola ve Marburg gib ibilinen kanamal\u0131 ate\u015f olaylar\u0131yla kontakl\u0131 olmad\u0131\u011f\u0131n\u0131 belirtiyor.<\/p>\n<p><b>HER \u015eEY \u00dc\u00c7 \u00c7OCU\u011eUN YARASA YEMES\u0130YLE BA\u015eLADI<\/b><\/p>\n<p>Vakalar, 21 Ocak&#8217;ta Bokolo kasabas\u0131nda ortaya \u00e7\u0131kt\u0131. \u00dc\u00e7 k\u00fc\u00e7\u00fck \u00e7ocu\u011fun meyyit bir yarasa yedikten sonra hastaland\u0131\u011f\u0131 bildirildi.<\/p>\n<p>Hastal\u0131\u011f\u0131n belirtileri ortas\u0131nda y\u00fcksek ate\u015f, kusma, i\u00e7 kanama, ishal ve \u00e7ok yorgunluk bulunuyor.<\/p>\n<p><b>\u00c7OCUKLAR DA\u0130MA A\u011eLAMA KR\u0130ZLER\u0130NE G\u0130R\u0130YOR<\/b><\/p>\n<p>Hastalar\u0131n \u015fikayetlerine ayr\u0131yeten boyun ve eklem a\u011fr\u0131lar\u0131, nefes darl\u0131\u011f\u0131 ve \u00e7ok terleme e\u015flik ediyor. 59 ya\u015f\u0131n alt\u0131ndaki hastalarda \u00e7ok susuzluk g\u00f6r\u00fcl\u00fcrken, \u00e7ocuklar daima a\u011flama krizlerine giriyor. \u015eimdi yap\u0131s\u0131 \u00e7\u00f6z\u00fcmlenemeyen hastal\u0131k, bu nedenle \u015fimdilik &#8220;a\u011flama hastal\u0131\u011f\u0131&#8221; olarak isimlendirildi.<\/p>\n<p>\u015eu ana kadar hastal\u0131\u011f\u0131n kesin nedeni belirlenemedi. Hastalar \u00fczerinde yap\u0131lan testlerde, hadiselerin yakla\u015f\u0131k yar\u0131s\u0131nda s\u0131tma da tespit edildi. Ayr\u0131yeten bir\u00e7ok hastan\u0131n yetersiz beslenme sorunu ya\u015fad\u0131\u011f\u0131 da bildirildi.<\/p>\n<p>\u0130ngiltere&#8217;deki Southampton \u00dcniversitesi&#8217;nde global s\u0131hhat ara\u015ft\u0131rmac\u0131s\u0131 olan Dr. Michael Head, salg\u0131nla ilgili \u00f6nemli belirsizlikler oldu\u011funu belirterek, &#8220;Bu cins salg\u0131nlar ekseriyetle s\u00fcratli bir formda denetim alt\u0131na al\u0131n\u0131r. Fakat burada y\u00fczlerce hadise ve 50&#8217;den fazla vefat var. Bu durum tela\u015f verici&#8221; diye konu\u015ftu.<\/p>\n<p><b>DS\u00d6 VE BM&#8217;DEN AC\u0130L KODLU UYARI<\/b><\/p>\n<p>D\u00fcnya S\u0131hhat \u00d6rg\u00fct\u00fc (DS\u00d6), salg\u0131n\u0131n zehirli bir unsur, vir\u00fcs yahut bakteri kaynakl\u0131 olup olmad\u0131\u011f\u0131n\u0131 \u015fimdi belirleyemediklerini a\u00e7\u0131klad\u0131. Birle\u015fmi\u015f Milletler (BM) ise salg\u0131n\u0131n daha fazla yay\u0131lmas\u0131n\u0131 \u00f6nlemek i\u00e7in acil laboratuvar ara\u015ft\u0131rmalar\u0131, hasta izolasyonu ve t\u0131bbi m\u00fcdahalenin h\u0131zland\u0131r\u0131lmas\u0131 gerekti\u011fini duyurdu.<\/p>\n<p>Kongo&#8217;daki salg\u0131n\u0131n yay\u0131lma surat\u0131 ve mevt oran\u0131 nedeniyle uzmanlar, acil tedbirler al\u0131nmazsa b\u00f6lgesel bir s\u0131hhat krizine d\u00f6n\u00fc\u015febilece\u011fi konusunda uyar\u0131yor.<\/p>\n","protected":false},"excerpt":{"rendered":"<p>Kongo Demokratik Cumhuriyeti&#8217;nde gizemli bir hastal\u0131k s\u00fcratle yay\u0131l\u0131yor. \u015eu ana kadar 400&#8217;den fazla ki\u015fiyi etkileyen ve 50&#8217;den fazla ki\u015finin vefat\u0131na yol a\u00e7an salg\u0131n\u0131n nedeni bilinmese de belirtileri ay\u0131rt edildi&#8230;<\/p>\n","protected":false},"author":1,"featured_media":47948,"comment_status":"open","ping_status":"open","sticky":false,"template":"","format":"standard","meta":{"footnotes":""},"categories":[29],"tags":[519],"class_list":["post-47947","post","type-post","status-publish","format-standard","has-post-thumbnail","hentry","category-saglik","tag-hasta"],"_links":{"self":[{"href":"https:\/\/ikimisli.tr\/index.php\/wp-json\/wp\/v2\/posts\/47947","targetHints":{"allow":["GET"]}}],"collection":[{"href":"https:\/\/ikimisli.tr\/index.php\/wp-json\/wp\/v2\/posts"}],"about":[{"href":"https:\/\/ikimisli.tr\/index.php\/wp-json\/wp\/v2\/types\/post"}],"author":[{"embeddable":true,"href":"https:\/\/ikimisli.tr\/index.php\/wp-json\/wp\/v2\/users\/1"}],"replies":[{"embeddable":true,"href":"https:\/\/ikimisli.tr\/index.php\/wp-json\/wp\/v2\/comments?post=47947"}],"version-history":[{"count":1,"href":"https:\/\/ikimisli.tr\/index.php\/wp-json\/wp\/v2\/posts\/47947\/revisions"}],"predecessor-version":[{"id":47949,"href":"https:\/\/ikimisli.tr\/index.php\/wp-json\/wp\/v2\/posts\/47947\/revisions\/47949"}],"wp:featuredmedia":[{"embeddable":true,"href":"https:\/\/ikimisli.tr\/index.php\/wp-json\/wp\/v2\/media\/47948"}],"wp:attachment":[{"href":"https:\/\/ikimisli.tr\/index.php\/wp-json\/wp\/v2\/media?parent=47947"}],"wp:term":[{"taxonomy":"category","embeddable":true,"href":"https:\/\/ikimisli.tr\/index.php\/wp-json\/wp\/v2\/categories?post=47947"},{"taxonomy":"post_tag","embeddable":true,"href":"https:\/\/ikimisli.tr\/index.php\/wp-json\/wp\/v2\/tags?post=47947"}],"curies":[{"name":"wp","href":"https:\/\/api.w.org\/{rel}","templated":true}]}}