{"id":47953,"date":"2025-06-18T10:00:08","date_gmt":"2025-06-18T10:00:08","guid":{"rendered":"https:\/\/ikimisli.tr\/?p=47953"},"modified":"2025-06-18T10:00:08","modified_gmt":"2025-06-18T10:00:08","slug":"ciftciye-bir-darbeyi-de-akp-ve-mhpde-onerge-reddedildi","status":"publish","type":"post","link":"https:\/\/ikimisli.tr\/index.php\/2025\/06\/18\/ciftciye-bir-darbeyi-de-akp-ve-mhpde-onerge-reddedildi\/","title":{"rendered":"\u00c7ift\u00e7iye bir darbeyi de AKP ve MHP&#8217;de: \u00d6nerge reddedildi"},"content":{"rendered":"<p>CHP Adana Milletvekili, TBMM Tar\u0131m, Orman ve K\u00f6yi\u015fleri Komitesi \u00dcyesi Ayhan Barut, Do\u011fu Akdeniz B\u00f6lgesi&#8217;nde ya\u015fanan zirai don felaketini Meclis g\u00fcndemine ta\u015f\u0131yarak \u00fclke tar\u0131m\u0131, \u00e7ift\u00e7isi ve iktisad\u0131na takviye i\u00e7in acil hareket plan\u0131 haz\u0131rlanmas\u0131n\u0131 istedi. Ekili ve dikili tar\u0131m alanlar\u0131nda b\u00fcy\u00fck hasar olu\u015fan \u00e7ift\u00e7i ile besin eserlerini de\u011ferliye t\u00fcketmek istemeyen halk\u0131n d\u00f6rt g\u00f6zle bekledi\u011fi karar i\u00e7in sunulan \u00f6nerge, AKP ve MHP oylar\u0131yla reddedildi. Olan yurtta\u015flara, \u00fclke tar\u0131m\u0131, iktisad\u0131 ve \u00e7ift\u00e7isine oldu.<\/p>\n<p><b>&#8220;\u00c7\u0130FT\u00c7\u0130LERE B\u00dcY\u00dcK DARBE&#8221;<\/b><\/p>\n<p>CHP Adana Milletvekili Ayhan Barut, Do\u011fu Akdeniz&#8217;de ya\u015fanan zirai don felaketine kar\u015f\u0131 acil hareket plan\u0131n\u0131n hayata ge\u00e7irilmesi emeliyle T\u00fcrkiye B\u00fcy\u00fck Millet Meclisi Ba\u015fkanl\u0131\u011f\u0131&#8217;na Meclis Ara\u015ft\u0131rmas\u0131 \u00f6nergesi sundu. \u00d6nergenin detaylar\u0131n\u0131 payla\u015fmak \u00fczere Genel Kurul&#8217;da k\u00fcrs\u00fcye \u00e7\u0131kan Barut, iktidar partisi milletvekillerinin oturuma ilgi g\u00f6stermemesine reaksiyon g\u00f6sterdi. Ya\u015fanan problemleri anlatan Barut, &#8220;Ne yaz\u0131k ki i\u00e7imiz kan a\u011fl\u0131yor; \u00fclke tar\u0131m\u0131 \u00e7\u00f6k\u00fcyor, \u00e7ift\u00e7ilerimiz ise feryat ediyor. Halk\u0131m\u0131z ise ucuza ekmekten ete hi\u00e7bir besin eserini alam\u0131yor, a\u00e7l\u0131k ve yoksulluk sistemi ocaklar\u0131m\u0131z\u0131 s\u00f6nd\u00fcr\u00fcyor. T\u00fcm bunlar\u0131n yan\u0131nda, artan maliyetlerden eserinin para etmemesine kadar say\u0131s\u0131z meseleyle bo\u011fu\u015fan \u00e7ift\u00e7ilerimizi bir de zirai don felaketi vurmu\u015ftur. Adana&#8217;dan Mersin&#8217;e, Hatay&#8217;dan Osmaniye&#8217;ye kadar Akdeniz B\u00f6lgesi&#8217;ndeki don afeti, \u00fcreticilerimize b\u00fcy\u00fck bir darbe indirmi\u015ftir&#8221; dedi.<\/p>\n<p><b>FELAKET\u0130N TABLOSUNU K\u00dcRS\u00dcDE G\u00d6STERD\u0130<\/b><\/p>\n<p>B\u00f6lgede tesirli olan zirai don felaketinin neden oldu\u011fu ac\u0131 tabloyu k\u00fcrs\u00fcye \u00e7\u0131kard\u0131\u011f\u0131 b\u00fcy\u00fck foto\u011fraflarla g\u00f6steren Ayhan Barut, konu\u015fmas\u0131n\u0131 \u015f\u00f6yle s\u00fcrd\u00fcrd\u00fc:<\/p>\n<p>-Ekili ve dikili alanlarda olu\u015fan zirai don felaketiyle, \u015fu elimdeki foto\u011fraftan de g\u00f6r\u00fclece\u011fi \u00fczere domatesten patatese, maruldan karpuza, narenciyeden nektarine ve sert \u00e7ekirdeklilere kadar t\u00fcm eserlerde \u00e7ok \u00f6nemli kay\u0131plar olu\u015ftu.<\/p>\n<p>-B\u00f6lgelerimize nazaran de\u011fi\u015fmekle birlikte eksi 10 dereceye kadar d\u00fc\u015fen hava s\u0131cakl\u0131\u011f\u0131ndan, maalesef yeti\u015fen eserler yerle bir oldu ve t\u00fcm\u00fcyle \u00fcreticilerimiz ziyan g\u00f6rd\u00fc; asl\u0131nda zira\u00ee \u00fcretim neredeyse ba\u015flamadan bitmi\u015f oldu. Ya\u015fanan bu vahim olay ise \u00e7ift\u00e7ilerin oca\u011f\u0131na ve y\u00fcre\u011fine \u00e2deta ate\u015f d\u00fc\u015f\u00fcrd\u00fc.<\/p>\n<p>-Ya\u015f zerzevat, meyve ve turun\u00e7gil deposu da say\u0131lan Do\u011fu Akdeniz B\u00f6lgesi&#8217;ndeki bu felaketin asl\u0131nda s\u0131rf tar\u0131ma ve \u00e7ift\u00e7iye de\u011fil birebir vakitte \u00fclke iktisad\u0131na de b\u00fcy\u00fck ziyanlar\u0131 oldu zira bu durum \u00fcreticilerimizi ve t\u00fcketicilerimizi ma\u011fdur edecektir. Don felaketinden \u00f6t\u00fcr\u00fc tarla ve bah\u00e7elerinde eser kalmad\u0131; bu durumda rekoltede \u00f6nemli kay\u0131plar ya\u015fanacakt\u0131r, \u00fclkemizin de besin egemenli\u011fini riske sokacakt\u0131r.<\/p>\n<p>-\u00c7ift\u00e7i eserini yeti\u015ftirip piyasaya sunamazsa be\u015ferler ne yiyecek? Binbir zorlukla \u015fayet bu eserini \u00fcretirse, ge\u00e7 kald\u0131\u011f\u0131nda, bu sefer de sofram\u0131za de\u011ferli gelecek. Kim nas\u0131l alacak, kim nas\u0131l t\u00fcketecek? Bu s\u0131k\u0131nt\u0131lar \u00e7\u00f6z\u00fclmeli, bunlara da tahlil bulmak zorunday\u0131z.<\/p>\n<p><b>TARIM BAKANI&#8217;NI B\u00d6LGEYE \u00c7A\u011eIRDI<\/b><\/p>\n<p>Ya\u015fanan felaketin akabinde tahlil ismine tekliflerini lisana getiren Barut, \u015funlar\u0131 s\u00f6yledi:<\/p>\n<p>-Bu felaketin a\u015f\u0131lmas\u0131 ve olu\u015fan y\u00fck\u00fcn alt\u0131ndan kalk\u0131lmas\u0131 i\u00e7in ulusal boyutta bir seferberlik ilan edilmeli, tahlil ismine da acil aksiyon plan\u0131 haz\u0131rlanmal\u0131d\u0131r. Ben buradan, Tar\u0131m ve Orman Bakan\u0131 \u0130brahim Yumakl\u0131&#8217;ya sesleniyorum, kendisini ivedilikle b\u00f6lgeye davet ediyorum. \u00c7ift\u00e7ilerin yan\u0131nda yer almas\u0131n\u0131, ac\u0131lar\u0131n\u0131 payla\u015fmas\u0131n\u0131, yaralar\u0131n\u0131n sar\u0131lmas\u0131n\u0131, \u00e7ift\u00e7iyi ve \u00fcreticiyi aya\u011fa kald\u0131rmas\u0131n\u0131 bekliyoruz.<\/p>\n<p>-Ey iktidar temsilcileri, \u00e7ift\u00e7ilere &#8216;TARS\u0130M sigortas\u0131 yap\u0131n, don k\u0131r\u0131c\u0131 pervaneler kullan\u0131n, sulama sistemlerini \u00e7al\u0131\u015ft\u0131r\u0131n&#8217; demekle olmuyor. Bunu bu halde \u00fcst\u00fcn\u00fczden atamazs\u0131n\u0131z zira TARS\u0130M fonksiyonsuz h\u00e2lde. TARS\u0130M&#8217;in fonksiyonlu h\u00e2le getirilip t\u00fcm \u00e7ift\u00e7ilerimizi kapsamas\u0131 i\u00e7in sizler ad\u0131m att\u0131n\u0131z m\u0131?<\/p>\n<p>-Don k\u0131r\u0131c\u0131 pervanelerin maliyetleri maalesef u\u00e7up gitmi\u015f. Yek ekme\u011fe muhta\u00e7 olan \u00e7ift\u00e7imiz nas\u0131l don pervanesini elde edecek? Tekrar, kapal\u0131 bas\u0131n\u00e7l\u0131 sulama sistemini hayata ge\u00e7irdiniz mi de art\u0131k \u00e7ift\u00e7ilere bunu \u00f6neriyorsunuz?<\/p>\n<p><b>MADDE UNSUR TEKL\u0130FLER\u0130N\u0130 SIRALADI<\/b><\/p>\n<p>\u00c7\u00f6z\u00fcm bekleyen \u00e7ift\u00e7ilerin taleplerini s\u0131ralayan Barut, \u015funlar\u0131 kaydetti:<\/p>\n<p>-Son devirde bilhassa global \u0131s\u0131nmadan kaynakl\u0131 bazen s\u0131cak, bazen kurakl\u0131k, bazen sel, bazen de don felaketleri nedeniyle \u00e7ift\u00e7imiz, \u00fcreticilerimiz peri\u015fan olmu\u015ftur. Zati gere\u011fince desteklenmeyen, hak etti\u011fi ilgi ve de\u011feri g\u00f6rmeyen \u00e7ift\u00e7ilerimiz, tar\u0131m\u0131m\u0131z bu y\u00fck\u00fcn alt\u0131ndan kendi ba\u015f\u0131na kalkamaz.<\/p>\n<p>-\u00d6nerilerimiz: Bir, ba\u015fta Do\u011fu Akdeniz B\u00f6lgesi olmak \u00fczere don felaketinden etkilenen b\u00fct\u00fcn b\u00f6lgelerin afet b\u00f6lgesi ilan edilmesini istiyoruz. \u0130ki, \u00fcreticilerin Tar\u0131m Kredi Kooperatiflerine, Ziraat Bankas\u0131na ve \u00f6b\u00fcr \u00f6zel bankalara olan zira\u00ee kredi bor\u00e7lar\u0131n\u0131n en az iki y\u0131l ertelenmesini talep ediyoruz. \u00dc\u00e7, \u00e7ift\u00e7i ziyanlar\u0131n\u0131n hakikat ve s\u00fcratli bir bi\u00e7imde tespit edilip \u00e7abucak kar\u015f\u0131lanmas\u0131n\u0131, \u00e7ift\u00e7ilerimizin de tar\u0131m alanlar\u0131n\u0131 tekrar grup dikmeleri i\u00e7in bir ek faizsiz kredi, dayanak ve te\u015fvik verilmesini talep ediyoruz. Tekrar, TARS\u0130M uygulamas\u0131n\u0131n ba\u015ftan sona \u00e7ift\u00e7i ve tar\u0131m lehine d\u00fczenlenmesini ve yenilenmesini talep ediyoruz. Son olarak da, ziyan g\u00f6ren ve ekonomik kasvetler nedeniyle tar\u0131m sigortas\u0131 yapt\u0131rmam\u0131\u015f \u00fcreticilerimizin de unutulmamas\u0131n\u0131 talep ediyoruz.&#8221;<\/p>\n<p><b>&#8220;B\u0130LE \u0130STEYE REDDETT\u0130LER&#8221;<\/b><\/p>\n<p>Konu\u015fmas\u0131n\u0131, &#8220;Ben buraya bu \u00f6nergeyi getirirken reddedilsin diye getirmedim. Bu teklif de reddedilecek bir teklif de\u011fil. Sizlerin vicdanlar\u0131na davet yap\u0131yorum, \u00f6nergemize dayanak istiyorum. \u015eayet bu \u00f6nergeye dayanak verirseniz tar\u0131ma ve \u00e7ift\u00e7ilerimize b\u00fcy\u00fck bir d\u00fczg\u00fcnl\u00fck yapm\u0131\u015f olursunuz&#8221; diyerek tamamlayan Barut&#8217;un sundu\u011fu \u00f6nerge AKP ve MHP oylar\u0131yla reddedildi.<\/p>\n","protected":false},"excerpt":{"rendered":"<p>CHP Adana Milletvekili Ayhan Barut&#8217;un Do\u011fu Akdeniz B\u00f6lgesi&#8217;nde ya\u015fanan zirai don afetiyle ilgili Meclis&#8217;e sundu\u011fu ara\u015ft\u0131rma \u00f6nergesi AKP ve MHP oylar\u0131yla reddedildi, olan \u00fclke tar\u0131m\u0131, iktisad\u0131 ve \u00e7ift\u00e7isine oldu.<\/p>\n","protected":false},"author":1,"featured_media":47954,"comment_status":"open","ping_status":"open","sticky":false,"template":"","format":"standard","meta":{"footnotes":""},"categories":[24],"tags":[2645,1343,5964,507,75],"class_list":["post-47953","post","type-post","status-publish","format-standard","has-post-thumbnail","hentry","category-ekonomi","tag-barut","tag-ciftci","tag-don","tag-tarim","tag-urun"],"_links":{"self":[{"href":"https:\/\/ikimisli.tr\/index.php\/wp-json\/wp\/v2\/posts\/47953","targetHints":{"allow":["GET"]}}],"collection":[{"href":"https:\/\/ikimisli.tr\/index.php\/wp-json\/wp\/v2\/posts"}],"about":[{"href":"https:\/\/ikimisli.tr\/index.php\/wp-json\/wp\/v2\/types\/post"}],"author":[{"embeddable":true,"href":"https:\/\/ikimisli.tr\/index.php\/wp-json\/wp\/v2\/users\/1"}],"replies":[{"embeddable":true,"href":"https:\/\/ikimisli.tr\/index.php\/wp-json\/wp\/v2\/comments?post=47953"}],"version-history":[{"count":1,"href":"https:\/\/ikimisli.tr\/index.php\/wp-json\/wp\/v2\/posts\/47953\/revisions"}],"predecessor-version":[{"id":47955,"href":"https:\/\/ikimisli.tr\/index.php\/wp-json\/wp\/v2\/posts\/47953\/revisions\/47955"}],"wp:featuredmedia":[{"embeddable":true,"href":"https:\/\/ikimisli.tr\/index.php\/wp-json\/wp\/v2\/media\/47954"}],"wp:attachment":[{"href":"https:\/\/ikimisli.tr\/index.php\/wp-json\/wp\/v2\/media?parent=47953"}],"wp:term":[{"taxonomy":"category","embeddable":true,"href":"https:\/\/ikimisli.tr\/index.php\/wp-json\/wp\/v2\/categories?post=47953"},{"taxonomy":"post_tag","embeddable":true,"href":"https:\/\/ikimisli.tr\/index.php\/wp-json\/wp\/v2\/tags?post=47953"}],"curies":[{"name":"wp","href":"https:\/\/api.w.org\/{rel}","templated":true}]}}