{"id":4797,"date":"2025-01-18T16:47:59","date_gmt":"2025-01-18T16:47:59","guid":{"rendered":"https:\/\/ikimisli.tr\/?p=4797"},"modified":"2025-01-18T16:47:59","modified_gmt":"2025-01-18T16:47:59","slug":"elon-musk-avrupaya-karsi-amac-istikrarsizlastirmak","status":"publish","type":"post","link":"https:\/\/ikimisli.tr\/index.php\/2025\/01\/18\/elon-musk-avrupaya-karsi-amac-istikrarsizlastirmak\/","title":{"rendered":"Elon Musk, Avrupa&#8217;ya kar\u015f\u0131: Ama\u00e7 istikrars\u0131zla\u015ft\u0131rmak"},"content":{"rendered":"<p>Financial Times&#8217;\u0131n haberine nazaran Elon Musk, \u0130ngiltere Ba\u015fbakan\u0131 Keir Starmer\u2019\u0131 bir sonraki genel se\u00e7imden evvel misyondan al\u0131nmas\u0131n\u0131 sa\u011flamak i\u00e7in planlar yap\u0131yor.<\/p>\n<p>Financial Times&#8217;a konu\u015fan hususla ilgili bilgi sahibi kaynaklar, d\u00fcnyan\u0131n en varl\u0131kl\u0131 adam\u0131n\u0131n ve ABD Ba\u015fkan\u0131 se\u00e7ilen Donald Trump\u2019\u0131n \u00fcst seviye bir dan\u0131\u015fman\u0131n\u0131n, \u0130ngiltere\u2019deki \u0130\u015f\u00e7i Partisi h\u00fck\u00fcmetini nas\u0131l istikrars\u0131zla\u015ft\u0131rabilece\u011fi \u00fczerinde \u00e7al\u0131\u015ft\u0131\u011f\u0131n\u0131 belirtti.<\/p>\n<p>Elon Musk, ge\u00e7ti\u011fimiz haftalarda emsal bir formda Alman siyasetine ilgi g\u00f6stermi\u015f ve Alman sa\u011fc\u0131 partisi Almanya i\u00e7in Alternatif (AfD)&#8217;ye maddi ve kelaml\u0131 takviye verdi. Scholz&#8217;un ve merkezci koalisyonun &#8220;Almanya&#8217;y\u0131 bat\u0131rd\u0131\u011f\u0131n\u0131&#8221; savundu.<\/p>\n<p>Musk&#8217;a yak\u0131n kaynaklardan biri, \u201cMusk, bat\u0131 medeniyetinin tehdit alt\u0131nda oldu\u011funa inan\u0131yor,\u201d dedi ve milyarderin bu sebeple Keir Starmer&#8217;\u0131 gaye ald\u0131\u011f\u0131n\u0131 s\u00f6yledi.<\/p>\n<p><b>AMA\u00c7 \u0130ST\u0130KRARSIZLA\u015eTIRMAK<\/b><\/p>\n<p>Tesla, SpaceX ve X\u2019in CEO\u2019su olan Musk, son alt\u0131 ay i\u00e7inde Avrupa siyasetine a\u011f\u0131r ilgi g\u00f6stermeye ba\u015flad\u0131. \u0130ngiltere\u2019nin parlamenter sistemini inceledi\u011fini belirten Musk, sa\u011f e\u011filimli Islahat UK partisine takviye sa\u011flad\u0131 ve \u0130ngiliz Ba\u015fbakan\u0131&#8217;n\u0131n de\u011fi\u015fmesi gerekti\u011fini savundu.<\/p>\n<p>\u0130ngiltere\u2019de ba\u015fbakanlar, parlamentoda \u00e7o\u011funlu\u011fu elinde tutan partinin lideri olarak g\u00f6rev yap\u0131yor. Lakin ge\u00e7mi\u015fte Tony Blair ve Boris Johnson \u00fczere ba\u015fkanlar, b\u00fcy\u00fck se\u00e7im zaferlerine kar\u015f\u0131n vazifelerini parlamento periyodunun ortas\u0131nda b\u0131rakmak zorunda kalm\u0131\u015flard\u0131.<\/p>\n<p>Musk, Islahat UK&#8217;ye b\u00fcy\u00fck bir maddi ve kelaml\u0131 dayanak sa\u011flayarak, Almanya&#8217;da denedi\u011fi \u00fczere \u00fclkeyi istikrars\u0131zla\u015ft\u0131rarak sa\u011fc\u0131 bir h\u00fck\u00fcmetin se\u00e7ilmesi i\u00e7in dayanak vermeye haz\u0131rlan\u0131yor.\u00a0<\/p>\n<p><b>HASSAS BAH\u0130SLER\u0130 KULLANIYOR<\/b><\/p>\n<p>Musk\u2019\u0131n tenkitleri, bilhassa Starmer\u2019\u0131n ge\u00e7mi\u015fte \u0130ngiltere ve Galler\u2019deki \u00e7ocuk istismar\u0131 davalar\u0131n\u0131 ele alma formuna odakland\u0131. Musk, Starmer\u2019\u0131 \u0130ngiltere\u2019de cinsel istismar ma\u011fdurlar\u0131n\u0131 s\u0131k\u0131nt\u0131 durumda b\u0131rakmakla su\u00e7lad\u0131.<\/p>\n<p>Ayn\u0131 vakitte, Muhafaza \u0130\u015flerinden Sorumlu Bakan Jess Phillips\u2019i \u201ctecav\u00fczc\u00fc soyk\u0131r\u0131m savunucusu\u201d olarak nitelendirdi ve h\u00fck\u00fcmetin, \u0130ngiltere&#8217;nin Oldham b\u00f6lgesindeki g\u00f6\u00e7men pedofili \u00e7etesi skandal\u0131n\u0131 ulusal bir soru\u015fturmaya d\u00f6n\u00fc\u015ft\u00fcrmemesini ele\u015ftirdi.<\/p>\n<p>Starmer ise bu su\u00e7lamalar\u0131 \u201cbilgi sapt\u0131rma ve palavra silsilesi\u201d olarak niteledi ve Musk&#8217;un ma\u011fdurlarla de\u011fil, ferd\u00ee \u00e7\u0131karlar\u0131yla ilgilendi\u011fini savundu.<\/p>\n<p>Almanya&#8217;da ise Musk, Noel Pazar\u0131 sald\u0131r\u0131s\u0131n\u0131 ve Almanya&#8217;daki g\u00f6\u00e7men krizine de\u011finerek &#8220;Almanya&#8217;n\u0131n u\u00e7uruma yanl\u0131\u015fs\u0131z s\u00fcr\u00fcklendi\u011fini&#8221; tabir etti. Musk, \u00fclkelerin lokal sa\u011fc\u0131 partilerinin a\u00e7\u0131klamalar\u0131n\u0131 tekrar ederek bu \u00fclkelerdeki partilere destek veriyor.<\/p>\n<p><b>SA\u011eCI L\u0130DER\u0130 DE KEND\u0130 SE\u00c7ECEK<\/b><\/p>\n<p>Musk\u2019\u0131n \u0130ngiltere\u2019deki Reform UK lideri Nigel Farage ile alakas\u0131, ge\u00e7en hafta b\u00fcy\u00fck bir darbe ald\u0131. Farage, Musk\u2019\u0131n partisine b\u00fcy\u00fck bir ba\u011f\u0131\u015f yapmas\u0131n\u0131 umuyordu.\u00a0 Lakin Musk, \u201cReform Partisi\u2019nin yeni bir \u00f6ndere muhta\u00e7l\u0131\u011f\u0131 var\u201d diyerek Farage\u2019\u0131n \u201cgerekli donan\u0131ma sahip olmad\u0131\u011f\u0131n\u0131\u201d s\u00f6z etti.<\/p>\n<p>Kaynaklar, Musk\u2019\u0131n Farage&#8217;\u0131 vazifeden alma yollar\u0131 arad\u0131\u011f\u0131n\u0131 ve yerine milletvekili Rupert Lowe&#8217;yu ge\u00e7irmeyi planlad\u0131\u011f\u0131n\u0131 aktard\u0131.<\/p>\n<p>Farage, ortalar\u0131ndaki tansiyonlara kar\u015f\u0131n Musk ile alakas\u0131n\u0131 d\u00fczeltmek istedi\u011fini s\u00f6yledi ve yak\u0131n vakitte ABD\u2019ye Trump\u2019\u0131n yemin merasimine kat\u0131lmak i\u00e7in seyahat edece\u011fini a\u00e7\u0131klad\u0131. Starmer\u2019\u0131n ise bu merasime kat\u0131lmas\u0131 beklenmiyor.<\/p>\n","protected":false},"excerpt":{"rendered":"<p>Financial Times\u2019a nazaran Elon Musk, \u0130ngiltere Ba\u015fbakan\u0131 Keir Starmer\u2019\u0131n misyondan al\u0131nmas\u0131n\u0131 sa\u011flamak i\u00e7in Islahat UK \u00fczere sa\u011f e\u011filimli partilere dayanak planlar\u0131 yap\u0131yor. Almanya siyasetinde de merkez koalisyona kar\u015f\u0131 benzeri taktikler uygulayan Musk, Starmer\u2019\u0131 ele\u015ftirmek i\u00e7in hassas konular\u0131 kullan\u0131rken, Reform Partisi \u00f6nderinin de de\u011fi\u015fmesini istiyor.<\/p>\n","protected":false},"author":1,"featured_media":4798,"comment_status":"open","ping_status":"open","sticky":false,"template":"","format":"standard","meta":{"footnotes":""},"categories":[43],"tags":[529,1301,1300,1302],"class_list":["post-4797","post","type-post","status-publish","format-standard","has-post-thumbnail","hentry","category-dunya","tag-alman","tag-ingiltere","tag-musk","tag-starmer"],"_links":{"self":[{"href":"https:\/\/ikimisli.tr\/index.php\/wp-json\/wp\/v2\/posts\/4797","targetHints":{"allow":["GET"]}}],"collection":[{"href":"https:\/\/ikimisli.tr\/index.php\/wp-json\/wp\/v2\/posts"}],"about":[{"href":"https:\/\/ikimisli.tr\/index.php\/wp-json\/wp\/v2\/types\/post"}],"author":[{"embeddable":true,"href":"https:\/\/ikimisli.tr\/index.php\/wp-json\/wp\/v2\/users\/1"}],"replies":[{"embeddable":true,"href":"https:\/\/ikimisli.tr\/index.php\/wp-json\/wp\/v2\/comments?post=4797"}],"version-history":[{"count":1,"href":"https:\/\/ikimisli.tr\/index.php\/wp-json\/wp\/v2\/posts\/4797\/revisions"}],"predecessor-version":[{"id":4799,"href":"https:\/\/ikimisli.tr\/index.php\/wp-json\/wp\/v2\/posts\/4797\/revisions\/4799"}],"wp:featuredmedia":[{"embeddable":true,"href":"https:\/\/ikimisli.tr\/index.php\/wp-json\/wp\/v2\/media\/4798"}],"wp:attachment":[{"href":"https:\/\/ikimisli.tr\/index.php\/wp-json\/wp\/v2\/media?parent=4797"}],"wp:term":[{"taxonomy":"category","embeddable":true,"href":"https:\/\/ikimisli.tr\/index.php\/wp-json\/wp\/v2\/categories?post=4797"},{"taxonomy":"post_tag","embeddable":true,"href":"https:\/\/ikimisli.tr\/index.php\/wp-json\/wp\/v2\/tags?post=4797"}],"curies":[{"name":"wp","href":"https:\/\/api.w.org\/{rel}","templated":true}]}}