{"id":47980,"date":"2025-06-18T11:24:12","date_gmt":"2025-06-18T11:24:12","guid":{"rendered":"https:\/\/ikimisli.tr\/?p=47980"},"modified":"2025-06-18T11:24:12","modified_gmt":"2025-06-18T11:24:12","slug":"tanju-ozcandan-bakan-ersoya-kartalkaya-yaniti-hakli-olan-cesur-olur","status":"publish","type":"post","link":"https:\/\/ikimisli.tr\/index.php\/2025\/06\/18\/tanju-ozcandan-bakan-ersoya-kartalkaya-yaniti-hakli-olan-cesur-olur\/","title":{"rendered":"Tanju \u00d6zcan&#8217;dan Bakan Ersoy&#8217;a &#8216;Kartalkaya&#8217; yan\u0131t\u0131: &#8216;Hakl\u0131 olan cesur olur&#8217;"},"content":{"rendered":"<p>Bolu Belediye Ba\u015fkan\u0131 Tanju \u00d6zcan, CHP&#8217;nin bir sonraki se\u00e7imdeki cumhurba\u015fkan\u0131 aday\u0131n\u0131n belirlenmesi i\u00e7in &#8220;Gel, Se\u00e7, Tarihe Ge\u00e7&#8221; slogan\u0131yla CHP Genel Merkezi&#8217;nde d\u00fczenlenen cumhurba\u015fkanl\u0131\u011f\u0131 \u00f6n se\u00e7im toplant\u0131s\u0131 \u00f6ncesinde, de\u011ferlendirmelerde bulundu.<\/p>\n<p>\u00d6zcan, &#8220;\u0130n\u015fallah partimiz i\u00e7in ho\u015f bir ba\u015flang\u0131c\u0131n birinci g\u00fcn\u00fc olur. Heyecanla bu toplant\u0131ya geldik, i\u015ftirak ettik. \u0130\u00e7eride de k\u0131ymetli \u015feyler konu\u015faca\u011f\u0131z&#8221; diye konu\u015ftu.<\/p>\n<p><b>&#8220;SABAH 4-5 SULARINDA B\u0130Z\u0130M DE KAPIMIZ \u00c7ALINACAK MI?&#8221;<\/b><\/p>\n<p>Tanju \u00d6zcan, Beykoz Belediye Ba\u015fkan\u0131 Alaattin K\u00f6seler&#8217;in sabah saatlerinde g\u00f6zalt\u0131na al\u0131nmas\u0131na ait, &#8220;Maalesef al\u0131\u015ft\u0131k, her sabah kayg\u0131yla interneti a\u00e7\u0131yoruz. Sanki bu sabah kimi ald\u0131lar? Sabah 4-5 sular\u0131nda bizim de kap\u0131m\u0131z \u00e7al\u0131nacak m\u0131? Tabiri caizse kelle koltukta \u00e7al\u0131\u015f\u0131yoruz. Partimize y\u00f6nelik h\u00fck\u00fcmet taraf\u0131ndan bir lin\u00e7 kampanyas\u0131 var. Vermek istedikleri bildirisi al\u0131yoruz lakin korkmuyoruz. Bunlar\u0131 yapanlar bizi korkuttuklar\u0131n\u0131 zannediyorlarsa ak\u0131ll\u0131 be\u015ferler de\u011fil&#8221; yorumunu yapt\u0131.<\/p>\n<p><b>BAKAN ERSOY&#8217;A KOM\u0130SYON TEPK\u0130S\u0130<\/b><\/p>\n<p><strong>\u00d6zcan, Kartalkaya&#8217;da meydana gelen otel yang\u0131n\u0131 facias\u0131na ait de \u015funlar\u0131 s\u00f6yledi:<\/strong><\/p>\n<p>&#8220;Komisyon kurulur kurulmaz Resmi Gazete&#8217;de yay\u0131mland\u0131. Ben de komite ba\u015fkanl\u0131\u011f\u0131na hitaben, &#8216;Bu olay Bolu ili sonlar\u0131nda oldu, benim de ad\u0131m \u00e7ok\u00e7a ge\u00e7ti. Ben bu hususla ilgili bilgilerimi anlatmak istiyorum. Bundan sonra bu t\u00fcrl\u00fc olaylar\u0131n olmamas\u0131 i\u00e7in mevzuatta ne cins de\u011fi\u015fiklikler yap\u0131lmas\u0131 gerekti\u011fi konusunda bilgilendirmek istiyorum. Ayr\u0131yeten kurul \u00fcyelerimizin her soraca\u011f\u0131 soruya \u015feffafl\u0131k i\u00e7inde kar\u015f\u0131l\u0131k vermek istiyorum. L\u00fctfen beni davet edin&#8217; dedim. Birinci g\u00fcn m\u00fcracaat yapt\u0131m. D\u00fcn say\u0131n Turizm Bakan\u0131 komisyona gelip s\u00f6z verememi\u015f, ben de dedim ki &#8216;beni Turizm Bakan\u0131&#8217;yla kar\u0131\u015ft\u0131rmay\u0131n, ben korkmam, gelir, milletin vekillerine tabirimi veririm&#8217;. Hakl\u0131 olan mert olur. Birileri bu mevzunun \u00fczerini kapatmaya \u00e7al\u0131\u015f\u0131yor. Biz de \u0131srarla bu mevzunun \u00fczerine gitmeye devam ediyoruz. \u0130dari istikametten bakt\u0131\u011f\u0131n\u0131zda burada Turizm Bakanl\u0131\u011f\u0131&#8217;n\u0131n a\u011f\u0131r bir kusuru var. Biz bunu g\u00f6rmemezlikten gelecek de\u011filiz. Bu i\u015fin sonuna kadar pe\u015fine gidece\u011fiz.&#8221;<\/p>\n","protected":false},"excerpt":{"rendered":"<p>Bolu Belediye Ba\u015fkan\u0131 Tanju \u00d6zcan, Kartalkaya Otel Yang\u0131n\u0131 Kurulu&#8217;na, K\u00fclt\u00fcr ve Turizm Bakan\u0131 Mehmet Nuri Ersoy&#8217;un gelmemesini ele\u015ftirerek, &#8220;Ben korkmam, gelir, milletin vekillerine tabirimi veririm. Hakl\u0131 olan yi\u011fit olur. Birileri bu mevzunun \u00fczerini kapatamaya \u00e7al\u0131\u015f\u0131yor&#8221; dedi. \u00d6zcan, Beykoz Belediye Ba\u015fkan\u0131 Alaattin K\u00f6seler&#8217;in sabah saatlerinde g\u00f6zalt\u0131na al\u0131nmas\u0131na ait ise, &#8220;Sabah 4-5 sular\u0131nda bizim de kap\u0131m\u0131z \u00e7al\u0131nacak m\u0131?&#8221; diye sordu.<\/p>\n","protected":false},"author":1,"featured_media":47981,"comment_status":"open","ping_status":"open","sticky":false,"template":"","format":"standard","meta":{"footnotes":""},"categories":[25],"tags":[147,701],"class_list":["post-47980","post","type-post","status-publish","format-standard","has-post-thumbnail","hentry","category-gundem","tag-komisyon","tag-sabah"],"_links":{"self":[{"href":"https:\/\/ikimisli.tr\/index.php\/wp-json\/wp\/v2\/posts\/47980","targetHints":{"allow":["GET"]}}],"collection":[{"href":"https:\/\/ikimisli.tr\/index.php\/wp-json\/wp\/v2\/posts"}],"about":[{"href":"https:\/\/ikimisli.tr\/index.php\/wp-json\/wp\/v2\/types\/post"}],"author":[{"embeddable":true,"href":"https:\/\/ikimisli.tr\/index.php\/wp-json\/wp\/v2\/users\/1"}],"replies":[{"embeddable":true,"href":"https:\/\/ikimisli.tr\/index.php\/wp-json\/wp\/v2\/comments?post=47980"}],"version-history":[{"count":1,"href":"https:\/\/ikimisli.tr\/index.php\/wp-json\/wp\/v2\/posts\/47980\/revisions"}],"predecessor-version":[{"id":47982,"href":"https:\/\/ikimisli.tr\/index.php\/wp-json\/wp\/v2\/posts\/47980\/revisions\/47982"}],"wp:featuredmedia":[{"embeddable":true,"href":"https:\/\/ikimisli.tr\/index.php\/wp-json\/wp\/v2\/media\/47981"}],"wp:attachment":[{"href":"https:\/\/ikimisli.tr\/index.php\/wp-json\/wp\/v2\/media?parent=47980"}],"wp:term":[{"taxonomy":"category","embeddable":true,"href":"https:\/\/ikimisli.tr\/index.php\/wp-json\/wp\/v2\/categories?post=47980"},{"taxonomy":"post_tag","embeddable":true,"href":"https:\/\/ikimisli.tr\/index.php\/wp-json\/wp\/v2\/tags?post=47980"}],"curies":[{"name":"wp","href":"https:\/\/api.w.org\/{rel}","templated":true}]}}