{"id":48061,"date":"2025-06-18T16:24:25","date_gmt":"2025-06-18T16:24:25","guid":{"rendered":"https:\/\/ikimisli.tr\/?p=48061"},"modified":"2025-06-18T16:24:25","modified_gmt":"2025-06-18T16:24:25","slug":"bir-washington-cikarmasi-da-starmerdan-ingiltere-ukrayna-icin-trumpla-gorusuyor","status":"publish","type":"post","link":"https:\/\/ikimisli.tr\/index.php\/2025\/06\/18\/bir-washington-cikarmasi-da-starmerdan-ingiltere-ukrayna-icin-trumpla-gorusuyor\/","title":{"rendered":"Bir Washington \u00e7\u0131karmas\u0131 da, Starmer&#8217;dan: \u0130ngiltere, Ukrayna i\u00e7in Trump&#8217;la g\u00f6r\u00fc\u015f\u00fcyor"},"content":{"rendered":"<p>ABD Ba\u015fkan\u0131 Donald Trump ve \u0130ngiltere Ba\u015fbakan\u0131 Keir Starmer, Per\u015fembe g\u00fcn\u00fc Beyaz Saray&#8217;da bir ortaya gelerek Ukrayna, Orta Do\u011fu ve global ticaret siyasetlerindeki de\u011fi\u015fiklikleri ele alacak.<\/p>\n<p>Bu g\u00f6r\u00fc\u015fme, Starmer&#8217;\u0131n Trump ile y\u00fcz y\u00fcze ger\u00e7ekle\u015ftirece\u011fi birinci g\u00f6r\u00fc\u015fme olacak. Hafta ba\u015f\u0131nda Fransa Cumhurba\u015fkan\u0131 Emmanuel Macron da Beyaz Saray\u2019da Trump ile bulu\u015fmu\u015f, lakin taraflar Ukrayna\u2019daki sava\u015f ve ABD\u2019nin s\u00fcratli bir ate\u015fkes daveti konusunda uyu\u015fmazl\u0131k ya\u015fam\u0131\u015ft\u0131.  <\/p>\n<p><b>\u0130NG\u0130LTERE&#8217;N\u0130N G\u00dcNDEM\u0130, UKRAYNA KALKANI<\/b><\/p>\n<p>Starmer&#8217;\u0131n Washington&#8217; g\u00fcndemi ise, Ukrayna var. \u0130ngiltere Ba\u015fbakan\u0131, Ukrayna i\u00e7in g\u00fcvenlik teminatlar\u0131na a\u00e7\u0131k oldu\u011funu lakin bunun \u00f6b\u00fcr Avrupa \u00fclkeleriyle koordineli halde ve uygun \u015fartlar sa\u011flanarak yap\u0131lmas\u0131 gerekti\u011fini vurgulad\u0131.<\/p>\n<p>Starmer, \u00c7ar\u015famba g\u00fcn\u00fc yapt\u0131\u011f\u0131 a\u00e7\u0131klamada, Avrupa g\u00fc\u00e7lerinin Ukrayna\u2019da muhtemel bir bar\u0131\u015f\u0131 m\u00fcdafaa misyonuna kat\u0131lmas\u0131 halinde ABD\u2019nin bir g\u00fcvenlik garantisi sunmas\u0131n\u0131 istedi. \u0130ngiltere\u2019nin savunma harcamalar\u0131n\u0131 art\u0131raca\u011f\u0131n\u0131 belirtti.<\/p>\n<p>Beyaz Saray&#8217;daki g\u00f6r\u00fc\u015fmede, Avrupa\u2019n\u0131n Kiev\u2019e y\u00f6nelik takviye ve g\u00fcvenlik taahh\u00fctlerini s\u00fcrd\u00fcrece\u011fini Trump\u2019a aktarmas\u0131 bekleniyor.<\/p>\n<p>Starmer, Rusya ile Ukrayna ortas\u0131nda ger\u00e7ekle\u015ftirilecek bar\u0131\u015f g\u00f6r\u00fc\u015fmelerinin Avrupa\u2019n\u0131n da i\u015ftirakiyle ilerlemesi gerekti\u011fini savunuyor.  <\/p>\n<p><b>BU KADAR S\u00dcRATL\u0130 BARI\u015e, AVRUPA&#8217;YA ZARAR<\/b><\/p>\n<p>Trump, 20 Ocak&#8217;ta vazifeye geldi\u011finden beri Avrupa&#8217;da kriz yaratan ve Avrupal\u0131 ba\u015fkanlar taraf\u0131ndan &#8220;Rusya yanl\u0131s\u0131&#8221; olarak yorumlanan bir siyaset izledi. <\/p>\n<p>Trump, Moskova ile ba\u011flar\u0131 g\u00fc\u00e7lendirdi, Ukrayna Devlet Ba\u015fkan\u0131 Volodimir Zelenski\u2019yi bir diktat\u00f6r olarak nitelendirdi ve Kiev\u2019e yap\u0131lan ABD yard\u0131mlar\u0131n\u0131n kar\u015f\u0131l\u0131\u011f\u0131 olarak Ukrayna&#8217;n\u0131n bedelli maden rezervlerini talep etti.<\/p>\n<p>Trump&#8217;\u0131n a\u00e7\u0131klamalar\u0131 sebebiyle g\u00fc\u00e7 duruma d\u00fc\u015fen Zelenski\u2019nin Cuma g\u00fcn\u00fc Washington\u2019da Trump ile Ukrayna&#8217;da \u00e7\u0131kan az toprak mineralleri konusunda bir mutabakat imzalamas\u0131 bekleniyor. Ukrayna&#8217;n\u0131n 500 milyar dolar bedelinde pahal\u0131 madeni ABD&#8217;ye taahh\u00fct etmesi bekleniyor.<\/p>\n<p>Ukrayna lideri, bu anla\u015fman\u0131n ABD\u2019den sa\u011flanacak ek yard\u0131ma ba\u011fl\u0131 olaca\u011f\u0131n\u0131 s\u00f6yledi. Trump ise bu muahedeyi, Ukrayna\u2019ya sa\u011flanan ABD fonlar\u0131n\u0131n geri kazan\u0131lmas\u0131 i\u00e7in bir f\u0131rsat olarak g\u00f6r\u00fcyor.  <\/p>\n<p>Fransa Cumhurba\u015fkan\u0131 Macron \u00fczere Starmer da Ukrayna\u2019n\u0131n ya da Avrupa\u2019n\u0131n i\u015ftiraki olmadan Rusya ile s\u00fcratlice var\u0131lacak bir bar\u0131\u015f mutabakat\u0131n\u0131n Avrupa&#8217;da istikrars\u0131zl\u0131\u011fa yol a\u00e7abilece\u011fini savunuyor.<\/p>\n","protected":false},"excerpt":{"rendered":"<p>\u0130ngiltere Ba\u015fbakan\u0131 Keir Starmer, Beyaz Saray\u2019da ABD Ba\u015fkan\u0131 Donald Trump ile birinci y\u00fcz y\u00fcze g\u00f6r\u00fc\u015fmesini ger\u00e7ekle\u015ftirecek. Ana g\u00fcndem Ukrayna olacak. Starmer, Avrupa\u2019n\u0131n Kiev\u2019e g\u00fcvenlik teminatlar\u0131 sunmas\u0131n\u0131 savunurken, Trump Ukrayna\u2019ya yap\u0131lan yard\u0131mlar\u0131n kar\u015f\u0131l\u0131\u011f\u0131n\u0131 alma pe\u015finde. \u0130ngiltere, Washington\u2019un takviyesiyle bar\u0131\u015f\u0131 sa\u011flamla\u015ft\u0131rmay\u0131 ama\u00e7larken, Trump\u2019\u0131n s\u00fcratli bar\u0131\u015f plan\u0131n\u0131n Avrupa\u2019y\u0131 daha b\u00fcy\u00fck bir istikrars\u0131zl\u0131\u011fa s\u00fcr\u00fckleyebilece\u011fi tasas\u0131 b\u00fcy\u00fcyor.<\/p>\n","protected":false},"author":1,"featured_media":48062,"comment_status":"open","ping_status":"open","sticky":false,"template":"","format":"standard","meta":{"footnotes":""},"categories":[43],"tags":[82,435,1302,131,201],"class_list":["post-48061","post","type-post","status-publish","format-standard","has-post-thumbnail","hentry","category-dunya","tag-abd","tag-avrupa","tag-starmer","tag-trump","tag-ukrayna"],"_links":{"self":[{"href":"https:\/\/ikimisli.tr\/index.php\/wp-json\/wp\/v2\/posts\/48061","targetHints":{"allow":["GET"]}}],"collection":[{"href":"https:\/\/ikimisli.tr\/index.php\/wp-json\/wp\/v2\/posts"}],"about":[{"href":"https:\/\/ikimisli.tr\/index.php\/wp-json\/wp\/v2\/types\/post"}],"author":[{"embeddable":true,"href":"https:\/\/ikimisli.tr\/index.php\/wp-json\/wp\/v2\/users\/1"}],"replies":[{"embeddable":true,"href":"https:\/\/ikimisli.tr\/index.php\/wp-json\/wp\/v2\/comments?post=48061"}],"version-history":[{"count":1,"href":"https:\/\/ikimisli.tr\/index.php\/wp-json\/wp\/v2\/posts\/48061\/revisions"}],"predecessor-version":[{"id":48063,"href":"https:\/\/ikimisli.tr\/index.php\/wp-json\/wp\/v2\/posts\/48061\/revisions\/48063"}],"wp:featuredmedia":[{"embeddable":true,"href":"https:\/\/ikimisli.tr\/index.php\/wp-json\/wp\/v2\/media\/48062"}],"wp:attachment":[{"href":"https:\/\/ikimisli.tr\/index.php\/wp-json\/wp\/v2\/media?parent=48061"}],"wp:term":[{"taxonomy":"category","embeddable":true,"href":"https:\/\/ikimisli.tr\/index.php\/wp-json\/wp\/v2\/categories?post=48061"},{"taxonomy":"post_tag","embeddable":true,"href":"https:\/\/ikimisli.tr\/index.php\/wp-json\/wp\/v2\/tags?post=48061"}],"curies":[{"name":"wp","href":"https:\/\/api.w.org\/{rel}","templated":true}]}}