{"id":48159,"date":"2025-06-18T22:12:07","date_gmt":"2025-06-18T22:12:07","guid":{"rendered":"https:\/\/ikimisli.tr\/?p=48159"},"modified":"2025-06-18T22:12:07","modified_gmt":"2025-06-18T22:12:07","slug":"ramazan-oncesi-ingiltere-krali-hurma-paketledi","status":"publish","type":"post","link":"https:\/\/ikimisli.tr\/index.php\/2025\/06\/18\/ramazan-oncesi-ingiltere-krali-hurma-paketledi\/","title":{"rendered":"Ramazan \u00f6ncesi \u0130ngiltere Kral\u0131 hurma paketledi"},"content":{"rendered":"<p>Kanser tedavisi g\u00f6ren Kral Charles, e\u015fi Camilla ile birlikte hastanelerdeki M\u00fcsl\u00fcmanlar i\u00e7in hurma paketleyerek iftar haz\u0131rl\u0131klar\u0131na dayanak verdi.<\/p>\n<p>M\u00fcsl\u00fcmanlar d\u00fcnyan\u0131n d\u00f6rt bir yan\u0131nda Ramazan&#8217;\u0131 beklerken, \u0130ngiltere&#8217;de kraliyet ailesi de bu \u00f6zel periyoda kay\u0131ts\u0131z kalmad\u0131. Kral Charles ve Krali\u00e7e Camilla, hastanelerde tedavi g\u00f6ren M\u00fcsl\u00fcmanlar\u0131n iftarlar\u0131n\u0131 a\u00e7abilmesi i\u00e7in \u00f6zel olarak hurma paketledi.<\/p>\n<p><b>HASTALI\u011eI SEV\u0130NC\u0130NE MAHZUR OLMADI<\/b><\/p>\n<p>Etkinlik s\u0131ras\u0131nda sevin\u00e7li tutumlar\u0131yla dikkat \u00e7eken Kral Charles ve Camilla, toplumsal medyada b\u00fcy\u00fck ilgi g\u00f6rd\u00fc. Kullan\u0131c\u0131lar, s\u0131hhat problemlerine kar\u015f\u0131n bu manal\u0131 \u00e7al\u0131\u015fmaya kat\u0131lan Kral Charles&#8217;\u0131 takdir eden yorumlar yapt\u0131.<\/p>\n<p>\u0130ngiltere H\u00fck\u00fcmdar\u0131 Charles, bir m\u00fcddettir kanser tedavisi g\u00f6r\u00fcyor. Fakat bu durum, onun Ramazan ay\u0131 i\u00e7in yap\u0131lan haz\u0131rl\u0131klara takviye vermesine p\u00fcr\u00fcz olmad\u0131. Kraliyet \u00e7iftinin bu jesti, yabanc\u0131 bas\u0131nda da farkl\u0131 inan\u00e7lara h\u00fcrmet ve dayan\u0131\u015fma bildirisi olarak de\u011ferlendirildi.<\/p>\n","protected":false},"excerpt":{"rendered":"<p>\u0130ngiltere H\u00fck\u00fcmdar\u0131 III. Charles ve Krali\u00e7e Camilla, Ramazan ay\u0131 \u00f6ncesinde manal\u0131 bir aktifli\u011fe imza att\u0131.<\/p>\n","protected":false},"author":1,"featured_media":48160,"comment_status":"open","ping_status":"open","sticky":false,"template":"","format":"standard","meta":{"footnotes":""},"categories":[43],"tags":[6852,1033],"class_list":["post-48159","post","type-post","status-publish","format-standard","has-post-thumbnail","hentry","category-dunya","tag-charles","tag-kral"],"_links":{"self":[{"href":"https:\/\/ikimisli.tr\/index.php\/wp-json\/wp\/v2\/posts\/48159","targetHints":{"allow":["GET"]}}],"collection":[{"href":"https:\/\/ikimisli.tr\/index.php\/wp-json\/wp\/v2\/posts"}],"about":[{"href":"https:\/\/ikimisli.tr\/index.php\/wp-json\/wp\/v2\/types\/post"}],"author":[{"embeddable":true,"href":"https:\/\/ikimisli.tr\/index.php\/wp-json\/wp\/v2\/users\/1"}],"replies":[{"embeddable":true,"href":"https:\/\/ikimisli.tr\/index.php\/wp-json\/wp\/v2\/comments?post=48159"}],"version-history":[{"count":1,"href":"https:\/\/ikimisli.tr\/index.php\/wp-json\/wp\/v2\/posts\/48159\/revisions"}],"predecessor-version":[{"id":48161,"href":"https:\/\/ikimisli.tr\/index.php\/wp-json\/wp\/v2\/posts\/48159\/revisions\/48161"}],"wp:featuredmedia":[{"embeddable":true,"href":"https:\/\/ikimisli.tr\/index.php\/wp-json\/wp\/v2\/media\/48160"}],"wp:attachment":[{"href":"https:\/\/ikimisli.tr\/index.php\/wp-json\/wp\/v2\/media?parent=48159"}],"wp:term":[{"taxonomy":"category","embeddable":true,"href":"https:\/\/ikimisli.tr\/index.php\/wp-json\/wp\/v2\/categories?post=48159"},{"taxonomy":"post_tag","embeddable":true,"href":"https:\/\/ikimisli.tr\/index.php\/wp-json\/wp\/v2\/tags?post=48159"}],"curies":[{"name":"wp","href":"https:\/\/api.w.org\/{rel}","templated":true}]}}