{"id":48223,"date":"2025-06-19T01:36:08","date_gmt":"2025-06-19T01:36:08","guid":{"rendered":"https:\/\/ikimisli.tr\/?p=48223"},"modified":"2025-06-19T01:36:08","modified_gmt":"2025-06-19T01:36:08","slug":"eski-olimpik-yuzucu-derya-eke-hayatini-kaybetti","status":"publish","type":"post","link":"https:\/\/ikimisli.tr\/index.php\/2025\/06\/19\/eski-olimpik-yuzucu-derya-eke-hayatini-kaybetti\/","title":{"rendered":"Eski olimpik y\u00fcz\u00fcc\u00fc Derya Eke hayat\u0131n\u0131 kaybetti"},"content":{"rendered":"<p>T\u00fcrk y\u00fczme toplulu\u011fu, eski olimpik ulusal y\u00fcz\u00fcc\u00fc Derya Erke&#8217;yi kaybetmenin derin \u0131st\u0131rab\u0131n\u0131 ya\u015f\u0131yor. T\u00fcrkiye Y\u00fczme Federasyonu, resmi toplumsal medya hesab\u0131ndan yapt\u0131\u011f\u0131 a\u00e7\u0131klamada, &#8220;Olimpik y\u00fcz\u00fcc\u00fcm\u00fcz Derya Erke\u2019yi kaybetmenin derin h\u00fczn\u00fcn\u00fc ya\u015f\u0131yoruz. Merhumeye Allah\u2019tan rahmet, ailesine, sevenlerine ve T\u00fcrk y\u00fczme toplulu\u011funa ba\u015fsa\u011fl\u0131\u011f\u0131 dileriz.&#8221; tabirlerine yer verdi.<\/p>\n<p>Derya Erke&#8217;nin vefat\u0131, y\u00fczme d\u00fcnyas\u0131nda b\u00fcy\u00fck bir kederle kar\u015f\u0131land\u0131. Olimpiyatlarda T\u00fcrk y\u00fczme sporunu temsil etmi\u015f olan Erke, T\u00fcrk sporuna de\u011ferli katk\u0131larda bulunmu\u015f bir isim olarak haf\u0131zalarda kalm\u0131\u015ft\u0131.<\/p>\n<p>Erke i\u00e7in d\u00fczenlenecek merasim, yar\u0131n saat 10.30&#8217;da \u0130stanbul&#8217;un Fatih il\u00e7esinde bulunan Spor \u0130stanbul Genel M\u00fcd\u00fcrl\u00fc\u011f\u00fc \u00f6n\u00fcnde ger\u00e7ekle\u015ftirilecek. Akabinde, Be\u015fikta\u015f B\u00fcy\u00fck Mecidiye Camisi\u2019nde \u00f6\u011flen namaz\u0131n\u0131n akabinde cenaze namaz\u0131 k\u0131l\u0131nacak ve Derya Erke&#8217;nin naa\u015f\u0131, Ortak\u00f6y Mezarl\u0131\u011f\u0131&#8217;ndaki aile kabristan\u0131na defnedilecektir.<\/p>\n","protected":false},"excerpt":{"rendered":"<p>Eski olimpik ulusal y\u00fcz\u00fcc\u00fc Derya Erke, vefat etti.<\/p>\n","protected":false},"author":1,"featured_media":48224,"comment_status":"open","ping_status":"open","sticky":false,"template":"","format":"standard","meta":{"footnotes":""},"categories":[25],"tags":[163,726],"class_list":["post-48223","post","type-post","status-publish","format-standard","has-post-thumbnail","hentry","category-gundem","tag-turk","tag-yuzme"],"_links":{"self":[{"href":"https:\/\/ikimisli.tr\/index.php\/wp-json\/wp\/v2\/posts\/48223","targetHints":{"allow":["GET"]}}],"collection":[{"href":"https:\/\/ikimisli.tr\/index.php\/wp-json\/wp\/v2\/posts"}],"about":[{"href":"https:\/\/ikimisli.tr\/index.php\/wp-json\/wp\/v2\/types\/post"}],"author":[{"embeddable":true,"href":"https:\/\/ikimisli.tr\/index.php\/wp-json\/wp\/v2\/users\/1"}],"replies":[{"embeddable":true,"href":"https:\/\/ikimisli.tr\/index.php\/wp-json\/wp\/v2\/comments?post=48223"}],"version-history":[{"count":1,"href":"https:\/\/ikimisli.tr\/index.php\/wp-json\/wp\/v2\/posts\/48223\/revisions"}],"predecessor-version":[{"id":48225,"href":"https:\/\/ikimisli.tr\/index.php\/wp-json\/wp\/v2\/posts\/48223\/revisions\/48225"}],"wp:featuredmedia":[{"embeddable":true,"href":"https:\/\/ikimisli.tr\/index.php\/wp-json\/wp\/v2\/media\/48224"}],"wp:attachment":[{"href":"https:\/\/ikimisli.tr\/index.php\/wp-json\/wp\/v2\/media?parent=48223"}],"wp:term":[{"taxonomy":"category","embeddable":true,"href":"https:\/\/ikimisli.tr\/index.php\/wp-json\/wp\/v2\/categories?post=48223"},{"taxonomy":"post_tag","embeddable":true,"href":"https:\/\/ikimisli.tr\/index.php\/wp-json\/wp\/v2\/tags?post=48223"}],"curies":[{"name":"wp","href":"https:\/\/api.w.org\/{rel}","templated":true}]}}