{"id":48241,"date":"2025-06-19T02:48:07","date_gmt":"2025-06-19T02:48:07","guid":{"rendered":"https:\/\/ikimisli.tr\/?p=48241"},"modified":"2025-06-19T02:48:07","modified_gmt":"2025-06-19T02:48:07","slug":"rusyadan-irana-dikkat-ceken-abd-cagrisi","status":"publish","type":"post","link":"https:\/\/ikimisli.tr\/index.php\/2025\/06\/19\/rusyadan-irana-dikkat-ceken-abd-cagrisi\/","title":{"rendered":"Rusya&#8217;dan \u0130ran&#8217;a dikkat \u00e7eken ABD \u00e7a\u011fr\u0131s\u0131"},"content":{"rendered":"<p>\u0130ran medyas\u0131na g\u00f6re, Rusya D\u0131\u015fi\u015fleri Bakan\u0131 Sergey Lavrov, ge\u00e7ti\u011fimiz hafta Tahran\u2019a yapt\u0131\u011f\u0131 ziyarette \u0130ran\u2019\u0131n n\u00fckleer program\u0131 \u00fczerine ABD ve \u0130ran ortas\u0131nda arabuluculuk yapma teklifinde bulundu. Lavrov&#8217;un bu \u00f6nerisi, son periyottaki b\u00f6lgesel diplomatik temaslar\u0131n\u0131n bir mod\u00fcl\u00fc olarak g\u00fcndeme geldi.<\/p>\n<p>Lavrov, Suudi Arabistan\u2019da ABD\u2019li yetkili Marco Rubio ile g\u00f6r\u00fc\u015fmeler yapt\u0131ktan sonra, T\u00fcrkiye, \u0130ran ve Katar&#8217;\u0131 ziyaret etti. Tahran&#8217;da \u0130ranl\u0131 yetkililere, ABD idaresinin n\u00fckleer muahede m\u00fczakerelerine yine ba\u015flamaya y\u00f6nelik kurallar\u0131n\u0131 iletti\u011fi tez ediliyor.<\/p>\n<p><b>ABD KO\u015eULLARI VE LAVROV&#8217;UN KONUMU<\/b><\/p>\n<p>Kuveyt merkezli Al-Jarida gazetesinin diplomatik kaynaklara dayand\u0131rd\u0131\u011f\u0131 haberine nazaran, Lavrov\u2019un Tahran&#8217;da ABD\u2019nin m\u00fczakerelere ba\u015flamas\u0131 i\u00e7in sundu\u011fu ko\u015fullardan biri, \u0130ran&#8217;\u0131n balistik f\u00fcze ve insans\u0131z hava arac\u0131 programlar\u0131na s\u0131k\u0131 k\u0131s\u0131tlamalar getirilmesi. Gazeteye nazaran, \u015fayet \u0130ran bu kaideleri kabul ederse, m\u00fczakereler uzman d\u00fczeyinde ba\u015flat\u0131lacak ve bu s\u00fcre\u00e7te somut bir ilerleme kaydedilirse, g\u00f6r\u00fc\u015fmeler d\u0131\u015fi\u015fleri bakanlar\u0131 d\u00fczeyine ta\u015f\u0131narak, nihayetinde ABD Ba\u015fkan\u0131 Donald Trump ve \u0130ran Cumhurba\u015fkan\u0131 Mesud Peze\u015fkiyan ortas\u0131nda direkt bir muahede yap\u0131lacak.<\/p>\n<p><b>\u0130RAN&#8217;IN M\u00dcZAKERE KO\u015eULLARI<\/b><\/p>\n<p>\u0130ddiaya nazaran, Lavrov\u2019un Tahran\u2019daki g\u00f6r\u00fc\u015fmesinde \u0130ran D\u0131\u015fi\u015fleri Bakan\u0131 Abbas Arak\u00e7i, n\u00fckleer m\u00fczakerelerde ciddiyetin sa\u011flanabilmesi i\u00e7in \u00fc\u00e7 \u015fart \u00f6ne s\u00fcrd\u00fc. Bu \u015fartlar ortas\u0131nda, m\u00fczakerelere ba\u015flamadan evvel hi\u00e7bir \u00f6n \u015fart\u0131n getirilmemesi, m\u00fczakereler s\u0131ras\u0131nda \u0130ran\u2019a uygulanan ABD yapt\u0131r\u0131mlar\u0131n\u0131n ask\u0131ya al\u0131nmas\u0131 ve \u0130ran\u2019\u0131n n\u00fckleer tesislerine y\u00f6nelik \u0130srail\u2019in devam eden tehditlerinin durdurulmas\u0131 bulunuyor.<\/p>\n<p><b>&#8220;GER\u00c7EKLER G\u0130ZLEN\u0130YOR&#8221;<\/b><\/p>\n<p>\u0130ran\u2019\u0131n \u00f6nde gelen gazetelerinden Cumhuri \u0130slami, Lavrov\u2019un Tahran ziyareti sonras\u0131 D\u0131\u015fi\u015fleri Bakan\u0131 Arak\u00e7i ve Bakanl\u0131k hakk\u0131nda sert tenkitlerde bulundu. Gazetede yer alan bir tenkitte, \u201cLavrov ile g\u00f6r\u00fc\u015fmenin ger\u00e7eklerini neden gizliyorsunuz?\u201d bi\u00e7iminde bir tabir kullan\u0131larak, g\u00f6r\u00fc\u015fmenin i\u00e7eri\u011fine dair ku\u015fkular g\u00fcndeme getirildi. Bu durum, \u0130ran i\u00e7indeki siyasi tart\u0131\u015fmalar\u0131 ve d\u0131\u015f siyaset stratejilerine ait tenkitlerin artt\u0131\u011f\u0131n\u0131 g\u00f6steriyor.<\/p>\n","protected":false},"excerpt":{"rendered":"<p>Rusya D\u0131\u015fi\u015fleri Bakan\u0131 Sergey Lavrov&#8217;un, hafta ba\u015f\u0131nda \u0130ran&#8217;a ger\u00e7ekle\u015ftirdi\u011fi ziyarette, Tahran&#8217;\u0131n n\u00fckleer program\u0131 \u00fczerine ABD ve \u0130ran ortas\u0131nda arabuluculuk yapma teklifinde bulundu<\/p>\n","protected":false},"author":1,"featured_media":48242,"comment_status":"open","ping_status":"open","sticky":false,"template":"","format":"standard","meta":{"footnotes":""},"categories":[43],"tags":[82,103,138,6861,4556],"class_list":["post-48241","post","type-post","status-publish","format-standard","has-post-thumbnail","hentry","category-dunya","tag-abd","tag-dis","tag-iran","tag-muzakereler","tag-tahran"],"_links":{"self":[{"href":"https:\/\/ikimisli.tr\/index.php\/wp-json\/wp\/v2\/posts\/48241","targetHints":{"allow":["GET"]}}],"collection":[{"href":"https:\/\/ikimisli.tr\/index.php\/wp-json\/wp\/v2\/posts"}],"about":[{"href":"https:\/\/ikimisli.tr\/index.php\/wp-json\/wp\/v2\/types\/post"}],"author":[{"embeddable":true,"href":"https:\/\/ikimisli.tr\/index.php\/wp-json\/wp\/v2\/users\/1"}],"replies":[{"embeddable":true,"href":"https:\/\/ikimisli.tr\/index.php\/wp-json\/wp\/v2\/comments?post=48241"}],"version-history":[{"count":1,"href":"https:\/\/ikimisli.tr\/index.php\/wp-json\/wp\/v2\/posts\/48241\/revisions"}],"predecessor-version":[{"id":48243,"href":"https:\/\/ikimisli.tr\/index.php\/wp-json\/wp\/v2\/posts\/48241\/revisions\/48243"}],"wp:featuredmedia":[{"embeddable":true,"href":"https:\/\/ikimisli.tr\/index.php\/wp-json\/wp\/v2\/media\/48242"}],"wp:attachment":[{"href":"https:\/\/ikimisli.tr\/index.php\/wp-json\/wp\/v2\/media?parent=48241"}],"wp:term":[{"taxonomy":"category","embeddable":true,"href":"https:\/\/ikimisli.tr\/index.php\/wp-json\/wp\/v2\/categories?post=48241"},{"taxonomy":"post_tag","embeddable":true,"href":"https:\/\/ikimisli.tr\/index.php\/wp-json\/wp\/v2\/tags?post=48241"}],"curies":[{"name":"wp","href":"https:\/\/api.w.org\/{rel}","templated":true}]}}