{"id":48256,"date":"2025-06-19T03:48:07","date_gmt":"2025-06-19T03:48:07","guid":{"rendered":"https:\/\/ikimisli.tr\/?p=48256"},"modified":"2025-06-19T03:48:07","modified_gmt":"2025-06-19T03:48:07","slug":"edirnede-4-feto-suphelisi-tutuklandi","status":"publish","type":"post","link":"https:\/\/ikimisli.tr\/index.php\/2025\/06\/19\/edirnede-4-feto-suphelisi-tutuklandi\/","title":{"rendered":"Edirne&#8217;de  4 FET\u00d6 \u015f\u00fcphelisi tutukland\u0131"},"content":{"rendered":"<p>Edirne&#8217;de d\u00fczenlenen operasyon sonucu 4 FET\u00d6 \u015f\u00fcphelisi tutukland\u0131. Vilayet Emniyet M\u00fcd\u00fcrl\u00fc\u011f\u00fc\u2019ne ba\u011fl\u0131 Ter\u00f6rle Gayret, \u0130stihbarat ve G\u00f6\u00e7men Ka\u00e7ak\u00e7\u0131l\u0131\u011f\u0131yla Gayret \u015fubeleri, Trakya \u00dcniversitesi Balkan Yerle\u015fkesi\u2019nde yapt\u0131klar\u0131 koordineli bir \u00e7al\u0131\u015fma sonucunda ku\u015fkulu bir arabas\u0131 durdurdu.<\/p>\n<p>Yap\u0131lan inceleme sonucunda, ara\u00e7ta bulunan E.\u015e., K.L., S.T. ve S.\u015e.&#8217;nin FET\u00d6 ile kontakl\u0131 oldu\u011fu tespit edildi. \u015e\u00fcpheliler, g\u00f6zalt\u0131na al\u0131nd\u0131 ve emniyetteki s\u00fcre\u00e7lerinin akabinde Edirne Adliyesi&#8217;ne sevk edildi.<\/p>\n<p>Savc\u0131l\u0131k sorgusunun akabinde \u00e7\u0131kar\u0131ld\u0131klar\u0131 hakimlik\u00e7e tutuklanan 4 ku\u015fkulu, cezaevine g\u00f6nderildi. Olayla ilgili soru\u015fturma devam ediyor.<\/p>\n","protected":false},"excerpt":{"rendered":"<p>Ge\u00e7ti\u011fimiz g\u00fcnlerde Edirne&#8217;de g\u00f6zalt\u0131na al\u0131nan 4 FET\u00d6 \u015f\u00fcphelisi \u00e7\u0131kar\u0131ld\u0131klar\u0131 mahkemece tutuklanarak cezaevine g\u00f6nderildi.<\/p>\n","protected":false},"author":1,"featured_media":48257,"comment_status":"open","ping_status":"open","sticky":false,"template":"","format":"standard","meta":{"footnotes":""},"categories":[25],"tags":[],"class_list":["post-48256","post","type-post","status-publish","format-standard","has-post-thumbnail","hentry","category-gundem"],"_links":{"self":[{"href":"https:\/\/ikimisli.tr\/index.php\/wp-json\/wp\/v2\/posts\/48256","targetHints":{"allow":["GET"]}}],"collection":[{"href":"https:\/\/ikimisli.tr\/index.php\/wp-json\/wp\/v2\/posts"}],"about":[{"href":"https:\/\/ikimisli.tr\/index.php\/wp-json\/wp\/v2\/types\/post"}],"author":[{"embeddable":true,"href":"https:\/\/ikimisli.tr\/index.php\/wp-json\/wp\/v2\/users\/1"}],"replies":[{"embeddable":true,"href":"https:\/\/ikimisli.tr\/index.php\/wp-json\/wp\/v2\/comments?post=48256"}],"version-history":[{"count":1,"href":"https:\/\/ikimisli.tr\/index.php\/wp-json\/wp\/v2\/posts\/48256\/revisions"}],"predecessor-version":[{"id":48258,"href":"https:\/\/ikimisli.tr\/index.php\/wp-json\/wp\/v2\/posts\/48256\/revisions\/48258"}],"wp:featuredmedia":[{"embeddable":true,"href":"https:\/\/ikimisli.tr\/index.php\/wp-json\/wp\/v2\/media\/48257"}],"wp:attachment":[{"href":"https:\/\/ikimisli.tr\/index.php\/wp-json\/wp\/v2\/media?parent=48256"}],"wp:term":[{"taxonomy":"category","embeddable":true,"href":"https:\/\/ikimisli.tr\/index.php\/wp-json\/wp\/v2\/categories?post=48256"},{"taxonomy":"post_tag","embeddable":true,"href":"https:\/\/ikimisli.tr\/index.php\/wp-json\/wp\/v2\/tags?post=48256"}],"curies":[{"name":"wp","href":"https:\/\/api.w.org\/{rel}","templated":true}]}}