{"id":48284,"date":"2025-06-19T05:36:07","date_gmt":"2025-06-19T05:36:07","guid":{"rendered":"https:\/\/ikimisli.tr\/?p=48284"},"modified":"2025-06-19T05:36:07","modified_gmt":"2025-06-19T05:36:07","slug":"netflixteki-degisiklik-tepki-cekti-kullanicilar-aboneligi-iptal-etmekle-tehdit-ediyor","status":"publish","type":"post","link":"https:\/\/ikimisli.tr\/index.php\/2025\/06\/19\/netflixteki-degisiklik-tepki-cekti-kullanicilar-aboneligi-iptal-etmekle-tehdit-ediyor\/","title":{"rendered":"Netflix&#8217;teki de\u011fi\u015fiklik tepki \u00e7ekti: Kullan\u0131c\u0131lar aboneli\u011fi iptal etmekle tehdit ediyor"},"content":{"rendered":"<p>Pop\u00fcler yay\u0131n platformu Netflix, televizyon \u00fczerinden kullan\u0131lan aray\u00fcz\u00fcnde beklenmedik bir g\u00fcncelleme yapt\u0131. Fakat bu de\u011fi\u015fiklik, kullan\u0131c\u0131lar\u0131n b\u00fcy\u00fck reaksiyonunu \u00e7ekti. &#8220;Netflix aray\u00fcz\u00fc gizlice mi de\u011fi\u015ftirdi?&#8221; diyen \u015fa\u015fk\u0131n bir kullan\u0131c\u0131, yeni dizayn\u0131n ekran imgesini payla\u015farak durumu sorgulad\u0131.<\/p>\n<p>Sosyal medyada en fazla \u015fikayet edilen mevzu, yeni dizayn\u0131n ekran\u0131 gereksiz formda doldurmas\u0131 oldu. Kullan\u0131c\u0131lar, eskisine nazaran y\u00fczde 70 daha az i\u00e7eri\u011fin g\u00f6r\u00fcn\u00fcr oldu\u011funu belirterek &#8220;Sadece tek bir dizi yahut sinema g\u00f6r\u00fcyoruz, bu g\u00fcncelleme nitekim korkun\u00e7&#8221; halinde reaksiyon g\u00f6sterdi.<\/p>\n<p>Bir kullan\u0131c\u0131, &#8220;Yeni Netflix g\u00fcncellemesi berbat. Eskisine nazaran \u00e7ok daha az i\u00e7eri\u011fi birebir anda g\u00f6rebiliyoruz. Bu y\u00fczden aboneli\u011fimi iptal etmeyi d\u00fc\u015f\u00fcn\u00fcyorum&#8221; s\u00f6zleriyle memnuniyetsizli\u011fini lisana getirdi.<\/p>\n<p>Baz\u0131 kullan\u0131c\u0131lar, i\u00e7eriklerin ba\u015fl\u0131klar\u0131n\u0131n eksik yahut kesilmi\u015f formda g\u00f6r\u00fcnd\u00fc\u011f\u00fcn\u00fc fark etti. Payla\u015f\u0131lan ekran manzaralar\u0131nda, \u00f6rne\u011fin &#8220;The Lincoln Lawyer&#8221; dizisinin ba\u015fl\u0131\u011f\u0131ndaki &#8220;Lawyer&#8221; s\u00f6z\u00fcn\u00fcn tamam\u0131n\u0131n g\u00f6r\u00fcnmedi\u011fi dikkat \u00e7ekti. Bir kullan\u0131c\u0131, Netflix\u2019e seslenerek &#8220;\u00dcr\u00fcn y\u00f6neticinizi ve tasar\u0131m grubunuzu kovun! Yeni tasar\u0131m ba\u015fl\u0131klar\u0131 kesiyor. Beni i\u015fe alabilirsiniz!&#8221; bi\u00e7iminde sert bir yorum yapt\u0131.<\/p>\n<p><img decoding=\"async\" src=\"https:\/\/ikimisli.tr\/wp-content\/uploads\/2025\/06\/netflixteki-degisiklik-tepki-cekti-kullanicilar-aboneligi-iptal-etmekle-tehdit-ediyor-0-VSVy3AiG.jpg\"\/><\/p>\n<p>Netflix aboneleri, \u015firketten bu de\u011fi\u015fiklikleri geri almas\u0131n\u0131 talep etti. &#8220;Netflix, l\u00fctfen aray\u00fcz\u00fc eski haline d\u00f6nd\u00fcr. Bu yeni tasar\u0131m \u00e7ok mak\u00fbs ve ekran\u0131 gereksiz yere dolduruyor&#8221; diyerek Netflix\u2019e davette bulunan kullan\u0131c\u0131lar, de\u011fi\u015fikli\u011fin geri \u00e7ekilmesini istedi.<\/p>\n<p>Netflix, bu g\u00fcncellemeyi evvelce duyurmam\u0131\u015f olsa da, The Standard gazetesine nazaran yeni aray\u00fcz 2024 y\u0131l\u0131n\u0131n Haziran ay\u0131nda belli kullan\u0131c\u0131larla test edilmeye ba\u015fland\u0131.<\/p>\n<p>Netflix\u2019in eser y\u00f6neticisi Patrick Flemming, bu de\u011fi\u015fikli\u011fin &#8220;kullan\u0131c\u0131 tecr\u00fcbesini basitle\u015ftirmek&#8221; hedefiyle yap\u0131ld\u0131\u011f\u0131n\u0131 a\u00e7\u0131klad\u0131. Flemming, kullan\u0131c\u0131lar\u0131n &#8220;g\u00f6zleriyle gereksiz hareketler yapmas\u0131n\u0131 \u00f6nlemek&#8221; istediklerini belirtti. Lakin toplumsal medya reaksiyonlar\u0131na bak\u0131ld\u0131\u011f\u0131nda, kullan\u0131c\u0131lar yeni aray\u00fcz\u00fcn i\u015fleri daha da zorla\u015ft\u0131rd\u0131\u011f\u0131n\u0131 d\u00fc\u015f\u00fcn\u00fcyor.<\/p>\n","protected":false},"excerpt":{"rendered":"<p>Netflix, televizyon aray\u00fcz\u00fcnde yapt\u0131\u011f\u0131 ani de\u011fi\u015fikliklerle b\u00fcy\u00fck reaksiyon \u00e7ekti. Kullan\u0131c\u0131lar, platformun yeni dizayn\u0131n\u0131 &#8220;berbat&#8221; olarak nitelendirerek, toplumsal medyada a\u011f\u0131r tenkitlerde bulundu. Bir\u00e7ok ki\u015fi, bu de\u011fi\u015fikliklerin izleme tecr\u00fcbesini olumsuz etkiledi\u011fini savunarak aboneliklerini iptal etme tehdidinde bulundu.<\/p>\n","protected":false},"author":1,"featured_media":48285,"comment_status":"open","ping_status":"open","sticky":false,"template":"","format":"standard","meta":{"footnotes":""},"categories":[31],"tags":[6863,1688,2617,2638],"class_list":["post-48284","post","type-post","status-publish","format-standard","has-post-thumbnail","hentry","category-teknoloji","tag-arayuz","tag-kullanicilar","tag-netflix","tag-tasarim"],"_links":{"self":[{"href":"https:\/\/ikimisli.tr\/index.php\/wp-json\/wp\/v2\/posts\/48284","targetHints":{"allow":["GET"]}}],"collection":[{"href":"https:\/\/ikimisli.tr\/index.php\/wp-json\/wp\/v2\/posts"}],"about":[{"href":"https:\/\/ikimisli.tr\/index.php\/wp-json\/wp\/v2\/types\/post"}],"author":[{"embeddable":true,"href":"https:\/\/ikimisli.tr\/index.php\/wp-json\/wp\/v2\/users\/1"}],"replies":[{"embeddable":true,"href":"https:\/\/ikimisli.tr\/index.php\/wp-json\/wp\/v2\/comments?post=48284"}],"version-history":[{"count":1,"href":"https:\/\/ikimisli.tr\/index.php\/wp-json\/wp\/v2\/posts\/48284\/revisions"}],"predecessor-version":[{"id":48287,"href":"https:\/\/ikimisli.tr\/index.php\/wp-json\/wp\/v2\/posts\/48284\/revisions\/48287"}],"wp:featuredmedia":[{"embeddable":true,"href":"https:\/\/ikimisli.tr\/index.php\/wp-json\/wp\/v2\/media\/48285"}],"wp:attachment":[{"href":"https:\/\/ikimisli.tr\/index.php\/wp-json\/wp\/v2\/media?parent=48284"}],"wp:term":[{"taxonomy":"category","embeddable":true,"href":"https:\/\/ikimisli.tr\/index.php\/wp-json\/wp\/v2\/categories?post=48284"},{"taxonomy":"post_tag","embeddable":true,"href":"https:\/\/ikimisli.tr\/index.php\/wp-json\/wp\/v2\/tags?post=48284"}],"curies":[{"name":"wp","href":"https:\/\/api.w.org\/{rel}","templated":true}]}}