{"id":48394,"date":"2025-06-19T12:24:18","date_gmt":"2025-06-19T12:24:18","guid":{"rendered":"https:\/\/ikimisli.tr\/?p=48394"},"modified":"2025-06-19T12:24:18","modified_gmt":"2025-06-19T12:24:18","slug":"pkk-kendini-feshetsin","status":"publish","type":"post","link":"https:\/\/ikimisli.tr\/index.php\/2025\/06\/19\/pkk-kendini-feshetsin\/","title":{"rendered":"PKK kendini feshetsin"},"content":{"rendered":"<p><em><strong>Ali MAC\u0130T<\/strong><\/em><\/p>\n<p>MHP lideri Devlet Bah\u00e7eli\u2019nin ge\u00e7en ekim ay\u0131nda ba\u015flatt\u0131\u011f\u0131 \u2018yeni s\u00fcre\u00e7\u2019te, d\u00fcn ter\u00f6r \u00f6rg\u00fct\u00fc PKK eleba\u015f\u0131 Abdullah \u00d6calan\u2019\u0131n daveti \u0130stanbul\u2019da kamuoyu ile payla\u015f\u0131ld\u0131. \u00d6calan, ter\u00f6r \u00f6rg\u00fct\u00fc PKK\u2019y\u0131 feshetti\u011fini a\u00e7\u0131klay\u0131p silah b\u0131rakma daveti yapt\u0131. \u00d6calan\u2019\u0131n daveti \u00f6zetle \u015f\u00f6yle:<\/p>\n<p><strong>DEMOKRAS\u0130 \u0130\u00c7\u0130N<\/strong><\/p>\n<p>\u201cPKK; \u015fiddet y\u00fczy\u0131l\u0131 20. asr\u0131, K\u00fcrt realitesinin inkar\u0131, bas\u0327ta tabir olmak \u00fczere \u00f6zg\u00fcrl\u00fckler konusunda yasaklardan kaynakl\u0131 olu\u015fan tabanda do\u011fmu\u015ftur.<\/p>\n<p>1990\u2019larda reel-sosyalizmin i\u00e7 nedenlerle \u00e7\u00f6k\u00fc\u015f\u00fc ve \u00fclkede kimlik inkar\u0131n\u0131n \u00e7\u00f6z\u00fcl\u00fc\u015f\u00fc, s\u00f6z \u00f6zg\u00fcrl\u00fc\u011f\u00fcnde sa\u011flanan geli\u015fmeler, PKK\u2019nin mana yoksunlu\u011funa ve \u00e7ok tekrara yol a\u00e7m\u0131\u015ft\u0131r. Hasebiyle \u00f6mr\u00fcn\u00fc benzerleri \u00fczere tamamlam\u0131\u015f ve feshini gerekli k\u0131lm\u0131\u015ft\u0131r.<\/p>\n<p>K\u00fcrt-T\u00fcrk ba\u011flant\u0131lar\u0131; 1000 y\u0131l\u0131 a\u015fan tarihler boyunca T\u00fcrkler ve K\u00fcrtler, varl\u0131klar\u0131n\u0131 s\u00fcrd\u00fcrmek ve hegemonik g\u00fc\u00e7lere kar\u015f\u0131 ayakta kalmak i\u00e7in g\u00f6n\u00fcll\u00fcl\u00fck istikameti a\u011f\u0131r basan, daima bir ittifak i\u00e7inde kalmay\u0131 zarur\u00ee g\u00f6rm\u00fc\u015flerdir.<\/p>\n<p>Demokratik toplum gereksinimi ka\u00e7\u0131n\u0131lmazd\u0131r. Kimliklere h\u00fcrmet, kendilerini \u00f6zg\u00fcrce tabir edip, demokratik manada \u00f6rg\u00fctlenmeleri, her b\u00f6l\u00fcm\u00fcn kendilerine temel ald\u0131klar\u0131 sosyo-ekonomik ve siyasal yap\u0131lanmalar\u0131 lakin demokratik toplum ve siyasal alan\u0131n mevcudiyetiyle m\u00fcmk\u00fcnd\u00fcr.<\/p>\n<p>Cumhuriyetin ikinci y\u00fczy\u0131l\u0131 lakin demokrasiyle ta\u00e7land\u0131r\u0131ld\u0131\u011f\u0131nda kal\u0131c\u0131 ve karde\u015f\u00e7e bir s\u00fcreklili\u011fe sahip olabilecektir.<\/p>\n<p><img decoding=\"async\" src=\"https:\/\/ikimisli.tr\/wp-content\/uploads\/2025\/06\/pkk-kendini-feshetsin-0-GGylLntZ.jpg\"\/><\/p>\n<p>\u00d6CALAN CANLI YAYINDA DAVET\u0130N\u0130 YAPTI<\/p>\n<p><strong>SORUMLULU\u011eU ALDIM<\/strong><\/p>\n<p>Say\u0131n Devlet Bah\u00e7eli\u2019nin yapt\u0131\u011f\u0131 davet, Say\u0131n Cumhurba\u015fkan\u0131n\u0131n ortaya koydu\u011fu iradeyle \u00f6b\u00fcr siyasi partilerin malum davete d\u00f6n\u00fck olumlu yakla\u015f\u0131mlar\u0131yla olu\u015fan bu iklimde silah b\u0131rakma davetinde bulunuyor ve bu davetin tarihi sorumlulu\u011funu \u00fcstleniyorum.<\/p>\n<p>Varl\u0131\u011f\u0131 zorla sona erdirilmemi\u015f her \u00e7a\u011fda\u015f cemiyet ve partinin istekli olarak yapaca\u011f\u0131 \u00fczere devlet ve toplumla b\u00fct\u00fcnle\u015fme i\u00e7in kongrenizi toplay\u0131n ve karar al\u0131n; t\u00fcm k\u00fcmeler silah b\u0131rakmal\u0131 ve PKK kendini feshetmelidir.  Davetime kulak veren t\u00fcm b\u00f6l\u00fcmlere selamlar\u0131m\u0131 iletirim.\u201d<\/p>\n<p><img decoding=\"async\" src=\"https:\/\/ikimisli.tr\/wp-content\/uploads\/2025\/06\/pkk-kendini-feshetsin-1-qaXgIBZ6.jpg\"\/><\/p>\n<p><b><span>\u00d6nder: Hayat\u0131n\u0131 kaybedenlerin annelerine evlat olaca\u011f\u0131z<\/span><\/b><\/p>\n<p>DEMParti \u0130mral\u0131 heyeti, d\u00fcn \u00fc\u00e7\u00fcnc\u00fc defa ger\u00e7ekle\u015fen \u00d6calan ile g\u00f6r\u00fc\u015fmesinin akabinde \u0130stanbul\u2019daki bir otelde bas\u0131n\u0131n kar\u015f\u0131s\u0131na \u00e7\u0131kt\u0131. Sabah saatlerinde \u0130mral\u0131 Adas\u0131\u2019na giden heyette, S\u0131rr\u0131 S\u00fcreyya Ba\u015fkan, Pervin Buldan ve Ahmet T\u00fcrk\u2019\u00fcn yan\u0131 s\u0131ra DEM Parti E\u015f Genel Liderleri Tuncer Bak\u0131rhan ve T\u00fclay Hatimo\u011fullar\u0131, DEM Parti \u0130stanbul Milletvekili Cengiz \u00c7i\u00e7ek ve Asr\u0131n Hukuk Ofisi avukat\u0131 Faik \u00d6zg\u00fcr Erol yer ald\u0131.  Pervin Buldan ile S\u0131rr\u0131 S\u00fcreyya \u00d6nder\u2019den olu\u015fan heyet, daha evvel 28 Aral\u0131k\u2019ta ve 22 Ocak\u2019ta \u0130mral\u0131\u2019da g\u00f6r\u00fc\u015fme yapm\u0131\u015ft\u0131.<\/p>\n<p>\u201cAsr\u0131n \u00e7a\u011fr\u0131s\u0131\u201d ba\u015fl\u0131\u011f\u0131yla yap\u0131lan bas\u0131n toplant\u0131s\u0131na \u00d6calan\u2019\u0131n \u201cBar\u0131\u015f ve Demokratik Toplum \u00c7a\u011fr\u0131s\u0131\u201d metni okundu. Salonda T\u00fcrk\u00e7e, K\u00fcrt\u00e7e ve \u0130ngilizce olmak \u00fczere \u00fc\u00e7 lisan hakimdi. Davetle birlikte bir de \u0130mral\u0131 heyeti ve \u00d6calan\u2019\u0131n birlikte \u00e7ektirdi\u011fi \u015fimdiki foto\u011fraf da bas\u0131na da\u011f\u0131t\u0131ld\u0131.<\/p>\n<p><strong>T\u00dcRK\u00c7E VE K\u00dcRT\u00c7E<\/strong><\/p>\n<p>\u00d6calan\u2019\u0131n davetinin T\u00fcrk\u00e7esini Pervin Buldan, K\u00fcrt\u00e7esini ise Ahmet T\u00fcrk okudu. DEM Merkez Y\u00f6netim Kurulu da a\u00e7\u0131klama i\u00e7in \u0130stanbul\u2019a \u00e7a\u011f\u0131r\u0131ld\u0131. Bas\u0131n a\u00e7\u0131klamas\u0131na 300\u2019den fazla gazeteci, 140 bas\u0131n kurumu akreditasyon yapt\u0131rd\u0131. Salonda Cumartesi Anneleri de yer ald\u0131.<\/p>\n<p><strong>BARI\u015e AKADEM\u0130SYENLER\u0130<\/strong><\/p>\n<p>S\u0131rr\u0131 S\u00fcreyya Ba\u015fkan, Bar\u0131\u015f Akademisyenlerini anarak \u015funlar\u0131 s\u00f6yledi: \u201cEn \u00e7ok Bar\u0131\u015f Akademisyenleri, a\u015f\u0131ndan, i\u015finden, ekme\u011finden edilen bilimin onuruna sahip \u00e7\u0131kan bilim i\u015f\u00e7ileri bu bar\u0131\u015fa sizin katk\u0131n\u0131z yads\u0131nanamaz. Ebedi \u015f\u00fckranlar\u0131m\u0131z\u0131 kabul etmenizi istiyoruz. Bu \u00fclkenin b\u00fct\u00fcn evlatlar\u0131, askeri, polisi, ay\u0131rt etmeksizin bu kaotik s\u00fcre\u00e7te hayat\u0131n\u0131 kaybeden b\u00fct\u00fcn gen\u00e7leri ay\u0131rt etmeksizin h\u00fcrmet ve rahmetle an\u0131yoruz. O annelere evlat olaca\u011f\u0131z. O evlatlara karde\u015f olaca\u011f\u0131z. Bir daha bu t\u00fcrl\u00fc g\u00fcnler g\u00f6rmemeyi diliyoruz, bunun kelam\u0131n\u0131 veriyoruz  Onlar\u0131 h\u00fcrmet ile selaml\u0131yoruz.\u201d Ba\u015fkan, \u201cS\u00fcre\u00e7te eme\u011fi ge\u00e7en Cumhurba\u015fkan\u0131 Erdo\u011fan, MHP lideri Bah\u00e7eli ve CHP ba\u015fkan\u0131 \u00d6zg\u00fcr \u00d6zel\u2019e te\u015fekk\u00fcr ederim\u201d dedi.<\/p>\n<p><b><span>AKP\u2019liler DAVETTEN \u00e7ok memnun<\/span><\/b><\/p>\n<p><b>Vatanda\u015fl\u0131k tarifi g\u00f6zden ge\u00e7irilebilir<\/b><\/p>\n<p>SonBa\u015fbakan AKP\u2019li Binal\u0131 Y\u0131ld\u0131r\u0131m, evvelki g\u00fcn kat\u0131ld\u0131\u011f\u0131 \u2018T\u00fcrkiye\u2019nin Sivil Anayasa Seyahati Projesi\u2019 ba\u015fl\u0131kl\u0131 konferansta \u201cT\u00fcrklerden di\u011ferine \u00f6m\u00fcr hakk\u0131 yok\u2019 diyorlar. Bu t\u00fcrl\u00fc bir \u015fey yok, bu bir millet tan\u0131m\u0131r.1000 y\u0131ld\u0131r bu topraklarda K\u00fcrtler, T\u00fcrkler, S\u00fcryani, Abaza, \u00c7erkez var. Vatanda\u015fl\u0131k tarifi yeni anayasada g\u00f6zden ge\u00e7irilebilir. Erdo\u011fan\u2019\u0131n tekrar cumhurba\u015fkan\u0131 adayl\u0131\u011f\u0131n\u0131n yolu a\u00e7\u0131lmal\u0131, yeni anayasa bunu \u00f6ng\u00f6rmeli\u201d dedi.<\/p>\n<p><img decoding=\"async\" src=\"https:\/\/ikimisli.tr\/wp-content\/uploads\/2025\/06\/pkk-kendini-feshetsin-2-IXqhzItk.jpg\"\/><\/p>\n<p>Erdo\u011fan d\u00fcn Sazl\u0131dere\u2019de idi<\/p>\n<p>\u00d6te yandan AKP Genel Lider Vekili Efkan Ala, \u00d6calan\u2019\u0131n yapt\u0131\u011f\u0131 davetle ilgili, \u201c\u00c7a\u011fr\u0131n\u0131n sonucuna odaklanmal\u0131y\u0131z ve sonu\u00e7 k\u0131ymetli. Davete \u00f6rg\u00fct uyacak m\u0131?\u201d dedi. Kat\u0131ld\u0131\u011f\u0131 canl\u0131 yay\u0131nda konu\u015fan Ala \u015funlar\u0131 s\u00f6yledi: \u201cT\u00fcrkiye\u2019nin bekledi\u011fi ter\u00f6r\u00fcn sonland\u0131r\u0131lmas\u0131, silahlar\u0131n g\u00f6m\u00fclmesi ve \u00f6rg\u00fct\u00fcn feshedilmesi. Davetin sonucuna bakaca\u011f\u0131z. Ter\u00f6r\u00fc T\u00fcrkiye\u2019nin g\u00fcndeminden \u00e7\u0131karmak i\u00e7in AK Parti ve Cumhurba\u015fkan\u0131m\u0131z yap\u0131lmas\u0131 gereken her \u015feyi yapt\u0131. Davetin sonucuna odaklanmal\u0131y\u0131z ve sonu\u00e7 k\u0131ymetli. Davete \u00f6rg\u00fct uyacak m\u0131?\u201d<\/p>\n<p>Cumhurba\u015fkan\u0131 Erdo\u011fan ise \u00d6calan\u2019\u0131n daveti a\u00e7\u0131klan\u0131rken \u0130stanbul\u2019da Ba\u015fak\u015fehir-Nakka\u015ftepe Otoyolu \u015fantiyesini ziyaret etti. \u0130rtibat Ba\u015fkanl\u0131\u011f\u0131\u2019n\u0131n toplumsal medya hesab\u0131ndan yap\u0131lan payla\u015f\u0131mda, \u201cCumhurba\u015fkan\u0131m\u0131z Recep Tayyip Erdo\u011fan, \u0130stanbul\u2019da Ba\u015fak\u015fehir-Nakka\u015ftepe Otoyolu \u015fantiyesini ziyaret etti\u201d denildi.<\/p>\n<p><img decoding=\"async\" src=\"https:\/\/ikimisli.tr\/wp-content\/uploads\/2025\/06\/pkk-kendini-feshetsin-3-f9pz3uH3.jpg\"\/><\/p>\n<p><b><span>\u0130mral\u0131\u2019dan 12 y\u0131l sonra birinci foto\u011fraf<\/span><\/b><\/p>\n<p>\u00d6calan, 2013\u2019te ba\u015flay\u0131p 2015\u2019te Dolmabah\u00e7e\u2019deki toplant\u0131yla devam eden A\u00e7\u0131l\u0131m S\u00fcrecinde birinci \u0130mral\u0131 heyetiyle birlikte bu pozu vermi\u015fti. Ortadan ge\u00e7en on iki y\u0131lda \u00d6calan\u2019\u0131n zay\u0131flad\u0131\u011f\u0131 ve sa\u00e7lar\u0131n\u0131n d\u00f6k\u00fcld\u00fc\u011f\u00fc g\u00f6r\u00fcld\u00fc.<\/p>\n<p><b><span>Muhalefet \u00f6fkeli<\/span><\/b><\/p>\n<p><b>T\u00fcrk milleti i\u00e7in kara bir g\u00fcn ya\u015f\u0131yoruz<\/b><\/p>\n<p><img decoding=\"async\" src=\"https:\/\/ikimisli.tr\/wp-content\/uploads\/2025\/06\/pkk-kendini-feshetsin-4-S5REjO9X.jpg\"\/><\/p>\n<p>\u0130Y\u0130 Parti bu afi\u015fi ast\u0131.<\/p>\n<p>\u0130Y\u0130 Parti \u00f6nderi M\u00fcsavat Dervi\u015fo\u011flu, \u00d6calan\u2019\u0131n daveti sonras\u0131 partisinin ba\u015fkanl\u0131k divan\u0131 \u00fcyelerini ve milletvekillerini inan\u0131lmaz toplad\u0131. \u00c7a\u011fr\u0131 okunurken \u0130Y\u0130 Parti Genel Merkezi\u2019ne \u201cUnutmayaca\u011f\u0131z unutturmayaca\u011f\u0131z. \u015eehitlerimizi h\u00fcrmet, rahmet ve minnetle an\u0131yoruz\u201d yaz\u0131l\u0131 pankart as\u0131ld\u0131.<\/p>\n<p>Eski Devlet Bakan\u0131 ve Milli Merkez S\u00f6zc\u00fcs\u00fc Ufuk S\u00f6ylemez ise \u201cT\u00fcrk Milleti i\u00e7in kara bir g\u00fcn ya\u015f\u0131yoruz\u201d mesaj\u0131 payla\u015ft\u0131.<\/p>\n<p>Gelecek Partisi ba\u015fkan\u0131 Ahmet Davuto\u011flu ise \u201cBu s\u00fcre\u00e7 TBMM taban\u0131nda b\u00fct\u00fcn siyasi partilerin ve toplumsal kesitlerin \u00e7o\u011fulcu katk\u0131s\u0131yla y\u00fcr\u00fct\u00fclmelidir\u201d dedi.<\/p>\n<p><b>\u0130Y\u0130 Partili \u00d6zt\u00fcrk: Neredeeeen nereye<\/b><\/p>\n<p>\u00d6calan\u2019\u0131n silah b\u0131rakma davetine olumlu olumsuz \u00e7ok say\u0131da reaksiyon geldi. Ba\u011f\u0131ms\u0131z Milletvekili \u00dcmit Dikbay\u0131r da, \u00d6calan hakk\u0131nda 1999\u2019da verilen idam karar\u0131n\u0131 TV\u2019den izleyen \u015fehit yak\u0131nlar\u0131 ile d\u00fcn \u00d6calan\u2019\u0131n davetini TV\u2019den canl\u0131 izleyenlerin foto\u011fraf\u0131n\u0131 payla\u015farak \u201cSolda eski T\u00fcrkiye\u2019de Apo \u015ferefsizinin idam karar\u0131n\u0131 37 ekran TV\u2019den \u00f6\u011frenerek sevinen \u015fehit yak\u0131nlar\u0131. Sa\u011fda ise yeni T\u00fcrkiye\u2019de t\u0131pk\u0131 gurursuzun a\u00e7\u0131klamas\u0131n\u0131 bekleyenler i\u00e7in kurulan dev ekranlar\u201d dedi.<\/p>\n<p>\u0130Y\u0130 Parti Denizli Milletvekili Yasin \u00d6zt\u00fcrk ise \u201cKadere bak. Neredeeeen nereye\u2026 Utan\u0131n utan\u0131n\u2026 Allahtan korkmaz, Milletten utanmazlar&#8230; T\u00fcrkiye\u2019yi T\u00fcrk\u2019s\u00fczle\u015ftirmeyece\u011fiz, T\u00fcrk vatan\u0131n\u0131 b\u00f6ld\u00fcrtmeyece\u011fiz, Cumhuriyeti y\u0131kt\u0131rmayaca\u011f\u0131z.\u201d halinde yorum yapt\u0131. CHP Erzincan Milletvekili Mustafa Sar\u0131g\u00fcl, \u201cVatan sana can\u0131m feda. T\u00fcrk K\u00fcrt karde\u015ftir. Kalle\u015f olan Amerikad\u0131r\u201d dedi. CHP \u0130zmir Milletvekili Yetenekli Polat da \u015funlar\u0131 s\u00f6yledi: \u201cUmar\u0131m bundan sonra hi\u00e7bir anne a\u011flamaz. Vefat bile sustuysa art\u0131k Bar\u0131\u015f\u2019\u0131 konu\u015fma zaman\u0131\u201d<\/p>\n<p>Zafer Partisi Genel Lider Vekili Ali \u015eehirlio\u011flu da \u015fu yans\u0131y\u0131 verdi: \u201cEli kanl\u0131 bebek katili ter\u00f6rist ile yap\u0131lan g\u00f6r\u00fc\u015fmeyi \u0130mral\u0131 diyerek kamufle edemeyiz. Biz ter\u00f6riste ter\u00f6rist deriz, say\u0131n ya da beyefendi bizim lugat\u0131m\u0131zda yok.\u201d<\/p>\n<p>\u0130Y\u0130 Parti Genel Lideri M\u00fcsavat Dervi\u015fo\u011fluda \u2018\u2019B\u00fct\u00fcn \u0130mral\u0131 a\u015f\u0131klar\u0131n\u0131, \u0130mral\u0131 ile bulu\u015fturaca\u011f\u0131z. Cumhuriyeti y\u0131kt\u0131rmayaca\u011f\u0131z. T\u00fcrk vatan\u0131n\u0131 b\u00f6ld\u00fcrmeyece\u011fiz\u2019\u2019 a\u00e7\u0131klamas\u0131 yapt\u0131.<\/p>\n<p>Gazeteci-yazar Y\u0131lmaz \u00d6zdil X\u2019ten \u015fu payla\u015f\u0131m\u0131 yapt\u0131: \u201cIrak K\u00fcrdistan\u2019\u0131 birinci \u00e7inko, Suriye K\u00fcrdistan\u2019\u0131 ikinci \u00e7inko, T\u00fcrk milletinin g\u00f6z\u00fcn\u00fcn i\u00e7ine baka baka tombala\u2019n\u0131n canl\u0131 yay\u0131n\u0131n\u0131 izlettiler.\u201d<\/p>\n<p><img decoding=\"async\" src=\"https:\/\/ikimisli.tr\/wp-content\/uploads\/2025\/06\/pkk-kendini-feshetsin-5-RYa33EFY.jpg\"\/><\/p>\n<p><b><span>Mansur Yava\u015f\u2019tan Ay Y\u0131ld\u0131zl\u0131  tepki<\/span><\/b><\/p>\n<p>\u00d6te yandan Ankara B\u00fcy\u00fck\u015fehir Belediyesi An\u0131tkabir yaya giri\u015finin bulundu\u011fu noktadaki trafik \u0131\u015f\u0131klar\u0131na ve kent meydanlar\u0131ndaki ekranlara T\u00fcrk bayra\u011f\u0131 g\u00f6rselleri yans\u0131tt\u0131. ABB kaynaklar\u0131 uygulaman\u0131n \u201cbug\u00fcne (d\u00fcn) \u00f6zel\u201d oldu\u011fu belirtildi.<\/p>\n","protected":false},"excerpt":{"rendered":"<p>Ter\u00f6r \u00f6rg\u00fct\u00fc PKK Lideri \u00d6calan, aylard\u0131r beklenen davetini d\u00fcn yapt\u0131: PKK \u00f6mr\u00fcn\u00fc tamamlad\u0131, feshini gerekli k\u0131ld\u0131, t\u00fcm k\u00fcmeler silah b\u0131rakmal\u0131d\u0131r.<\/p>\n","protected":false},"author":1,"featured_media":48395,"comment_status":"open","ping_status":"open","sticky":false,"template":"","format":"standard","meta":{"footnotes":""},"categories":[25],"tags":[2312,255,256,189,163],"class_list":["post-48394","post","type-post","status-publish","format-standard","has-post-thumbnail","hentry","category-gundem","tag-cagri","tag-dem","tag-imrali","tag-parti","tag-turk"],"_links":{"self":[{"href":"https:\/\/ikimisli.tr\/index.php\/wp-json\/wp\/v2\/posts\/48394","targetHints":{"allow":["GET"]}}],"collection":[{"href":"https:\/\/ikimisli.tr\/index.php\/wp-json\/wp\/v2\/posts"}],"about":[{"href":"https:\/\/ikimisli.tr\/index.php\/wp-json\/wp\/v2\/types\/post"}],"author":[{"embeddable":true,"href":"https:\/\/ikimisli.tr\/index.php\/wp-json\/wp\/v2\/users\/1"}],"replies":[{"embeddable":true,"href":"https:\/\/ikimisli.tr\/index.php\/wp-json\/wp\/v2\/comments?post=48394"}],"version-history":[{"count":1,"href":"https:\/\/ikimisli.tr\/index.php\/wp-json\/wp\/v2\/posts\/48394\/revisions"}],"predecessor-version":[{"id":48402,"href":"https:\/\/ikimisli.tr\/index.php\/wp-json\/wp\/v2\/posts\/48394\/revisions\/48402"}],"wp:featuredmedia":[{"embeddable":true,"href":"https:\/\/ikimisli.tr\/index.php\/wp-json\/wp\/v2\/media\/48395"}],"wp:attachment":[{"href":"https:\/\/ikimisli.tr\/index.php\/wp-json\/wp\/v2\/media?parent=48394"}],"wp:term":[{"taxonomy":"category","embeddable":true,"href":"https:\/\/ikimisli.tr\/index.php\/wp-json\/wp\/v2\/categories?post=48394"},{"taxonomy":"post_tag","embeddable":true,"href":"https:\/\/ikimisli.tr\/index.php\/wp-json\/wp\/v2\/tags?post=48394"}],"curies":[{"name":"wp","href":"https:\/\/api.w.org\/{rel}","templated":true}]}}