{"id":48431,"date":"2025-06-19T14:00:07","date_gmt":"2025-06-19T14:00:07","guid":{"rendered":"https:\/\/ikimisli.tr\/?p=48431"},"modified":"2025-06-19T14:00:07","modified_gmt":"2025-06-19T14:00:07","slug":"buraya-boyle-guzel-kadinlar-gelmiyor-deyip-taciz-etmisti-o-polis-hakkinda-karar-verildi","status":"publish","type":"post","link":"https:\/\/ikimisli.tr\/index.php\/2025\/06\/19\/buraya-boyle-guzel-kadinlar-gelmiyor-deyip-taciz-etmisti-o-polis-hakkinda-karar-verildi\/","title":{"rendered":"&#8216;Buraya b\u00f6yle g\u00fczel kad\u0131nlar gelmiyor&#8217; deyip taciz etmi\u015fti&#8230; O polis hakk\u0131nda karar verildi"},"content":{"rendered":"<p>Olay, 31 Ocak 2024 g\u00fcn\u00fc saat 23.00 s\u0131ralar\u0131nda Uzundere Mahallesi 6002 Sokak TOK\u0130 Konutlar\u0131&#8217;ndaki bir apartmanda meydana geldi.<\/p>\n<p>\u0130lk e\u015finden 4 \u00e7ocu\u011fu olan, ikinci kere evlendi\u011fi Cenk Karademir ile ortalar\u0131nda \u015fiddetli ge\u00e7imsizlik bulunan ve bo\u015fanma davas\u0131 2 \u015eubat&#8217;ta g\u00f6r\u00fclecek B\u00fc\u015fra Karademir, arg\u00fcmana nazaran, e\u015finin meskenine gelmesi \u00fczerine &#8216;KADES&#8217; uygulamas\u0131na basarak yard\u0131m istedi.<\/p>\n<p>K\u0131sa m\u00fcddette meskene gelen polis gruplar\u0131, B\u00fc\u015fra Karademir&#8217;i alarak Karaba\u011flar \u0130l\u00e7e Emniyet M\u00fcd\u00fcrl\u00fc\u011f\u00fc Aile \u0130\u00e7i \u015eiddet Ofis Amirli\u011fi&#8217;ne g\u00f6t\u00fcrd\u00fc.<\/p>\n<p><b>A\u00c7I\u011eA ALINDI<\/b><\/p>\n<p>Soru\u015fturma kapsam\u0131nda B\u00fc\u015fra Karademir, tabirinde, ya\u015fananlar\u0131 anlatt\u0131. Karademir&#8217;in tezine nazaran, emniyette polis memuru S\u00fcleyman Ay, &#8220;Buraya bu t\u00fcrl\u00fc ho\u015f bayanlar gelmiyor&#8221; diyerek \u015feker verdi, akabinde yana\u011f\u0131na dokundu.<\/p>\n<p>\u0130fade s\u00fcreci bittikten sonra Karademir, tak\u0131m otosuna bindi. Karademir, S\u00fcleyman Ay ile arac\u0131 kullanan ba\u015fka polis \u015e.M. ile meskenine g\u00f6t\u00fcr\u00fcld\u00fc.<\/p>\n<p>Ara\u00e7tan inen Ay, &#8220;Kap\u0131y\u0131 denetim edeyim&#8221; diyerek Karademir&#8217;in konutuna girdi. Arg\u00fcmana nazaran, polis memuru Ay, tabancas\u0131 ve ceketini \u00e7\u0131kararak meskendeki aynan\u0131n \u00f6n\u00fcne b\u0131rak\u0131p Karademir&#8217;i k\u00f6\u015feye s\u0131k\u0131\u015ft\u0131r\u0131p cinsel tacizde bulundu. Karademir, Ay&#8217;\u0131 engellemeye \u00e7al\u0131\u015f\u0131p, eline ge\u00e7irdi\u011fi aynan\u0131n \u00fczerindeki tabancay\u0131 ate\u015fledi.<\/p>\n<p>Polis memuru Ay, karn\u0131ndan yaraland\u0131. Balkona \u00e7\u0131kan Karademir de &#8220;Polis bana sald\u0131rd\u0131. \u0130mdat. Polisi vurdum&#8221; diye ba\u011f\u0131rarak yard\u0131m istedi. Polis memuru Ay, ambulansla Dokuz Eyl\u00fcl \u00dcniversitesi Hastanesi&#8217;ne kald\u0131r\u0131ld\u0131, tedavi sonras\u0131 taburcu edildi. Olay sonras\u0131 B\u00fc\u015fra Karademir, sevk edildi\u011fi adliyede tutukland\u0131. Polis memuru Ay, a\u00e7\u0131\u011fa al\u0131nd\u0131. B\u00fc\u015fra Karademir ise daha sonra tutuksuz yarg\u0131lanmak \u00fczere h\u00fcr b\u0131rak\u0131ld\u0131.<\/p>\n<p><b>\u0130DD\u0130ANAME KABUL ED\u0130LD\u0130<\/b><\/p>\n<p>Soru\u015fturman\u0131n tamamlanmas\u0131n\u0131n akabinde haz\u0131rlanan iddianamede; S\u00fcleyman Ay&#8217;\u0131n &#8216;Nitelikli olarak konut dokunulmazl\u0131\u011f\u0131n\u0131 ihlal&#8217; c\u00fcrm\u00fcnden 1 y\u0131ldan 3 y\u0131la, &#8216;Cebir tehdit hile kullanarak cinsel maksatla ki\u015fiyi h\u00fcrriyetinden mahrum b\u0131rakma&#8217; c\u00fcrm\u00fcnden 3 y\u0131ldan 10,5 y\u0131la, &#8216;Nitelikli cinsel ata\u011fa te\u015febb\u00fcs&#8217; kabahatinden 7,5 y\u0131ldan 15 y\u0131la kadar, &#8216;Zincirleme cinsel taciz&#8217; c\u00fcrm\u00fcnden 6 aydan 3 y\u0131la, &#8216;Sark\u0131nt\u0131l\u0131k suretiyle cinsel sald\u0131r\u0131&#8217; c\u00fcrm\u00fcnden 2 y\u0131ldan 5 y\u0131la kadar olmak \u00fczere 14 y\u0131ldan 36,5 y\u0131la kadar mahpusu istendi.<\/p>\n<p>\u0130ddianame, \u0130zmir 1&#8217;inci A\u011f\u0131r Ceza Mahkemesi&#8217;nce kabul edildi. Ge\u00e7en duru\u015fmada sav makam\u0131, temel hakk\u0131nda m\u00fctalaas\u0131n\u0131 sundu. M\u00fctalaada Karademir&#8217;in bu c\u00fcrm\u00fc tacizi \u00f6nlemek emeliyle i\u015fledi\u011finden \u00f6t\u00fcr\u00fc beraati talep edilirken, S\u00fcleyman Ay&#8217;\u0131n konut dokunulmazl\u0131\u011f\u0131n\u0131 ihlali ve sark\u0131nt\u0131l\u0131k boyutuna varan cinsel davran\u0131\u015flarda c\u00fcr\u00fcmlerinden cezaland\u0131r\u0131lmas\u0131 istendi.<\/p>\n<p><b>&#8216;MA\u011eDUR OLAN BEN\u0130M&#8217;<\/b><\/p>\n<p>San\u0131klar\u0131n yarg\u0131lanmalar\u0131na bug\u00fcn \u0130zmir 1&#8217;inci A\u011f\u0131r Ceza Mahkemesi&#8217;nde devam edildi. Duru\u015fmaya m\u00fc\u015fteki- san\u0131klar ve taraf avukatlar\u0131 kat\u0131ld\u0131. Temel hakk\u0131nda m\u00fctalaaya kar\u015f\u0131 savunma yapan Karademir&#8217;in avukat\u0131 \u015eule Ak, temel hakk\u0131ndaki m\u00fctalaaya kat\u0131ld\u0131klar\u0131n\u0131 belirtti. Ay&#8217;\u0131n avukat\u0131 Emrullah Aksakal ise m\u00fcvekkilinin beraatini talep etti. Duru\u015fmada kelam verilen B\u00fc\u015fra Karademir, S\u00fcleyman Ay&#8217;\u0131n en a\u011f\u0131r bi\u00e7imde cezaland\u0131r\u0131lmas\u0131n\u0131 istedi. S\u00fcleyman Ay da &#8220;Evine b\u0131rak\u0131rken kap\u0131y\u0131 a\u00e7makta zorland\u0131. &#8216;Kap\u0131n\u0131n gerisinde d\u00fc\u015f\u00fcnce var, bakabilir misiniz?&#8217; dedi. O s\u0131rada hayat\u0131 benim sorumlulu\u011fumda oldu\u011fu i\u00e7in iste\u011fi dahiliyle ayakkab\u0131mla i\u00e7eri girdim. Sonra taarruza u\u011frad\u0131m. S\u0131hhatim gitti. Ma\u011fdur olan benim&#8221; dedi.<\/p>\n<p><b>DAVADA KARAR \u00c7IKTI<\/b><\/p>\n<p>Savunmalar\u0131n akabinde karar a\u00e7\u0131kland\u0131. San\u0131k Ay &#8216;Cinsel sald\u0131r\u0131&#8217; hatas\u0131ndan 6 y\u0131l mahpus cezas\u0131na \u00e7arpt\u0131r\u0131l\u0131rken, kamu vazifelisi olmas\u0131 nedeniyle cezas\u0131 9 y\u0131la \u00e7\u0131kar\u0131ld\u0131.<\/p>\n<p>&#8216;Konut dokunulmazl\u0131\u011f\u0131n\u0131 ihlal&#8217; hatas\u0131ndan da 1 y\u0131l 6 ay mahpus cezas\u0131na \u00e7arpt\u0131r\u0131lan S\u00fcleyman Ay&#8217;a toplam indirimsiz olarak 10 y\u0131l 6 ay mahpus cezas\u0131 verildi. Heyet, B\u00fc\u015fra Karademir&#8217;in \u00fczerine at\u0131l\u0131 c\u00fcr\u00fcmleri ise kendisine y\u00f6nelik h\u00fccumdan kurtulma emeliyle i\u015fledi\u011fine h\u00fckmedip, beraatine karar verdi.<\/p>\n","protected":false},"excerpt":{"rendered":"<p>\u0130zmir&#8217;de s\u00f6z s\u00fcrecinin akabinde B\u00fc\u015fra Karademir&#8217;ievine b\u0131rak\u0131p, cinsel ak\u0131nda bulundu\u011fu arg\u00fcman edilen polis memuru S\u00fcleyman Ay, &#8216;Cinsel sald\u0131r\u0131&#8217; ve &#8216;Konut dokunulmazl\u0131\u011f\u0131 ihlal&#8217; c\u00fcr\u00fcmlerinden indirimsiz 10 y\u0131l 6 ay mahpus cezas\u0131na \u00e7arpt\u0131r\u0131ld\u0131. Olay s\u0131ras\u0131nda Ay&#8217;\u0131 tabancayla yaralayan B\u00fc\u015fra Karademir ise beraat etti.<\/p>\n","protected":false},"author":1,"featured_media":48432,"comment_status":"open","ping_status":"open","sticky":false,"template":"","format":"standard","meta":{"footnotes":""},"categories":[25],"tags":[53,806,6874,2015,6450],"class_list":["post-48431","post","type-post","status-publish","format-standard","has-post-thumbnail","hentry","category-gundem","tag-ceza","tag-iddia","tag-karademir","tag-sucundan","tag-yila"],"_links":{"self":[{"href":"https:\/\/ikimisli.tr\/index.php\/wp-json\/wp\/v2\/posts\/48431","targetHints":{"allow":["GET"]}}],"collection":[{"href":"https:\/\/ikimisli.tr\/index.php\/wp-json\/wp\/v2\/posts"}],"about":[{"href":"https:\/\/ikimisli.tr\/index.php\/wp-json\/wp\/v2\/types\/post"}],"author":[{"embeddable":true,"href":"https:\/\/ikimisli.tr\/index.php\/wp-json\/wp\/v2\/users\/1"}],"replies":[{"embeddable":true,"href":"https:\/\/ikimisli.tr\/index.php\/wp-json\/wp\/v2\/comments?post=48431"}],"version-history":[{"count":1,"href":"https:\/\/ikimisli.tr\/index.php\/wp-json\/wp\/v2\/posts\/48431\/revisions"}],"predecessor-version":[{"id":48433,"href":"https:\/\/ikimisli.tr\/index.php\/wp-json\/wp\/v2\/posts\/48431\/revisions\/48433"}],"wp:featuredmedia":[{"embeddable":true,"href":"https:\/\/ikimisli.tr\/index.php\/wp-json\/wp\/v2\/media\/48432"}],"wp:attachment":[{"href":"https:\/\/ikimisli.tr\/index.php\/wp-json\/wp\/v2\/media?parent=48431"}],"wp:term":[{"taxonomy":"category","embeddable":true,"href":"https:\/\/ikimisli.tr\/index.php\/wp-json\/wp\/v2\/categories?post=48431"},{"taxonomy":"post_tag","embeddable":true,"href":"https:\/\/ikimisli.tr\/index.php\/wp-json\/wp\/v2\/tags?post=48431"}],"curies":[{"name":"wp","href":"https:\/\/api.w.org\/{rel}","templated":true}]}}