{"id":48516,"date":"2025-06-19T19:24:09","date_gmt":"2025-06-19T19:24:09","guid":{"rendered":"https:\/\/ikimisli.tr\/?p=48516"},"modified":"2025-06-19T19:24:09","modified_gmt":"2025-06-19T19:24:09","slug":"okulda-cocuklardan-oruc-tutmalari-ve-cizelge-olusturulmasi-istendi","status":"publish","type":"post","link":"https:\/\/ikimisli.tr\/index.php\/2025\/06\/19\/okulda-cocuklardan-oruc-tutmalari-ve-cizelge-olusturulmasi-istendi\/","title":{"rendered":"Okulda \u00e7ocuklardan oru\u00e7 tutmalar\u0131 ve \u00e7izelge olu\u015fturulmas\u0131 istendi!"},"content":{"rendered":"<p>\u0130stanbul\u2019da bulunan birtak\u0131m il\u00e7e ulusal e\u011fitim m\u00fcd\u00fcrl\u00fckleri, okul m\u00fcd\u00fcrlerine okulda ramazan ay\u0131nda yap\u0131lacak etkinliklerle ilgili yaz\u0131 g\u00f6nderdi.<\/p>\n<p>Cumhuriyet&#8217;te yer alan habere nazaran; Kad\u0131k\u00f6y \u0130l\u00e7e Milli E\u011fitim M\u00fcd\u00fcrl\u00fc\u011f\u00fc taraf\u0131ndan okul m\u00fcd\u00fcrlerine g\u00f6nderilen bildiride \u201cK\u0131ymetli m\u00fcd\u00fcrlerimiz, ramazan ay\u0131n\u0131n manevi iklimini okullar\u0131m\u0131zda ya\u015fatma ismine yap\u0131labilecek etkinlikler payla\u015f\u0131lm\u0131\u015ft\u0131r. Aktiflikleri \u00f6zelden payla\u015f\u0131lmas\u0131n\u0131 rica ederim\u201d tabirleri kullan\u0131ld\u0131. \u2018<\/p>\n<p><b>&#8220;TEKNE ORUCU, ORU\u00c7 TAVS\u0130YE ED\u0130LMES\u0130&#8230;&#8221;<\/b><\/p>\n<p>Yap\u0131labilecekler ise \u015f\u00f6yle listelendi: \u201cRamazan soka\u011f\u0131 k\u00f6\u015fesi olu\u015fturulmas\u0131, her g\u00fcne bir ayet, bir hadis bir sahabe tan\u0131t\u0131lmas\u0131, seminer, iftara davet etmek, iftara kat\u0131lmak, teravih i\u00e7in mescitlere y\u00f6nlendirme ve cami ziyaretleri, zorlanmadan oru\u00e7 tavsiye edilmesi, \u00e7izelge tutulmas\u0131 sonunda da muvaffakiyet evrak\u0131 verilmesi, tekne orucu uygulamas\u0131 yap\u0131lmas\u0131, Filistin Gazze ve \u00fclkemizdeki yoksul ve yetimler i\u00e7in ramazan kumanyas\u0131.\u201d<\/p>\n<p><b>&#8220;ORU\u00c7 \u00c7\u0130ZELGES\u0130&#8221;<\/b><\/p>\n<p>E\u011fitim-\u0130\u015f \u0130stanbul 2 Nolu \u015eube Ba\u015fkan\u0131 Kadir Toru\u015f, AKP\u2019nin ramazan ay\u0131ndaki aktiflikleri \u201csiyasi \u015fova\u201d d\u00f6n\u00fc\u015ft\u00fcrmek istedi\u011fini tabir ederek \u201cKad\u0131k\u00f6y il\u00e7e ulusal e\u011fitim m\u00fcd\u00fcr\u00fc okul m\u00fcd\u00fcrlerine WhatsApp \u00fczerinden ramazan ay\u0131 boyunca yap\u0131lacaklar listesi g\u00f6nderdi. Bu listede \u00f6\u011frencilere tekne orucu tutturulmas\u0131 gerekti\u011fi s\u00f6yleniyor. \u00c7ocuklar\u0131m\u0131z\u0131n birden fazla asl\u0131nda okullara a\u00e7 gidiyor. Biz \u0131srarla devletin okullarda \u00e7ocuklar\u0131m\u0131za en az\u0131ndan bir \u00f6\u011f\u00fcn sa\u011fl\u0131kl\u0131 yeme\u011fi ula\u015ft\u0131rmas\u0131 gerekti\u011fini savunurken, \u00e7ocuklar\u0131m\u0131z\u0131n ekonomik \u015fartlar\u0131n k\u00f6t\u00fcl\u00fc\u011f\u00fcnden \u00f6t\u00fcr\u00fc okullar\u0131m\u0131za a\u00e7 geldi\u011fini tespit edip, bunu ele\u015ftirirken. Ne yaz\u0131k ki okulda yemek yememeleri, oru\u00e7 tutmalar\u0131 gerekti\u011fi taraf\u0131nda bask\u0131 yap\u0131l\u0131yor. Oru\u00e7 tutmayan \u00f6\u011frencileri de fi\u015flemek hedefiyle oru\u00e7 \u00e7izelgesi olu\u015fturmalar\u0131 gerekti\u011fi s\u00f6yleniyor\u201d dedi.<\/p>\n","protected":false},"excerpt":{"rendered":"<p>\u0130stanbul\u2019daki birtak\u0131m il\u00e7e ulusal e\u011fitim m\u00fcd\u00fcrl\u00fckleri okul m\u00fcd\u00fcrlerine \u201cRamazan Ay\u0131nda okulda yap\u0131labilecek etkinlikler\u201d bahisli yaz\u0131lar g\u00f6nderdi. Yaz\u0131da \u00e7ocuklar i\u00e7in, &#8216;tekne orucu uygulamas\u0131&#8217; \u00f6nerilirken aktifliklerin \u00f6zelden payla\u015f\u0131lmas\u0131 istendi.<\/p>\n","protected":false},"author":1,"featured_media":48517,"comment_status":"open","ping_status":"open","sticky":false,"template":"","format":"standard","meta":{"footnotes":""},"categories":[25],"tags":[1061,6745,2682],"class_list":["post-48516","post","type-post","status-publish","format-standard","has-post-thumbnail","hentry","category-gundem","tag-okul","tag-oruc","tag-ramazan"],"_links":{"self":[{"href":"https:\/\/ikimisli.tr\/index.php\/wp-json\/wp\/v2\/posts\/48516","targetHints":{"allow":["GET"]}}],"collection":[{"href":"https:\/\/ikimisli.tr\/index.php\/wp-json\/wp\/v2\/posts"}],"about":[{"href":"https:\/\/ikimisli.tr\/index.php\/wp-json\/wp\/v2\/types\/post"}],"author":[{"embeddable":true,"href":"https:\/\/ikimisli.tr\/index.php\/wp-json\/wp\/v2\/users\/1"}],"replies":[{"embeddable":true,"href":"https:\/\/ikimisli.tr\/index.php\/wp-json\/wp\/v2\/comments?post=48516"}],"version-history":[{"count":1,"href":"https:\/\/ikimisli.tr\/index.php\/wp-json\/wp\/v2\/posts\/48516\/revisions"}],"predecessor-version":[{"id":48518,"href":"https:\/\/ikimisli.tr\/index.php\/wp-json\/wp\/v2\/posts\/48516\/revisions\/48518"}],"wp:featuredmedia":[{"embeddable":true,"href":"https:\/\/ikimisli.tr\/index.php\/wp-json\/wp\/v2\/media\/48517"}],"wp:attachment":[{"href":"https:\/\/ikimisli.tr\/index.php\/wp-json\/wp\/v2\/media?parent=48516"}],"wp:term":[{"taxonomy":"category","embeddable":true,"href":"https:\/\/ikimisli.tr\/index.php\/wp-json\/wp\/v2\/categories?post=48516"},{"taxonomy":"post_tag","embeddable":true,"href":"https:\/\/ikimisli.tr\/index.php\/wp-json\/wp\/v2\/tags?post=48516"}],"curies":[{"name":"wp","href":"https:\/\/api.w.org\/{rel}","templated":true}]}}