{"id":4860,"date":"2025-01-18T20:48:01","date_gmt":"2025-01-18T20:48:01","guid":{"rendered":"https:\/\/ikimisli.tr\/?p=4860"},"modified":"2025-01-18T20:48:01","modified_gmt":"2025-01-18T20:48:01","slug":"kar-maskeli-saldirgan-icin-istenen-ceza-belli-oldu-5-kisinin-bicaklandigi-olayda-faciadan-donulmus","status":"publish","type":"post","link":"https:\/\/ikimisli.tr\/index.php\/2025\/01\/18\/kar-maskeli-saldirgan-icin-istenen-ceza-belli-oldu-5-kisinin-bicaklandigi-olayda-faciadan-donulmus\/","title":{"rendered":"Kar maskeli sald\u0131rgan i\u00e7in istenen ceza belli oldu: 5 ki\u015finin b\u0131\u00e7akland\u0131\u011f\u0131 olayda faciadan d\u00f6n\u00fclm\u00fc\u015f!"},"content":{"rendered":"<p>Ba\u015f\u0131nda kask, belinde balta, y\u00fcz\u00fcnde maske ve \u00fczerinde hamle yele\u011fiyla soka\u011fa \u00e7\u0131kan 19 ya\u015f\u0131ndaki Arda K.&#8217;nin 12 A\u011fustos 2024&#8217;te \u015eehit R\u00fcstem Demirba\u015f Park\u0131&#8217;ndaki \u00e7ay bah\u00e7esinde b\u0131\u00e7akla kalabal\u0131\u011f\u0131n ortas\u0131na girdi\u011fi ve 5 ki\u015fiyi yaralad\u0131\u011f\u0131 olaya ait soru\u015fturma tamamland\u0131.<\/p>\n<p><b>108 YIL MAHPUSU \u0130STEND\u0130<\/b><\/p>\n<p>Eski\u015fehir 6. A\u011f\u0131r Ceza Mahkemesince kabul edilen 37 sayfal\u0131k iddianamede, olay\u0131 ger\u00e7ekle\u015ftirdi\u011finde 18 ya\u015f\u0131nda olan tutuklu san\u0131k Arda K&#8217;nin &#8220;tasarlayarak \u00f6ld\u00fcrmeye te\u015febb\u00fcsten&#8221; 100 y\u0131la ve &#8220;halk ortas\u0131nda deh\u015fet ve panik yaratmak emeliyle tehdit&#8221; hatas\u0131ndan 8 y\u0131la kadar mahpusla cezaland\u0131r\u0131lmas\u0131 talep edildi.<\/p>\n<p><b>&#8220;EYLEM YAPACA\u011eIMI KES\u0130NLE\u015eT\u0130RD\u0130K&#8221;<\/b><\/p>\n<p>Arda K, iddianamede yer alan s\u00f6z\u00fcnde, internette Do\u011fu Avrupal\u0131 bir \u015fah\u0131sla konu\u015ftu\u011funu \u00f6ne s\u00fcrerek, \u015f\u00f6yle devam etti:<br \/>&#8220;Eylem yapabilece\u011fim yerleri \u00e7izerek bu \u015fahsa g\u00f6nderdim. \u0130nternet \u00fczerinden balta, b\u0131\u00e7ak, kask, maske, hami g\u00f6zl\u00fck, atak yele\u011fi, eldiven, pantolon, palaska ald\u0131m. \u0130deolojime ili\u015fkin &#8216;SS&#8217; amblemini, e\u015fittir i\u015fareti \u00fczerine \u00e7izgi \u00e7izerek e\u015fit de\u011fildir manas\u0131nda bir formu, KKK (Klu Klux Klan) ibarelerini ve gamal\u0131 ha\u00e7 i\u015faretini k\u00fc\u00e7\u00fck kamp b\u0131\u00e7a\u011f\u0131m\u0131n \u00fczerine beyaz end\u00fcstriyel kalemle \u00e7izdim. Bu \u015fah\u0131sla son g\u00f6r\u00fc\u015fmemi yapt\u0131m. Aksiyon yapaca\u011f\u0131m\u0131 kesinle\u015ftirdik. Cep telefonumu, bilgisayar\u0131m\u0131 s\u0131f\u0131rlayarak konuttan \u00e7\u0131kt\u0131m. Ben bu aksiyonu yaparken dini ama\u00e7l\u0131 bir hareket yapmad\u0131m, yaln\u0131zca insanlar\u0131 sevmedi\u011fim i\u00e7in ve ses getirece\u011finden \u00f6t\u00fcr\u00fc bu aksiyonu yapt\u0131m.&#8221;\u00a0<\/p>\n<p>\u0130ddianamede, Siber Su\u00e7larla M\u00fccadele \u015eube M\u00fcd\u00fcrl\u00fc\u011f\u00fc gruplar\u0131nca ilgili web sitesine eri\u015fim sa\u011flanamad\u0131\u011f\u0131, san\u0131\u011f\u0131n irtibatl\u0131 oldu\u011fu kullan\u0131c\u0131n\u0131n da tespit edilemedi\u011fi belirtildi.<\/p>\n<p><b>\u0130NTERNETTEN KONUTTA BOMBA \u0130MAL\u0130N\u0130 ARA\u015eTIRMI\u015e!<\/b><\/p>\n<p>Siber Su\u00e7larla M\u00fccadele \u015eube M\u00fcd\u00fcrl\u00fc\u011f\u00fc g\u00f6revlilerince yap\u0131lan incelemenin raporuna nazaran de Arda K&#8217;nin internet taray\u0131c\u0131s\u0131 \u00fczerinden &#8220;cinayetin cezas\u0131 ka\u00e7 y\u0131l&#8221; ve &#8220;annenizin mutfa\u011f\u0131nda bomba yap\u0131m\u0131&#8221; \u00fczere aramalar\u0131n yan\u0131 s\u0131ra \u00e7e\u015fitli olay ve \u015fah\u0131slar hakk\u0131nda arama yapt\u0131\u011f\u0131na dair tespitler iddianamede yer buldu.<\/p>\n<p>Arda K. s\u00f6z\u00fcnde taarruz g\u00fcn\u00fcnden 7-8 ay evvel depresyondan kurtulmak i\u00e7in bir hastanenin psikiyatri servisine ba\u015fvurdu\u011funu, hekimin verdi\u011fi ilac\u0131 berbat hissetti\u011fi i\u00e7in bir g\u00fcn sonra b\u0131rakt\u0131\u011f\u0131n\u0131 anlatan san\u0131k, rastgele bir ter\u00f6r \u00f6rg\u00fct\u00fcyle ba\u011flant\u0131s\u0131n\u0131n olmad\u0131\u011f\u0131n\u0131, pi\u015fmanl\u0131k duydu\u011funu kaydetti.<\/p>\n<p>Arda K&#8217;nin sevk edildi\u011fi sa\u011fl\u0131k kurumu taraf\u0131ndan d\u00fczenlenen rapora nazaran i\u015fledi\u011fi fiille ilgili olarak davran\u0131\u015flar\u0131n\u0131 y\u00f6nlendirme yetene\u011finin ve cezai ehliyetinin tam oldu\u011fu belirtildi.<\/p>\n<p><b>&#8220;NAZ\u0130ZM&#8217;DEN ETK\u0130LENEREK&#8230;&#8221;<\/b><\/p>\n<p>\u0130ddianamede, san\u0131\u011f\u0131n hareketinin ise ter\u00f6r hatas\u0131 olarak nitelendirilemeyece\u011fi s\u00f6z edildi. \u0130ddianamede \u015f\u00f6yle denildi:\u00a0<\/p>\n<p>&#8220;Arda K&#8217;nin toplumsal medya platformlar\u0131nda ve oyun sitelerinde tan\u0131\u015fm\u0131\u015f oldu\u011fu Nasyonel sosyalizm (Nazizm) g\u00f6r\u00fc\u015f\u00fcn\u00fc benimseyen \u00f6teki \u015fah\u0131slardan ve bu g\u00f6r\u00fc\u015f\u00fc benimseyen \u015fah\u0131slar\u0131n d\u00fcnya \u00e7ap\u0131nda ger\u00e7ekle\u015ftirmi\u015f oldu\u011fu ba\u015fka hareketlerden de etkilenerek, benzeri formda bir hareket yapmaya karar verdi\u011fi, bu do\u011frultuda kar maskesi, askeri kamuflaj \u00e7elik yelek gibisi \u00fczerinde Nazi kara g\u00fcne\u015fi resmi bulunan taktik yelek ve kesici aletleri temin etti\u011fi, al\u0131nan beyan\u0131nda ikrar etti\u011fi \u00fczere olay yerine olay \u00f6ncesinde giderek k\u0131yafetleri giyece\u011fi ve hareketi ger\u00e7ekle\u015ftirece\u011fi yerleri, hareket saatini belirledi\u011fi, yapaca\u011f\u0131 harekete ait manifesto haz\u0131rlad\u0131\u011f\u0131 ve canl\u0131 yay\u0131n yapmak i\u00e7in d\u00fczenek temin ederek aksiyonu her istikametiyle tasarlad\u0131ktan sonra olay tarihinde yapm\u0131\u015f oldu\u011fu plan ve tasarlama kapsam\u0131nda elinde bulunan b\u0131\u00e7akla m\u00fc\u015ftekileri al\u0131nan savunmas\u0131nda da ikrar etti\u011fi \u00fczere \u00f6ld\u00fcrme kast\u0131yla rastgele darbeler vurmak suretiyle b\u0131\u00e7aklayarak her bir m\u00fc\u015ftekiye kar\u015f\u0131 farkl\u0131 ayr\u0131 olmak \u00fczere &#8216;tasarlayarak taamm\u00fcden \u00f6ld\u00fcrmeye te\u015febb\u00fcs&#8217; c\u00fcrm\u00fcn\u00fc i\u015fledi\u011fi, birden fazla b\u0131\u00e7ak, balta ve biber gaz\u0131yla yakla\u015f\u0131k 200 metrelik ara boyunca gaye g\u00f6zetmeksizin h\u00fccumlar da bulunarak olay yerinde bulunan ba\u015fka \u015fah\u0131slar \u00fczerinde de endi\u015fe, tasa ve panik yaratmak suretiyle &#8216;Silahla halk ortas\u0131nda kayg\u0131 ve panik yaratmak maksad\u0131yla tehdit&#8217; hatas\u0131n\u0131 i\u015fledi\u011fi soru\u015fturma sonucunda elde edilen t\u00fcm kan\u0131tlar prestijiyle anla\u015f\u0131lm\u0131\u015ft\u0131r.&#8221;<\/p>\n<p>San\u0131k Arda K&#8217;nin 5 m\u00fc\u015ftekiye kar\u015f\u0131 ba\u015fka ayr\u0131 olmak \u00fczere &#8220;tasarlayarak taamm\u00fcden \u00f6ld\u00fcrmeye te\u015febb\u00fcs&#8221; hatas\u0131ndan 20 y\u0131la, &#8220;halk ortas\u0131nda kayg\u0131 ve panik yaratmak hedefiyle tehdit&#8221; kabahatinden ise 8 y\u0131la kadar mahpusla cezaland\u0131r\u0131lmas\u0131 istendi.<\/p>\n","protected":false},"excerpt":{"rendered":"<p>Eski\u015fehir&#8217;de kask ve kar maskesi takarak 5 ki\u015fiyi b\u0131\u00e7akla yaralayan 19 ya\u015f\u0131ndaki Arda K.&#8217;nin &#8216;tasarlayarak adam \u00f6ld\u00fcrmeye te\u015febb\u00fcs&#8217; ve &#8216;halk ortas\u0131nda deh\u015fet yaratmaktan&#8217; 108 y\u0131la kadar mahpusu istendi. \u0130ddianamede Arda K&#8217;n\u0131n internet taray\u0131c\u0131s\u0131 \u00fczerinden &#8220;annenizin mutfa\u011f\u0131nda bomba yap\u0131m\u0131&#8221; \u00fczere aramalar yapt\u0131\u011f\u0131 ortaya \u00e7\u0131kt\u0131.<\/p>\n","protected":false},"author":1,"featured_media":4861,"comment_status":"open","ping_status":"open","sticky":false,"template":"","format":"standard","meta":{"footnotes":""},"categories":[25],"tags":[849,1324,379,171,1323],"class_list":["post-4860","post","type-post","status-publish","format-standard","has-post-thumbnail","hentry","category-gundem","tag-eylem","tag-iddianamede","tag-kar","tag-olay","tag-sucu"],"_links":{"self":[{"href":"https:\/\/ikimisli.tr\/index.php\/wp-json\/wp\/v2\/posts\/4860","targetHints":{"allow":["GET"]}}],"collection":[{"href":"https:\/\/ikimisli.tr\/index.php\/wp-json\/wp\/v2\/posts"}],"about":[{"href":"https:\/\/ikimisli.tr\/index.php\/wp-json\/wp\/v2\/types\/post"}],"author":[{"embeddable":true,"href":"https:\/\/ikimisli.tr\/index.php\/wp-json\/wp\/v2\/users\/1"}],"replies":[{"embeddable":true,"href":"https:\/\/ikimisli.tr\/index.php\/wp-json\/wp\/v2\/comments?post=4860"}],"version-history":[{"count":1,"href":"https:\/\/ikimisli.tr\/index.php\/wp-json\/wp\/v2\/posts\/4860\/revisions"}],"predecessor-version":[{"id":4862,"href":"https:\/\/ikimisli.tr\/index.php\/wp-json\/wp\/v2\/posts\/4860\/revisions\/4862"}],"wp:featuredmedia":[{"embeddable":true,"href":"https:\/\/ikimisli.tr\/index.php\/wp-json\/wp\/v2\/media\/4861"}],"wp:attachment":[{"href":"https:\/\/ikimisli.tr\/index.php\/wp-json\/wp\/v2\/media?parent=4860"}],"wp:term":[{"taxonomy":"category","embeddable":true,"href":"https:\/\/ikimisli.tr\/index.php\/wp-json\/wp\/v2\/categories?post=4860"},{"taxonomy":"post_tag","embeddable":true,"href":"https:\/\/ikimisli.tr\/index.php\/wp-json\/wp\/v2\/tags?post=4860"}],"curies":[{"name":"wp","href":"https:\/\/api.w.org\/{rel}","templated":true}]}}