{"id":48663,"date":"2025-06-20T04:12:05","date_gmt":"2025-06-20T04:12:05","guid":{"rendered":"https:\/\/ikimisli.tr\/?p=48663"},"modified":"2025-06-20T04:12:05","modified_gmt":"2025-06-20T04:12:05","slug":"tzob-baskani-39-urunun-36sinda-fiyat-artisi-oldu","status":"publish","type":"post","link":"https:\/\/ikimisli.tr\/index.php\/2025\/06\/20\/tzob-baskani-39-urunun-36sinda-fiyat-artisi-oldu\/","title":{"rendered":"TZOB Ba\u015fkan\u0131: 39 \u00fcr\u00fcn\u00fcn 36&#8217;s\u0131nda fiyat art\u0131\u015f\u0131 oldu"},"content":{"rendered":"<p>Bayraktar, tar\u0131m alanlar\u0131n\u0131 etkileyen don afeti, ramazan \u00f6ncesi \u00fcretici ile market ortas\u0131ndaki fiyat de\u011fi\u015fimleri, \u015fubat ay\u0131 \u00fcretici ve market fiyatlar\u0131 ile girdi maliyetlerindeki de\u011fi\u015fimlere ait yaz\u0131l\u0131 a\u00e7\u0131klama yapt\u0131.<\/p>\n<p>Do\u011fal afetlerden en \u00e7ok ziyan g\u00f6ren b\u00f6l\u00fcm\u00fcn her vakit tar\u0131m oldu\u011funu belirten Bayraktar, Adana, Mersin ve Hatay ba\u015fta olmak \u00fczere Akdeniz&#8217;deki bir\u00e7ok vilayette meydana gelen don afetinin zira\u00ee \u00fcretimi etkiledi\u011fini kaydetti. Don afetinden ziyan g\u00f6ren \u00fcreticileri kaybetmemek ismine, b\u00f6lgedeki \u00fcreticilerin kredi bor\u00e7lar\u0131n\u0131n faizsiz ertelenmesini talep eden Bayraktar, yetkili kurumlar\u0131n \u00fcreticilerin ziyanlar\u0131n\u0131 telafi edici yard\u0131mlar yapmas\u0131 gerekti\u011fini vurgulad\u0131.<\/p>\n<p><b>RAMAZAN AYI \u00d6NCES\u0130 F\u0130YAT DE\u011e\u0130\u015e\u0130MLER\u0130<\/b><\/p>\n<p>Bayraktar, ge\u00e7en y\u0131lla bu y\u0131l\u0131n ramazan ay\u0131 \u00f6ncesindeki fiyatlar\u0131 k\u0131ymetlendirerek, &#8220;Bu y\u0131l markette 39 eserin 36&#8217;s\u0131nda fiyat art\u0131\u015f\u0131, 2&#8217;sinde fiyat d\u00fc\u015f\u00fc\u015f\u00fc olurken, 1 eserin fiyat\u0131 de\u011fi\u015fmedi. Markette en fazla fiyat art\u0131\u015f\u0131 y\u00fczde 160,2 ile beyaz lahanada g\u00f6r\u00fcld\u00fc. Beyaz lahanadaki fiyat art\u0131\u015f\u0131n\u0131 y\u00fczde 94,1 ile kabak, y\u00fczde 80,9 ile limon, y\u00fczde 62,5 ile yumurta izledi. Markette fiyat\u0131 d\u00fc\u015fen eserler ise y\u00fczde 18,1 ile patates ve y\u00fczde 1,5 ile karnabahar oldu. Ge\u00e7ti\u011fimiz y\u0131l\u0131n ramazan \u00f6ncesine nazaran bu sene t\u00fcketicilerimiz marketten beyaz lahanay\u0131 2,6 kat, kaba\u011f\u0131 1,9 kat, limonu 1,8 kat ve yumurtay\u0131 1,6 kat fazlaya alarak t\u00fcketmek zorunda kalacaklar.&#8221; tabirlerini kulland\u0131.<\/p>\n<p>Ge\u00e7en y\u0131l ile bu y\u0131l\u0131n ramazan ay\u0131 \u00f6ncesine nazaran, \u00fcreticide 31 eserin 26&#8217;s\u0131nda fiyat art\u0131\u015f\u0131, 4&#8217;\u00fcnde fiyat d\u00fc\u015f\u00fc\u015f\u00fc oldu\u011funu, 1 eserde fiyat de\u011fi\u015fiminin ya\u015fanmad\u0131\u011f\u0131n\u0131 aktaran Bayraktar, \u00fcreticide en fazla fiyat d\u00fc\u015f\u00fc\u015f\u00fcn\u00fcn y\u00fczde 27,8 ile zeytinya\u011f\u0131nda g\u00f6r\u00fcld\u00fc\u011f\u00fcn\u00fc kaydetti. Bayraktar, \u00fcreticide en fazla fiyat art\u0131\u015f\u0131n\u0131n ise y\u00fczde 594,4 ile limonda g\u00f6r\u00fcld\u00fc\u011f\u00fcn\u00fc hat\u0131rlatt\u0131.<\/p>\n<p><b>\u015eUBAT AYI \u00dcRET\u0130C\u0130 MARKET F\u0130YAT DE\u011e\u0130\u015e\u0130M\u0130<\/b><\/p>\n<p>Bayraktar, \u015fubat ay\u0131nda \u00fcretici ve market ortas\u0131ndaki fiyat fark\u0131n\u0131n, en fazla y\u00fczde 217 ile kuru fasulyede g\u00f6r\u00fcld\u00fc\u011f\u00fcne de\u011finerek, \u015f\u00f6yle devam etti:<\/p>\n<p>&#8220;Kuru fasulyedeki fiyat fark\u0131n\u0131 y\u00fczde 207,4 ile havu\u00e7, y\u00fczde 197,9 ile kuru kay\u0131s\u0131, y\u00fczde 196,6 ile Antep f\u0131st\u0131\u011f\u0131 takip etti. Kuru fasulye 3,2, havu\u00e7 3,1, kuru kay\u0131s\u0131 ve Antep f\u0131st\u0131\u011f\u0131 3 kat fazlaya markette sat\u0131ld\u0131. \u00dcreticide 33 lira 29 kuru\u015f olan kuru fasulye 105 lira 54 kuru\u015fa, 13 lira olan havu\u00e7 39 lira 96 kuru\u015fa, 150 lira olan kuru kay\u0131s\u0131 446 lira 80 kuru\u015fa, 250 lira olan Antep f\u0131st\u0131\u011f\u0131 741 lira 48 kuru\u015fa markette sat\u0131ld\u0131.&#8221;<\/p>\n<p>\u015eubatta markette 41 eserin 33&#8217;\u00fcnde fiyat art\u0131\u015f\u0131, 7&#8217;sinde fiyat azal\u0131\u015f\u0131 g\u00f6r\u00fcl\u00fcrken, 1 eserde ise fiyat de\u011fi\u015fimi olmad\u0131\u011f\u0131n\u0131n alt\u0131n\u0131 \u00e7izen Bayraktar, kelam konusu periyotta, markette fiyat\u0131 en fazla artan eserin y\u00fczde 35,8 ile patl\u0131can, fiyat\u0131 en \u00e7ok azalan eserin ise y\u00fczde 20,4 ile karnabahar oldu\u011funu s\u00f6z etti.<\/p>\n<p><b>\u00dcRET\u0130C\u0130 F\u0130YAT DE\u011e\u0130\u015e\u0130MLER\u0130N\u0130N NEDENLER\u0130<\/b><\/p>\n<p>Bayraktar, \u015fubatta \u00fcreticide 33 eserin 18&#8217;inde fiyat art\u0131\u015f\u0131, 7&#8217;sinde fiyat d\u00fc\u015f\u00fc\u015f\u00fc g\u00f6r\u00fcld\u00fc\u011f\u00fcn\u00fc, 8 eserde ise fiyat de\u011fi\u015fimi olmad\u0131\u011f\u0131n\u0131 belirtti. \u00dcretici fiyat de\u011fi\u015fimlerinin nedenlerini k\u0131ymetlendiren Bayraktar, \u015fu tabirleri kulland\u0131:<\/p>\n<p>&#8220;Limonun k\u0131s\u0131mlarda azalmas\u0131 nedeniyle hasad\u0131 da azald\u0131. Ya\u015fanan don olay\u0131 narenciye \u00e7i\u00e7ek ve s\u00fcrg\u00fcnlerin yanmas\u0131na, ziyan g\u00f6rmesine sebep oldu. Gelecek y\u0131l eser rekoltesinde de azalma olaca\u011f\u0131 varsay\u0131m ediliyor. Patateste, \u00c7ukurova b\u00f6lgesinde nisan sonu \u00fczere hasat edilmesi planlanan eserlerde, dondan \u00f6t\u00fcr\u00fc y\u00fczde 100&#8217;e yak\u0131n hasar olmas\u0131 bekleniyor. Kuru so\u011fanda d\u00f6nem sonu geldi, depolarda 1 ayl\u0131k eser kald\u0131, bu sebeplerle eser fiyat\u0131 y\u00fckseldi. Mandalinan\u0131n y\u00fczde 90&#8217;\u0131 hasat edildi\u011fi i\u00e7in eser azald\u0131\u011f\u0131ndan fiyatlar y\u00fckseldi.&#8221;<\/p>\n<p>Bayraktar, girdi fiyatlar\u0131na da de\u011finerek, g\u00fcbre, yem ve mazot fiyatlar\u0131ndaki art\u0131\u015fa dikkati \u00e7ekti.<\/p>\n<p>\u00a0<\/p>\n","protected":false},"excerpt":{"rendered":"<p>T\u00fcrkiye Ziraat Odalar\u0131 Birli\u011fi (TZOB) Genel Lideri \u015eemsi Bayraktar, ge\u00e7en y\u0131l ile bu y\u0131l k\u0131yasland\u0131\u011f\u0131nda, ramazan ay\u0131 \u00f6ncesi periyodunu k\u0131ymetlendirdi. Buna nazaran  Bayraktar, markette 36 eserde fiyat art\u0131\u015f\u0131, 2 eserde fiyat d\u00fc\u015f\u00fc\u015f\u00fc ya\u015fand\u0131\u011f\u0131n\u0131, 1 eserde ise fiyat de\u011fi\u015fimi olmad\u0131\u011f\u0131n\u0131 s\u00f6yledi.<\/p>\n","protected":false},"author":1,"featured_media":48664,"comment_status":"open","ping_status":"open","sticky":false,"template":"","format":"standard","meta":{"footnotes":""},"categories":[24],"tags":[4287,394,1046,535,3654],"class_list":["post-48663","post","type-post","status-publish","format-standard","has-post-thumbnail","hentry","category-ekonomi","tag-bayraktar","tag-fiyat","tag-kuru","tag-market","tag-uretici"],"_links":{"self":[{"href":"https:\/\/ikimisli.tr\/index.php\/wp-json\/wp\/v2\/posts\/48663","targetHints":{"allow":["GET"]}}],"collection":[{"href":"https:\/\/ikimisli.tr\/index.php\/wp-json\/wp\/v2\/posts"}],"about":[{"href":"https:\/\/ikimisli.tr\/index.php\/wp-json\/wp\/v2\/types\/post"}],"author":[{"embeddable":true,"href":"https:\/\/ikimisli.tr\/index.php\/wp-json\/wp\/v2\/users\/1"}],"replies":[{"embeddable":true,"href":"https:\/\/ikimisli.tr\/index.php\/wp-json\/wp\/v2\/comments?post=48663"}],"version-history":[{"count":1,"href":"https:\/\/ikimisli.tr\/index.php\/wp-json\/wp\/v2\/posts\/48663\/revisions"}],"predecessor-version":[{"id":48665,"href":"https:\/\/ikimisli.tr\/index.php\/wp-json\/wp\/v2\/posts\/48663\/revisions\/48665"}],"wp:featuredmedia":[{"embeddable":true,"href":"https:\/\/ikimisli.tr\/index.php\/wp-json\/wp\/v2\/media\/48664"}],"wp:attachment":[{"href":"https:\/\/ikimisli.tr\/index.php\/wp-json\/wp\/v2\/media?parent=48663"}],"wp:term":[{"taxonomy":"category","embeddable":true,"href":"https:\/\/ikimisli.tr\/index.php\/wp-json\/wp\/v2\/categories?post=48663"},{"taxonomy":"post_tag","embeddable":true,"href":"https:\/\/ikimisli.tr\/index.php\/wp-json\/wp\/v2\/tags?post=48663"}],"curies":[{"name":"wp","href":"https:\/\/api.w.org\/{rel}","templated":true}]}}