{"id":48876,"date":"2025-06-20T16:24:11","date_gmt":"2025-06-20T16:24:11","guid":{"rendered":"https:\/\/ikimisli.tr\/?p=48876"},"modified":"2025-06-20T16:24:11","modified_gmt":"2025-06-20T16:24:11","slug":"igdirlilar-ramazanda-en-kisa-orucu-tutacak-iste-aradaki-fark","status":"publish","type":"post","link":"https:\/\/ikimisli.tr\/index.php\/2025\/06\/20\/igdirlilar-ramazanda-en-kisa-orucu-tutacak-iste-aradaki-fark\/","title":{"rendered":"I\u011fd\u0131rl\u0131lar Ramazan&#8217;da en k\u0131sa orucu tutacak: \u0130\u015fte aradaki fark"},"content":{"rendered":"<p>Ramazan&#8217;\u0131n birinci g\u00fcn\u00fcnde, T\u00fcrkiye\u2019de oru\u00e7 tutma m\u00fcddeti kentler ortas\u0131nda sadece 2 dakikal\u0131k bir fark g\u00f6sterecek. I\u011fd\u0131r, 12 saat 54 dakikal\u0131k oru\u00e7 m\u00fcddetiyle en k\u0131sa oru\u00e7 tutulan kent olacak. Birinci iftar burada saat 18.02\u2019de a\u00e7\u0131lacak.<\/p>\n<p>\u00d6te yandan, Osmaniye, Kastamonu, Antalya, Bilecik, Denizli ve Bal\u0131kesir\u2019de oru\u00e7 m\u00fchleti 12 saat 56 dakika olacak ve bu vilayetler, T\u00fcrkiye\u2019nin en uzun orucunu tutacak. Ge\u00e7ti\u011fimiz y\u0131l oru\u00e7 m\u00fcddetleri ortas\u0131ndaki fark 3 dakika iken, bu y\u0131l bu fark 2 dakikaya d\u00fc\u015ft\u00fc.<\/p>\n<p><strong>Son \u0130ftar Yeniden I\u011fd\u0131r\u2019da A\u00e7\u0131lacak<\/strong><\/p>\n<p>Ramazan\u2019\u0131n son g\u00fcn\u00fc, yani 29 Mart\u2019ta yeniden birinci iftar I\u011fd\u0131r\u2019da a\u00e7\u0131lacak. Saat 18.31\u2019de iftar yap\u0131lacak kentte, oru\u00e7 m\u00fchleti son g\u00fcn uzayarak 14 saat 6 dakika olacak. T\u00fcrkiye\u2019de en uzun orucu ise Ankara, Zonguldak ve D\u00fczce\u2019de ya\u015fayanlar 14 saat 12 dakika ile tutacak.<\/p>\n<p><img decoding=\"async\" src=\"https:\/\/ikimisli.tr\/wp-content\/uploads\/2025\/06\/igdirlilar-ramazanda-en-kisa-orucu-tutacak-iste-aradaki-fark-0-jjkeV6Cz.jpg\"\/><\/p>\n<p><strong>D\u00fcnyada En Uzun Oru\u00e7 Nerede?<\/strong><\/p>\n<p>T\u00fcrkiye\u2019de m\u00fchletler birbirine yak\u0131n olsa da, d\u00fcnyada kimi kentlerde oru\u00e7 m\u00fcddeti epey farkl\u0131l\u0131k g\u00f6steriyor. \u00d6rne\u011fin, Yeni Zelanda\u2019n\u0131n ba\u015f\u015fehri Wellington, 14 saat 47 dakika ile d\u00fcnyada en uzun orucun tutulaca\u011f\u0131 kent olacak!<\/p>\n<p>\u00d6te yandan, Gabon\u2019un ba\u015f\u015fehri Librevil\u2019de 13 saat 23 dakika, Norve\u00e7\u2019in Tromso kentinde ise 13 saat 4 dakika oru\u00e7 tutulacak.<\/p>\n<p><strong>Ramazan Heyecan\u0131 Ba\u015fl\u0131yor!<\/strong><\/p>\n<p>M\u00fcbarek Ramazan ay\u0131, t\u00fcm d\u00fcnyada milyonlarca M\u00fcsl\u00fcman i\u00e7in sab\u0131r, dayan\u0131\u015fma ve manevi huzurun ay\u0131 olarak b\u00fcy\u00fck bir heyecanla kar\u015f\u0131lan\u0131yor. Birinci teravih namaz\u0131 bu ak\u015fam k\u0131l\u0131nacak, yar\u0131n ise oru\u00e7 i\u00e7in birinci sahur yap\u0131lacak. T\u00fcrkiye\u2019nin d\u00f6rt bir yan\u0131nda iftar sofralar\u0131 kurulacak, dualar edilecek.<\/p>\n","protected":false},"excerpt":{"rendered":"<p>Ramazan ay\u0131 geldi, sofralar kurulmaya, dualar edilmeye haz\u0131rlan\u0131yor! Milyonlarca M\u00fcsl\u00fcman, bu m\u00fcbarek ay\u0131n heyecan\u0131n\u0131 ya\u015farken, oru\u00e7 m\u00fchletleri de merak konusu oldu. T\u00fcrkiye\u2019nin en k\u0131sa orucu bu y\u0131l I\u011fd\u0131r\u2019da tutulacak.<\/p>\n","protected":false},"author":1,"featured_media":48877,"comment_status":"open","ping_status":"open","sticky":false,"template":"","format":"standard","meta":{"footnotes":""},"categories":[25],"tags":[325,5493,6745,1272,929],"class_list":["post-48876","post","type-post","status-publish","format-standard","has-post-thumbnail","hentry","category-gundem","tag-dakika","tag-iftar","tag-oruc","tag-saat","tag-sehir"],"_links":{"self":[{"href":"https:\/\/ikimisli.tr\/index.php\/wp-json\/wp\/v2\/posts\/48876","targetHints":{"allow":["GET"]}}],"collection":[{"href":"https:\/\/ikimisli.tr\/index.php\/wp-json\/wp\/v2\/posts"}],"about":[{"href":"https:\/\/ikimisli.tr\/index.php\/wp-json\/wp\/v2\/types\/post"}],"author":[{"embeddable":true,"href":"https:\/\/ikimisli.tr\/index.php\/wp-json\/wp\/v2\/users\/1"}],"replies":[{"embeddable":true,"href":"https:\/\/ikimisli.tr\/index.php\/wp-json\/wp\/v2\/comments?post=48876"}],"version-history":[{"count":1,"href":"https:\/\/ikimisli.tr\/index.php\/wp-json\/wp\/v2\/posts\/48876\/revisions"}],"predecessor-version":[{"id":48879,"href":"https:\/\/ikimisli.tr\/index.php\/wp-json\/wp\/v2\/posts\/48876\/revisions\/48879"}],"wp:featuredmedia":[{"embeddable":true,"href":"https:\/\/ikimisli.tr\/index.php\/wp-json\/wp\/v2\/media\/48877"}],"wp:attachment":[{"href":"https:\/\/ikimisli.tr\/index.php\/wp-json\/wp\/v2\/media?parent=48876"}],"wp:term":[{"taxonomy":"category","embeddable":true,"href":"https:\/\/ikimisli.tr\/index.php\/wp-json\/wp\/v2\/categories?post=48876"},{"taxonomy":"post_tag","embeddable":true,"href":"https:\/\/ikimisli.tr\/index.php\/wp-json\/wp\/v2\/tags?post=48876"}],"curies":[{"name":"wp","href":"https:\/\/api.w.org\/{rel}","templated":true}]}}