{"id":49023,"date":"2025-06-21T00:48:06","date_gmt":"2025-06-21T00:48:06","guid":{"rendered":"https:\/\/ikimisli.tr\/?p=49023"},"modified":"2025-06-21T00:48:06","modified_gmt":"2025-06-21T00:48:06","slug":"ekonomistlere-gore-enflasyon-subatta-ne-olacak","status":"publish","type":"post","link":"https:\/\/ikimisli.tr\/index.php\/2025\/06\/21\/ekonomistlere-gore-enflasyon-subatta-ne-olacak\/","title":{"rendered":"Ekonomistlere g\u00f6re enflasyon \u015fubatta ne olacak?"},"content":{"rendered":"<p>AA Finans&#8217;\u0131n T\u00fcrkiye \u0130statistik Kurumu (T\u00dc\u0130K) taraf\u0131ndan 3 Mart Pazartesi g\u00fcn\u00fc a\u00e7\u0131klanacak \u015fubat ay\u0131 enflasyon datalar\u0131na ait beklenti anketi, 20 ekonomistin i\u015ftirakiyle sonu\u00e7land\u0131.<\/p>\n<p>Ankete kat\u0131lan ekonomistlerin \u015fubat ay\u0131 enflasyon beklentilerinin ortalamas\u0131 y\u00fczde 2,97 oldu. Ekonomistlerin \u015fubat ay\u0131 i\u00e7in enflasyon beklentileri y\u00fczde 2,30 ile y\u00fczde 3,40 aral\u0131\u011f\u0131nda yer ald\u0131. Ekonomistlerin \u015fubat ay\u0131 enflasyon beklentilerinin ortalamas\u0131na nazaran (y\u00fczde 2,97), bir evvelki ay y\u00fczde 42,12 olan y\u0131ll\u0131k enflasyonun y\u00fczde 40&#8217;a inece\u011fi \u00f6ng\u00f6r\u00fcl\u00fcyor.<\/p>\n<p>\u00d6te yandan, ekonomistlerin 2025 sonu enflasyon beklentisi \u015fubat ay\u0131 prestijiyle y\u00fczde 28,67 oldu.<\/p>\n<p>T\u00fcketici Fiyat Endeksi, ocakta y\u00fczde 5,03 art\u0131\u015f kaydetmi\u015fti.<\/p>\n<p>2025 y\u0131l\u0131 aylar prestijiyle ekonomistlerin enflasyon beklentileri ve ger\u00e7ekle\u015fmeler \u015f\u00f6yle:<\/p>\n<p>\u00a0<\/p>\n<p><img decoding=\"async\" src=\"https:\/\/ikimisli.tr\/wp-content\/uploads\/2025\/06\/ekonomistlere-gore-enflasyon-subatta-ne-olacak-0-6GSjuhva.png\"\/><\/p>\n","protected":false},"excerpt":{"rendered":"<p>AA Finans Enflasyon Beklenti Anketi&#8217;ne kat\u0131lan ekonomistler, \u015fubat ay\u0131nda T\u00fcketici Fiyat Endeksi&#8217;nin (T\u00dcFE) y\u00fczde 2,97 artt\u0131\u011f\u0131n\u0131 varsay\u0131m ediyor.<\/p>\n","protected":false},"author":1,"featured_media":49024,"comment_status":"open","ping_status":"open","sticky":false,"template":"","format":"standard","meta":{"footnotes":""},"categories":[24],"tags":[1306,6910,49,6911],"class_list":["post-49023","post","type-post","status-publish","format-standard","has-post-thumbnail","hentry","category-ekonomi","tag-beklenti","tag-ekonomistlerin","tag-enflasyon","tag-subat-ayi"],"_links":{"self":[{"href":"https:\/\/ikimisli.tr\/index.php\/wp-json\/wp\/v2\/posts\/49023","targetHints":{"allow":["GET"]}}],"collection":[{"href":"https:\/\/ikimisli.tr\/index.php\/wp-json\/wp\/v2\/posts"}],"about":[{"href":"https:\/\/ikimisli.tr\/index.php\/wp-json\/wp\/v2\/types\/post"}],"author":[{"embeddable":true,"href":"https:\/\/ikimisli.tr\/index.php\/wp-json\/wp\/v2\/users\/1"}],"replies":[{"embeddable":true,"href":"https:\/\/ikimisli.tr\/index.php\/wp-json\/wp\/v2\/comments?post=49023"}],"version-history":[{"count":1,"href":"https:\/\/ikimisli.tr\/index.php\/wp-json\/wp\/v2\/posts\/49023\/revisions"}],"predecessor-version":[{"id":49026,"href":"https:\/\/ikimisli.tr\/index.php\/wp-json\/wp\/v2\/posts\/49023\/revisions\/49026"}],"wp:featuredmedia":[{"embeddable":true,"href":"https:\/\/ikimisli.tr\/index.php\/wp-json\/wp\/v2\/media\/49024"}],"wp:attachment":[{"href":"https:\/\/ikimisli.tr\/index.php\/wp-json\/wp\/v2\/media?parent=49023"}],"wp:term":[{"taxonomy":"category","embeddable":true,"href":"https:\/\/ikimisli.tr\/index.php\/wp-json\/wp\/v2\/categories?post=49023"},{"taxonomy":"post_tag","embeddable":true,"href":"https:\/\/ikimisli.tr\/index.php\/wp-json\/wp\/v2\/tags?post=49023"}],"curies":[{"name":"wp","href":"https:\/\/api.w.org\/{rel}","templated":true}]}}