{"id":49042,"date":"2025-06-21T01:48:08","date_gmt":"2025-06-21T01:48:08","guid":{"rendered":"https:\/\/ikimisli.tr\/?p=49042"},"modified":"2025-06-21T01:48:08","modified_gmt":"2025-06-21T01:48:08","slug":"bursada-kacan-ayi-olduruldu-mu","status":"publish","type":"post","link":"https:\/\/ikimisli.tr\/index.php\/2025\/06\/21\/bursada-kacan-ayi-olduruldu-mu\/","title":{"rendered":"Bursa&#8217;da ka\u00e7an ay\u0131 \u00f6ld\u00fcr\u00fcld\u00fc m\u00fc?"},"content":{"rendered":"<p>Erzincan Belediyesinin sahipsiz k\u00f6pekleri katletmesi ba\u015fta olmak \u00fczere bir\u00e7ok hayvan hakk\u0131 ihlalini g\u00fcndeme getiren hayvan haklar\u0131 aktivisti \u0130brahim Kaya dikkat \u00e7eken bir savda bulundu. Kay\u0131plara kar\u0131\u015fan ay\u0131n\u0131n bulundu\u011funa dair haberlere kar\u015f\u0131n yetkililerin bahisle ilgili a\u00e7\u0131klama yapmad\u0131\u011f\u0131n\u0131 belirten Kaya, \u201cDo\u011fa Muhafaza Milli Parklar Bursa M\u00fcd\u00fcrl\u00fc\u011f\u00fc muhtemelen genel m\u00fcd\u00fcrl\u00fckten gelen talimatla bu ay\u0131y\u0131 \u00f6ld\u00fcrd\u00fc\u011f\u00fcne dair \u00f6nemli ku\u015fkular\u0131m\u0131z var\u201d dedi.<\/p>\n<p>Bursa&#8217;n\u0131n Karacabey il\u00e7esindeki Ovakorusu Ay\u0131 Bar\u0131na\u011f\u0131&#8217;ndan, r\u00fczgarda devrilen a\u011fac\u0131n elektrikli \u00e7iti tahribi sonucu ka\u00e7an bozay\u0131y\u0131 arama \u00e7al\u0131\u015fmalar\u0131 2&#8217;nci g\u00fcn\u00fcnde de s\u00fcr\u00fcyor. Gece sabaha kadar b\u00f6lgede arama yap\u0131p, &#8216;Belki geri d\u00f6ner&#8217; diye kara yolunu denetim alt\u0131nda tutan gruplar, bozay\u0131ya ula\u015famad\u0131. Toplam 30 bireyden olu\u015fan Jandarma ve Tabiat M\u00fcdafaa ve Etraf Timi ile Ulusal Parklar M\u00fcd\u00fcrl\u00fc\u011f\u00fc&#8217;ne ili\u015fkin gruplar, arama \u00e7al\u0131\u015fmalar\u0131 ba\u015flatm\u0131\u015ft\u0131. Ay\u0131n\u0131n bulundu\u011funa ait \u00e7\u0131kan haberlerle ilgili yetkililer taraf\u0131ndan bir a\u00e7\u0131klama yap\u0131lmazken hayvan haklar\u0131 aktivisti \u0130brahim Kaya, dikkat \u00e7eken savlarda bulundu.<\/p>\n<p><b>\u201cAYIYI \u00d6LD\u00dcRD\u00dcN\u00dcZ M\u00dc SATTINIZ MI?\u201d<\/b><\/p>\n<p>Rehabilitasyon Merkezinden ka\u00e7an ay\u0131n\u0131n bulundu\u011funa dair \u00e7\u0131kan haberlerle ilgili bilgi ya da evrak payla\u015f\u0131lmad\u0131\u011f\u0131n\u0131 s\u00f6yleyen Hayvan Haklar\u0131 aktivisti \u0130brahim Kaya, \u201cBursa Tabiat M\u00fcdafaa M\u00fcd\u00fcrl\u00fc\u011f\u00fcne ba\u011fl\u0131 tabiat hayat alan\u0131 olan ay\u0131 bar\u0131na\u011f\u0131ndan 18 Ocak tarihinde bir ay\u0131 ka\u00e7m\u0131\u015ft\u0131. 24 Ocak tarihinde ay\u0131n\u0131n bulundu\u011funa dair bir haber yap\u0131ld\u0131. Haberi yapan \u015fahsa \u2018bu haberi neye istinaden yapt\u0131n sana rastgele bir g\u00f6r\u00fcnt\u00fc ya da dok\u00fcmanla bunu kan\u0131tlad\u0131lar m\u0131?\u2019 diye sordum \u2018bende g\u00f6r\u00fcnt\u00fc istedim lakin rastgele bir evrak sunmad\u0131lar\u2019 diye yan\u0131t verdi. Bar\u0131na\u011fa soruyorum bar\u0131nak vazifelileri de \u2018bar\u0131na\u011fa ay\u0131 teslim edilmedi\u2019 diyor. Tabiat Koruma Milli Parklar\u0131 M\u00fcd\u00fcrl\u00fc\u011f\u00fc ay\u0131 ka\u00e7t\u0131ktan \u00fc\u00e7 g\u00fcn sonra avc\u0131lar\u0131 oraya seferber etti\u011fine dair payla\u015f\u0131mlar yapm\u0131\u015ft\u0131. Avc\u0131l\u0131\u011f\u0131n yasak oldu\u011fu b\u00f6lgede avc\u0131lar\u0131 denetleyen bir kurum olan Tabiat M\u00fcdafaa Milli Parklar Genel M\u00fcd\u00fcrl\u00fc\u011f\u00fc neden avc\u0131lar\u0131 seferber etti? Bug\u00fcn soruyoruz ay\u0131y\u0131 \u00f6ld\u00fcrd\u00fcn\u00fcz m\u00fc satt\u0131n\u0131z m\u0131? Bununla alakal\u0131 net bir kar\u015f\u0131l\u0131k alam\u0131yoruz. Tedavi etti\u011fi ku\u015flar\u0131 bile tabiata salarken ferd\u00ee reklamlar yaparak g\u00f6r\u00fcnt\u00fc \u00e7eken kurum bug\u00fcn ay\u0131y\u0131 buldu\u011funu beyan ediyor ancak rastgele bir payla\u015f\u0131m yada bilgi sunmuyor. B\u00f6lgeye \u00e7\u0131kan gruplar\u0131n ola\u011fanda yaka kameras\u0131 takmas\u0131 gerekiyor. Bu ay\u0131 yakalama operasyonun kay\u0131t alt\u0131nda olmas\u0131 gerekiyor lakin bug\u00fcn Tabiat Muhafaza Milli Parklar Bursa M\u00fcd\u00fcrl\u00fc\u011f\u00fc muhtemelen genel m\u00fcd\u00fcrl\u00fckten gelen talimatla bu ay\u0131y\u0131 \u00f6ld\u00fcrd\u00fc\u011f\u00fcne dair \u00f6nemli ku\u015fkular\u0131m\u0131z var. Tekrar soruyoruz ay\u0131y\u0131 \u00f6ld\u00fcrd\u00fcn\u00fcz m\u00fc satt\u0131n\u0131z m\u0131?\u201d s\u00f6zlerini kulland\u0131.<\/p>\n","protected":false},"excerpt":{"rendered":"<p>Bursa&#8217;n\u0131n Karacabey il\u00e7esindeki Ovakorusu Celal Acar Yaban Hayvanlar\u0131 Kurtarma ve Rehabilitasyon Merkezi\u2019nden 16 Ocak\u2019ta ka\u00e7t\u0131ktan sonra Bo\u011fazk\u00f6y Mahallesi\u2019nde g\u00f6r\u00fclen ve bir daha izine rastlan\u0131lamayan bozay\u0131yla ilgili yetkililerden bir a\u00e7\u0131klama yap\u0131lmad\u0131.<\/p>\n","protected":false},"author":1,"featured_media":49043,"comment_status":"open","ping_status":"open","sticky":false,"template":"","format":"standard","meta":{"footnotes":""},"categories":[25],"tags":[6120,6912,6913,5253,3361],"class_list":["post-49042","post","type-post","status-publish","format-standard","has-post-thumbnail","hentry","category-gundem","tag-ayiyi","tag-doga-koruma","tag-milli-parklar","tag-mu","tag-mudurlugu"],"_links":{"self":[{"href":"https:\/\/ikimisli.tr\/index.php\/wp-json\/wp\/v2\/posts\/49042","targetHints":{"allow":["GET"]}}],"collection":[{"href":"https:\/\/ikimisli.tr\/index.php\/wp-json\/wp\/v2\/posts"}],"about":[{"href":"https:\/\/ikimisli.tr\/index.php\/wp-json\/wp\/v2\/types\/post"}],"author":[{"embeddable":true,"href":"https:\/\/ikimisli.tr\/index.php\/wp-json\/wp\/v2\/users\/1"}],"replies":[{"embeddable":true,"href":"https:\/\/ikimisli.tr\/index.php\/wp-json\/wp\/v2\/comments?post=49042"}],"version-history":[{"count":1,"href":"https:\/\/ikimisli.tr\/index.php\/wp-json\/wp\/v2\/posts\/49042\/revisions"}],"predecessor-version":[{"id":49044,"href":"https:\/\/ikimisli.tr\/index.php\/wp-json\/wp\/v2\/posts\/49042\/revisions\/49044"}],"wp:featuredmedia":[{"embeddable":true,"href":"https:\/\/ikimisli.tr\/index.php\/wp-json\/wp\/v2\/media\/49043"}],"wp:attachment":[{"href":"https:\/\/ikimisli.tr\/index.php\/wp-json\/wp\/v2\/media?parent=49042"}],"wp:term":[{"taxonomy":"category","embeddable":true,"href":"https:\/\/ikimisli.tr\/index.php\/wp-json\/wp\/v2\/categories?post=49042"},{"taxonomy":"post_tag","embeddable":true,"href":"https:\/\/ikimisli.tr\/index.php\/wp-json\/wp\/v2\/tags?post=49042"}],"curies":[{"name":"wp","href":"https:\/\/api.w.org\/{rel}","templated":true}]}}