{"id":49079,"date":"2025-06-21T04:12:07","date_gmt":"2025-06-21T04:12:07","guid":{"rendered":"https:\/\/ikimisli.tr\/?p=49079"},"modified":"2025-06-21T04:12:07","modified_gmt":"2025-06-21T04:12:07","slug":"fitch-samsungun-notunu-duragan-olarak-belirledi","status":"publish","type":"post","link":"https:\/\/ikimisli.tr\/index.php\/2025\/06\/21\/fitch-samsungun-notunu-duragan-olarak-belirledi\/","title":{"rendered":"Fitch Samsung&#8217;un notunu dura\u011fan olarak belirledi"},"content":{"rendered":"<p>Fitch Ratings, global teknoloji devi Samsung\u2019un kredi notunu a\u00e7\u0131klad\u0131. Yap\u0131lan de\u011ferlendirmede, \u015firketin kredi profilinin g\u00fc\u00e7l\u00fc kalaca\u011f\u0131 ve 2025 y\u0131l\u0131 prestijiyle ya\u015fanmas\u0131 beklenen bellek kesimindeki d\u00fc\u015f\u00fc\u015fe kar\u015f\u0131n finansal yap\u0131s\u0131n\u0131n sa\u011flam oldu\u011fu tabir edildi. Bu sonu\u00e7, \u015firketin mevcut finansal esnekli\u011fi ve sa\u011flam bilan\u00e7osunun, teknolojik rekabet \u00fczere zorluklara kar\u015f\u0131 bir tampon fonksiyonu g\u00f6rece\u011fi beklentisine dayand\u0131r\u0131ld\u0131.<\/p>\n<p>Fitch\u2019in raporunda, Samsung\u2019un g\u00fc\u00e7l\u00fc nakit konumu ve d\u00fc\u015f\u00fck kald\u0131ra\u00e7 oran\u0131 ile \u015firketin gelecekteki belirsizliklere kar\u015f\u0131 diren\u00e7 g\u00f6sterme kapasitesine dikkat \u00e7ekildi. \u015eirketin faaliyet k\u00e2r\u0131 (FAV\u00d6K) kald\u0131ra\u00e7 oran\u0131n\u0131n 2025 y\u0131l\u0131 prestijiyle 0,2x civar\u0131nda kalaca\u011f\u0131 \u00f6ng\u00f6r\u00fcl\u00fcyor. Samsung\u2019un net nakit durumunun da k\u0131ymetli \u00f6l\u00e7\u00fcde g\u00fc\u00e7l\u00fc kalmas\u0131 bekleniyor.<\/p>\n<p>Samsung, geni\u015f \u00f6l\u00e7e\u011fi ve \u00e7e\u015fitlendirilmi\u015f i\u015f portf\u00f6y\u00fc ile dikkat \u00e7ekiyor. Ta\u015f\u0131nabilir telefonlar ve yar\u0131 iletkenlerden ekran panellerine kadar pek \u00e7ok farkl\u0131 segmentte g\u00fc\u00e7l\u00fc pazar pozisyonlar\u0131na sahip olan \u015firketin, d\u00f6ng\u00fcsel b\u00f6l\u00fcmlerdeki nakit ak\u0131\u015f\u0131 dalgalanmalar\u0131na kar\u015f\u0131n istikrarl\u0131 bir performans sergilemesi bekleniyor. Bilhassa ta\u015f\u0131nabilir telefon b\u00f6l\u00fcm\u00fcndeki karl\u0131l\u0131k, \u015firketin bu dalgalanmalara kar\u015f\u0131 koymas\u0131na yard\u0131mc\u0131 oluyor.\u00a0<\/p>\n<p>Fitch, Samsung\u2019un kesimdeki tesirli pozisyonunu da vurgulad\u0131. \u015eirket, DRAM bellek pazar\u0131nda y\u00fczde 40\u2019\u0131n \u00fczerinde pazar hissesine sahipken, y\u00fcksek bant geni\u015fli\u011fine sahip bellek (HBM) alt segmentinde yakla\u015f\u0131k y\u00fczde 42 hisseye ve NAND bellek pazar\u0131nda ise y\u00fczde 35\u2019lik bir hisseye sahip.<\/p>\n<p>Ayr\u0131ca, OLED ekran paneli pazar\u0131nda da y\u00fczde 40\u2019\u0131n \u00fczerinde bir pazar hissesi ile \u00f6nder pozisyonda bulunuyor ve Apple \u00fczere b\u00fcy\u00fck m\u00fc\u015fterilere OLED panel tedarik ediyor. Samsung, y\u0131ll\u0131k 200 milyonun \u00fczerinde ak\u0131ll\u0131 telefon sevkiyat\u0131 yaparak d\u00fcnya \u00e7ap\u0131nda b\u00fcy\u00fck bir \u00fcretici olarak \u00f6ne \u00e7\u0131k\u0131yor. Ayr\u0131yeten, 3nm \u00e7ip \u00fcretme kapasitesine sahip olan \u015firket, bu alanda da global manada s\u0131rf birka\u00e7 \u00fcreticiden biri olarak dikkat \u00e7ekti.<\/p>\n<p>Fitch, \u015firketin g\u00fc\u00e7l\u00fc finansal yap\u0131s\u0131n\u0131n bellek dal\u0131ndaki aksiliklere kar\u015f\u0131n Samsung\u2019u destekleyece\u011fini belirtti. Bellek kesimindeki fiyat dalgalanmalar\u0131 ve d\u00f6k\u00fcmhane i\u015findeki m\u00fcmk\u00fcn faaliyet ziyanlar\u0131n\u0131n, Samsung\u2019un finansal esnekli\u011fi sayesinde daha az etkileyici olmas\u0131 bekleniyor. \u015eirketin sermaye harcamalar\u0131n\u0131n 2025 y\u0131l\u0131nda \u00f6l\u00e7\u00fcl\u00fc d\u00fczeylerde kalaca\u011f\u0131 \u00f6ng\u00f6r\u00fcld\u00fc.\u00a0<\/p>\n<p>2024 y\u0131l\u0131 sonuna kadar Samsung\u2019un 1,8 trilyon KRW k\u0131ymetinde pay geri al\u0131m\u0131 yapmas\u0131 ve kalan k\u0131sm\u0131 2025 y\u0131l\u0131 i\u00e7erisinde geri almay\u0131 planlamas\u0131, \u015firketin finansal stratejilerinin g\u00fc\u00e7l\u00fc bir g\u00f6stergesi olarak \u00f6ne \u00e7\u0131kt\u0131.<\/p>\n<p>K\u0131sa vadeli zay\u0131fl\u0131klara kar\u015f\u0131n, k\u00fcresel bellek \u00fcreticilerinin \u00fcretim kapasitesindeki ayarlamalar\u0131n, bellek sat\u0131\u015f fiyatlar\u0131n\u0131 istikrara kavu\u015fturmas\u0131 bekleniyor. Bilhassa yapay zeka (AI) ile ilgili talebin art\u0131\u015f\u0131 ve \u015firketin HBM \u00e7iplerinin sat\u0131\u015f\u0131n\u0131 art\u0131rma taraf\u0131ndaki stratejileri, orta ve uzun vadede Samsung\u2019un bellek kesimindeki b\u00fcy\u00fcmesini ve karl\u0131l\u0131\u011f\u0131n\u0131 art\u0131rma potansiyeline sahip. Ayr\u0131yeten, daha uygun bir eser kar\u0131\u015f\u0131m\u0131 ve geli\u015fen teknolojilere y\u00f6nelik artan talep, Samsung\u2019un kesimdeki rekabet avantaj\u0131n\u0131 s\u00fcrd\u00fcrece\u011fini g\u00f6sterdi.<\/p>\n<p>Sonu\u00e7 olarak, Fitch\u2019in de\u011ferlendirmesi, Samsung\u2019un g\u00fc\u00e7l\u00fc finansal yap\u0131s\u0131n\u0131n, kesimdeki dalgalanmalara kar\u015f\u0131n \u015firketin gelecekteki performans\u0131na y\u00f6nelik olumlu bir perspektif sundu\u011funu ortaya koydu.<\/p>\n","protected":false},"excerpt":{"rendered":"<p>Fitch Ratings, d\u00fcn yapt\u0131\u011f\u0131 a\u00e7\u0131klamada, Samsung Electronics Co., Ltd.\u2019nin (SEC) \u2019AA-\u2019 uzun vadeli yabanc\u0131 para ve mahall\u00ee para \u00fcnitesi temerr\u00fct notlar\u0131n\u0131 dura\u011fan g\u00f6r\u00fcn\u00fcm olarak belirledi.<\/p>\n","protected":false},"author":1,"featured_media":49080,"comment_status":"open","ping_status":"open","sticky":false,"template":"","format":"standard","meta":{"footnotes":""},"categories":[24],"tags":[6919,2054,195,340,2849],"class_list":["post-49079","post","type-post","status-publish","format-standard","has-post-thumbnail","hentry","category-ekonomi","tag-bellek","tag-finansal","tag-guclu","tag-pazar","tag-sirketin"],"_links":{"self":[{"href":"https:\/\/ikimisli.tr\/index.php\/wp-json\/wp\/v2\/posts\/49079","targetHints":{"allow":["GET"]}}],"collection":[{"href":"https:\/\/ikimisli.tr\/index.php\/wp-json\/wp\/v2\/posts"}],"about":[{"href":"https:\/\/ikimisli.tr\/index.php\/wp-json\/wp\/v2\/types\/post"}],"author":[{"embeddable":true,"href":"https:\/\/ikimisli.tr\/index.php\/wp-json\/wp\/v2\/users\/1"}],"replies":[{"embeddable":true,"href":"https:\/\/ikimisli.tr\/index.php\/wp-json\/wp\/v2\/comments?post=49079"}],"version-history":[{"count":1,"href":"https:\/\/ikimisli.tr\/index.php\/wp-json\/wp\/v2\/posts\/49079\/revisions"}],"predecessor-version":[{"id":49081,"href":"https:\/\/ikimisli.tr\/index.php\/wp-json\/wp\/v2\/posts\/49079\/revisions\/49081"}],"wp:featuredmedia":[{"embeddable":true,"href":"https:\/\/ikimisli.tr\/index.php\/wp-json\/wp\/v2\/media\/49080"}],"wp:attachment":[{"href":"https:\/\/ikimisli.tr\/index.php\/wp-json\/wp\/v2\/media?parent=49079"}],"wp:term":[{"taxonomy":"category","embeddable":true,"href":"https:\/\/ikimisli.tr\/index.php\/wp-json\/wp\/v2\/categories?post=49079"},{"taxonomy":"post_tag","embeddable":true,"href":"https:\/\/ikimisli.tr\/index.php\/wp-json\/wp\/v2\/tags?post=49079"}],"curies":[{"name":"wp","href":"https:\/\/api.w.org\/{rel}","templated":true}]}}