{"id":49082,"date":"2025-06-21T04:24:09","date_gmt":"2025-06-21T04:24:09","guid":{"rendered":"https:\/\/ikimisli.tr\/?p=49082"},"modified":"2025-06-21T04:24:09","modified_gmt":"2025-06-21T04:24:09","slug":"otomobil-devi-76-yillik-fabrikasini-kapatti","status":"publish","type":"post","link":"https:\/\/ikimisli.tr\/index.php\/2025\/06\/21\/otomobil-devi-76-yillik-fabrikasini-kapatti\/","title":{"rendered":"Otomobil devi 76 y\u0131ll\u0131k fabrikas\u0131n\u0131 kapatt\u0131"},"content":{"rendered":"<p>Audi&#8217;nin Br\u00fcksel\u2019de bulunan fabrikas\u0131nda \u00fcretim bug\u00fcn b\u00fcsb\u00fct\u00fcn sona erdi.<\/p>\n<p>Audi markas\u0131, ge\u00e7en y\u0131l\u0131n temmuz ay\u0131nda l\u00fcks segment elektrikli araba modeli Q8&#8217;in \u00fcretildi\u011fi ve yakla\u015f\u0131k 3 bin ki\u015finin \u00e7al\u0131\u015ft\u0131\u011f\u0131 Br\u00fcksel fabrikas\u0131nda talebin d\u00fc\u015fmesi nedeniyle tekrar yap\u0131lanmaya gidilece\u011fini, kelam konusu modellerin \u00fcretimine Meksika&#8217;da devam edilece\u011fini a\u00e7\u0131klam\u0131\u015ft\u0131.<\/p>\n<p>Audi idaresi, 2024 Eyl\u00fcl ay\u0131 ba\u015f\u0131nda Volkswagen K\u00fcmesi&#8217;nin Br\u00fcksel&#8217;deki fabrikaya \u00fcretim i\u00e7in hi\u00e7bir model tahsis etmedi\u011fini a\u00e7\u0131klam\u0131\u015f ve bu durum, fabrika \u00e7al\u0131\u015fanlar\u0131n\u0131 ve sendikalar\u0131 rahats\u0131z etmi\u015fti.<\/p>\n<p>\u00c7al\u0131\u015fanlar, i\u015fba\u015f\u0131 yapmadan, \u00fcretimi tamamlanm\u0131\u015f arabalar\u0131n anahtarlar\u0131n\u0131 alm\u0131\u015ft\u0131.<\/p>\n<p>Audi, kapanacak Br\u00fcksel fabrikas\u0131 i\u00e7in yeni yat\u0131r\u0131mc\u0131 aramaya ba\u015flam\u0131\u015ft\u0131. Bu s\u00fcre\u00e7te 20&#8217;den fazla yat\u0131r\u0131mc\u0131yla g\u00f6r\u00fc\u015f\u00fclmesine kar\u015f\u0131n uygun al\u0131c\u0131 bulunamam\u0131\u015ft\u0131.<\/p>\n<p>\u015eirket idaresi ve \u00e7al\u0131\u015fanlar ortas\u0131nda yap\u0131lan m\u00fczakereler sonucunda Audi&#8217;nin Br\u00fcksel&#8217;deki fabrikas\u0131n\u0131n emek\u00e7ilerine yasal k\u0131dem tazminatlar\u0131 ile birlikte hizmet m\u00fchletine nazaran ikramiye verilmesi kararla\u015ft\u0131r\u0131lm\u0131\u015ft\u0131.<\/p>\n<p><img decoding=\"async\" src=\"https:\/\/ikimisli.tr\/wp-content\/uploads\/2025\/06\/otomobil-devi-76-yillik-fabrikasini-kapatti-0-skLRzOgy.jpg\"\/><\/p>\n<p><b> 76 YILLIK FABR\u0130KA<\/b><\/p>\n<p>\u00dcretimin 1949 y\u0131l\u0131nda ba\u015flad\u0131\u011f\u0131 fabrikada uzun bir m\u00fcddet Volkswagen modellerine odaklan\u0131lm\u0131\u015ft\u0131. 2004 y\u0131l\u0131nda Audi modellerine ge\u00e7ilmi\u015f, 2018&#8217;den itibaren elektrikli Audi e-Tron \u00fcretilmi\u015fti.<\/p>\n<p>Br\u00fcksel&#8217;in Forest belediyesinde yer alan fabrika 54 hektarl\u0131k bir alan \u00fczerinde bulunuyor.<\/p>\n<p>Tesisin gelecekte ne bi\u00e7imde de\u011ferlendirilece\u011fi konusunda ise tart\u0131\u015fmalar devam ediyor.<\/p>\n<p>Bel\u00e7ika&#8217;da Vilvoorde&#8217;deki Renault fabrikas\u0131 1997&#8217;de, Anvers&#8217;teki Opel fabrikas\u0131 2010&#8217;da ve Genk&#8217;teki Ford fabrikas\u0131 2014&#8217;te kapanm\u0131\u015ft\u0131.<\/p>\n","protected":false},"excerpt":{"rendered":"<p>Alman araba devi Volkswagen Grubu&#8217;na ili\u015fkin Audi markas\u0131, Bel\u00e7ika&#8217;n\u0131n ba\u015f\u015fehri Br\u00fcksel&#8217;de bulunan 76 y\u0131ll\u0131k fabrikas\u0131n\u0131 kapatt\u0131.<\/p>\n","protected":false},"author":1,"featured_media":49083,"comment_status":"open","ping_status":"open","sticky":false,"template":"","format":"standard","meta":{"footnotes":""},"categories":[24],"tags":[4810,6253,1654,1521,209],"class_list":["post-49082","post","type-post","status-publish","format-standard","has-post-thumbnail","hentry","category-ekonomi","tag-audi","tag-bruksel","tag-fabrika","tag-model","tag-uretim"],"_links":{"self":[{"href":"https:\/\/ikimisli.tr\/index.php\/wp-json\/wp\/v2\/posts\/49082","targetHints":{"allow":["GET"]}}],"collection":[{"href":"https:\/\/ikimisli.tr\/index.php\/wp-json\/wp\/v2\/posts"}],"about":[{"href":"https:\/\/ikimisli.tr\/index.php\/wp-json\/wp\/v2\/types\/post"}],"author":[{"embeddable":true,"href":"https:\/\/ikimisli.tr\/index.php\/wp-json\/wp\/v2\/users\/1"}],"replies":[{"embeddable":true,"href":"https:\/\/ikimisli.tr\/index.php\/wp-json\/wp\/v2\/comments?post=49082"}],"version-history":[{"count":1,"href":"https:\/\/ikimisli.tr\/index.php\/wp-json\/wp\/v2\/posts\/49082\/revisions"}],"predecessor-version":[{"id":49085,"href":"https:\/\/ikimisli.tr\/index.php\/wp-json\/wp\/v2\/posts\/49082\/revisions\/49085"}],"wp:featuredmedia":[{"embeddable":true,"href":"https:\/\/ikimisli.tr\/index.php\/wp-json\/wp\/v2\/media\/49083"}],"wp:attachment":[{"href":"https:\/\/ikimisli.tr\/index.php\/wp-json\/wp\/v2\/media?parent=49082"}],"wp:term":[{"taxonomy":"category","embeddable":true,"href":"https:\/\/ikimisli.tr\/index.php\/wp-json\/wp\/v2\/categories?post=49082"},{"taxonomy":"post_tag","embeddable":true,"href":"https:\/\/ikimisli.tr\/index.php\/wp-json\/wp\/v2\/tags?post=49082"}],"curies":[{"name":"wp","href":"https:\/\/api.w.org\/{rel}","templated":true}]}}