{"id":49130,"date":"2025-06-21T07:12:06","date_gmt":"2025-06-21T07:12:06","guid":{"rendered":"https:\/\/ikimisli.tr\/?p=49130"},"modified":"2025-06-21T07:12:06","modified_gmt":"2025-06-21T07:12:06","slug":"adnan-oktara-3-suctan-beraat-karari","status":"publish","type":"post","link":"https:\/\/ikimisli.tr\/index.php\/2025\/06\/21\/adnan-oktara-3-suctan-beraat-karari\/","title":{"rendered":"Adnan Oktar&#8217;a 3 su\u00e7tan beraat karar\u0131"},"content":{"rendered":"<p>\u0130stanbul Anadolu 1. A\u011f\u0131r Ceza Mahkemesi&#8217;nde g\u00f6r\u00fclen duru\u015fmaya Adnan Oktar ve 14 san\u0131k ile san\u0131k avukatlar\u0131 kat\u0131ld\u0131.<\/p>\n<p>Baz\u0131 san\u0131klar ise duru\u015fmaya Ses ve \u0130majl\u0131 Bili\u015fim Sistemi (SEGB\u0130S) ile ba\u011fland\u0131. Temele ait m\u00fctalaas\u0131n\u0131 a\u00e7\u0131klayan cumhuriyet savc\u0131s\u0131, 04 Kas\u0131m 2013 tarihinde Haydarpa\u015fa Liman\u0131&#8217;na gelen 21 adet konteyner\u0131n san\u0131k \u00d6zkan Mamati&#8217;nin beyan\u0131na nazaran, \u00c7in&#8217;den \u00e7\u0131k\u0131\u015f\u0131 kademesinde t\u00fcm dok\u00fcmanlar\u0131n imha edildi\u011fi, yerine tekrar kendileri taraf\u0131ndan \u00c7in&#8217;de kurulmu\u015f olan TGL HKN Lojistik Firmas\u0131 taraf\u0131ndan d\u00fczmece dok\u00fcmanlar olu\u015fturuldu\u011fu aktar\u0131ld\u0131.<\/p>\n<p><b>&#8216;TESP\u0130T YAPILAMADI&#8217;<\/b><\/p>\n<p>San\u0131klar \u00d6zkan Mamati, U\u011fur \u015eahin, \u00c7a\u011flar Ke\u015fkek, Ay\u015fe Osma, Alev Babuna, Aylin Atmaca, Ay\u015feg\u00fcl H\u00fcma Babuna, Fatma Ceyda Ert\u00fcz\u00fcn, Bora Y\u0131ld\u0131z, Halil Hilmi M\u00fcft\u00fco\u011flu, Yeliz Aksoy, \u0130brahim Tuncer, Sinem Hacer Tezyapar, Mehmet Noyan Orcan, Merve B\u00fcy\u00fckbayrak, Murat Ye\u015filtuna, Tarkan Yava\u015f, Adnan Oktar ve Ulviye Didem \u00dcrer&#8217;in fikir ve eylem birli\u011fi i\u00e7inde resmi evrakta sahtecilik ve ka\u00e7ak\u00e7\u0131l\u0131k kanununa muhalefet aksiyonlar\u0131nda bulunduklar\u0131ndan bahisle yap\u0131lan yarg\u0131lamalar\u0131nda uzman eksper taraf\u0131ndan haz\u0131rlanan rapora nazaran, yarg\u0131lamaya bahis beyannamedeki eserlerin fiziken yurda geldi\u011fi k\u0131rm\u0131z\u0131 s\u0131n\u0131r kriterine nazaran s\u00fcre\u00e7 tesis edilerek \u00f6zg\u00fcr sirk\u00fclasyona girdi\u011fi, eserlerde eksik-fazla \u00e7\u0131kt\u0131\u011f\u0131na dair yahut evraklar\u0131n uyumsuzlu\u011funa dair bir tespitin yap\u0131lamad\u0131\u011f\u0131 belirtildi.<\/p>\n<p><b>M\u00dcTALAADA 2 HATANIN TEFR\u0130K ED\u0130LMES\u0130 \u0130STEND\u0130<\/b><\/p>\n<p>M\u00fctalaada, &#8220;ka\u00e7ak\u00e7\u0131l\u0131k&#8221; ve &#8220;resmi evrakta sahtecilik&#8221; c\u00fcr\u00fcmlerinin yarg\u0131lamas\u0131 yap\u0131lan belgeden tefrik edilmesi talep edildi. Evrakta mevcut dok\u00fcman, tutanaklar ve ald\u0131r\u0131lan uzman raporu nazara al\u0131narak ka\u00e7ak\u00e7\u0131l\u0131k ve resmi evrakta sahtecili\u011fe ait yarg\u0131lama husus e\u015fyalar\u0131n h\u00fcr dolan\u0131ma girme \u00f6ncesi k\u0131rm\u0131z\u0131 \u00e7izgi s\u00fcrecinde usuls\u00fczl\u00fck tespiti bulunmay\u0131\u015f\u0131, ithal edilen eserlerin muhatab\u0131 olan \u00c7in&#8217;de faaliyet g\u00f6steren her iki firman\u0131n \u00c7in men\u015feili olu\u015funun vergi kayb\u0131na sebebiyet vermedi\u011fi belirtilen m\u00fctalaada, san\u0131klar\u0131n bu c\u00fcr\u00fcmlerden farkl\u0131 ayr\u0131 beraatlerine karar verilmesi istendi.<br \/>M\u00fctalaada, &#8220;ka\u00e7ak\u00e7\u0131l\u0131k&#8221; ve &#8220;resmi dok\u00fcmanda sahtecilik&#8221; kabahatlerinin yarg\u0131lamas\u0131 yap\u0131lan belgeden tefrik edilmesi istendi.<\/p>\n<p><b>&#8217;70 YA\u015eINDAYIM TRAF\u0130K CEZAM B\u0130LE YOK&#8217;<\/b><\/p>\n<p>M\u00fctalaaya kar\u015f\u0131 savunmas\u0131n\u0131 yapan Adnan Oktar, &#8220;Arkada\u015flar\u0131m\u0131z bahisleri anlat\u0131yorlar ancak karma\u015f\u0131k bir \u015fey yok. Mehdiyet&#8217;in d\u0131\u015f\u0131nda \u0130slam aleminin birle\u015fmesi m\u00fcmk\u00fcn de\u011fil. Suriye&#8217;nin al\u0131nmas\u0131n\u0131n sebebi de Mehdi i\u00e7indir. Mehdinin orada olaca\u011f\u0131 i\u00e7indir. \u00dc\u00e7 dinde mehdiyi bekliyor. Deizm ve ateizm patlama yapt\u0131. Benim vaktinde bu t\u00fcrl\u00fc de\u011fildi. \u0130man hakikatlerini anlatmak bir yetenektir. 90&#8217;\u0131n \u00fczerinde mehdinin \u00e7\u0131kaca\u011f\u0131 \u015feyler oldu. \u0130sa ve Mesih&#8217;te vazife ba\u015f\u0131nda, Mehdi&#8217;de vazife ba\u015f\u0131nda. Benim bu t\u00fcrl\u00fc bir tezim yok. Ben Mehdi de\u011filim ancak m\u00fcjdeleyece\u011fim. Ka\u00e7ak\u00e7\u0131l\u0131k diye bir \u015fey yok. Prestij d\u00fc\u015f\u00fcrmek i\u00e7in yap\u0131lm\u0131\u015f. Alenen bir kumpas var. Bende Mehdi talebesiyim. Ben 70 ya\u015f\u0131nday\u0131m trafik cezam bile yok. Birden te\u011fe 30 tane kabahati i\u015fleten insan haline geldim. Palavra, asl\u0131 astar\u0131 yok. Bizim devletimiz ba\u015f\u0131na nazaran hareket eden bir devlet de\u011fildir. Derinli\u011fi vard\u0131r. Devlet bizim gen\u00e7lerimizin yi\u011fitliklerini, c\u00fcretlerini denemek istiyor ve gen\u00e7lerimiz kendilerini kan\u0131tlad\u0131. Devlet ne yaparsa hay\u0131r ile yapar&#8221; dedi.<\/p>\n<p><b>3 HATADAN BERAAT ETT\u0130<\/b><\/p>\n<p>Karar\u0131n\u0131 a\u00e7\u0131klayan mahkeme, Adnan Oktar, Alev Babuna, Aylin Atmaca, Ay\u015feg\u00fcl H\u00fcma Babuna, Bora Y\u0131ld\u0131z, Halil Hilmi M\u00fcft\u00fco\u011flu, \u0130brahim Tuncer, Mehmet Noyan Orcan, Merve B\u00fcy\u00fckbayrak, Sinem Hacer Tezyapar, Tarkan Yava\u015f, Ulviye Didem \u00dcrer, \u00d6zkan Deniz, Fatma Ceyda Ert\u00fcz\u00fcn, Murat Ye\u015fil Tuna ve Yeliz Aksoy&#8217;un &#8220;resmi dok\u00fcmanda sahtecilik&#8221;, &#8220;resmi belgeyi bozmak ve yok etmek&#8221;, &#8220;ka\u00e7ak\u00e7\u0131l\u0131k&#8221; c\u00fcr\u00fcmlerinden ba\u015fka farkl\u0131 beraatine h\u00fckmetti.<\/p>\n","protected":false},"excerpt":{"rendered":"<p>Adnan Oktar&#8217;\u0131n da san\u0131k oldu\u011fu resmi evrakta sahtecilik, resmi belgeyi bozmak ve yok etmek ve ka\u00e7ak\u00e7\u0131l\u0131k su\u00e7lamalar\u0131nda 19 san\u0131k farkl\u0131 ayr\u0131 beraat etti<\/p>\n","protected":false},"author":1,"featured_media":49131,"comment_status":"open","ping_status":"open","sticky":false,"template":"","format":"standard","meta":{"footnotes":""},"categories":[25],"tags":[6921,3514,680,1578,564],"class_list":["post-49130","post","type-post","status-publish","format-standard","has-post-thumbnail","hentry","category-gundem","tag-kacakcilik","tag-mehdi","tag-resmi","tag-sahte","tag-sanik"],"_links":{"self":[{"href":"https:\/\/ikimisli.tr\/index.php\/wp-json\/wp\/v2\/posts\/49130","targetHints":{"allow":["GET"]}}],"collection":[{"href":"https:\/\/ikimisli.tr\/index.php\/wp-json\/wp\/v2\/posts"}],"about":[{"href":"https:\/\/ikimisli.tr\/index.php\/wp-json\/wp\/v2\/types\/post"}],"author":[{"embeddable":true,"href":"https:\/\/ikimisli.tr\/index.php\/wp-json\/wp\/v2\/users\/1"}],"replies":[{"embeddable":true,"href":"https:\/\/ikimisli.tr\/index.php\/wp-json\/wp\/v2\/comments?post=49130"}],"version-history":[{"count":1,"href":"https:\/\/ikimisli.tr\/index.php\/wp-json\/wp\/v2\/posts\/49130\/revisions"}],"predecessor-version":[{"id":49132,"href":"https:\/\/ikimisli.tr\/index.php\/wp-json\/wp\/v2\/posts\/49130\/revisions\/49132"}],"wp:featuredmedia":[{"embeddable":true,"href":"https:\/\/ikimisli.tr\/index.php\/wp-json\/wp\/v2\/media\/49131"}],"wp:attachment":[{"href":"https:\/\/ikimisli.tr\/index.php\/wp-json\/wp\/v2\/media?parent=49130"}],"wp:term":[{"taxonomy":"category","embeddable":true,"href":"https:\/\/ikimisli.tr\/index.php\/wp-json\/wp\/v2\/categories?post=49130"},{"taxonomy":"post_tag","embeddable":true,"href":"https:\/\/ikimisli.tr\/index.php\/wp-json\/wp\/v2\/tags?post=49130"}],"curies":[{"name":"wp","href":"https:\/\/api.w.org\/{rel}","templated":true}]}}