{"id":49233,"date":"2025-06-21T13:00:07","date_gmt":"2025-06-21T13:00:07","guid":{"rendered":"https:\/\/ikimisli.tr\/?p=49233"},"modified":"2025-06-21T13:00:07","modified_gmt":"2025-06-21T13:00:07","slug":"trump-zelenskiy-tartismasi-buyuk-yanki-uyandirdi-iste-ilk-tepkiler","status":"publish","type":"post","link":"https:\/\/ikimisli.tr\/index.php\/2025\/06\/21\/trump-zelenskiy-tartismasi-buyuk-yanki-uyandirdi-iste-ilk-tepkiler\/","title":{"rendered":"Trump-Zelenskiy tart\u0131\u015fmas\u0131 b\u00fcy\u00fck yank\u0131 uyand\u0131rd\u0131! \u0130\u015fte ilk tepkiler&#8230;"},"content":{"rendered":"<p>ABD Ba\u015fkan\u0131 Donald Trump ile Ukrayna Devlet Lideri Volodimir Zelenskiy, Oval Ofis&#8217;te tart\u0131\u015ft\u0131. Yank\u0131 uyand\u0131ran tart\u0131\u015fman\u0131n akabinde bilhassa Rusya olmak \u00fczere Avrupa \u00fclkelerinden pe\u015f pe\u015fe a\u00e7\u0131klamalar geldi.<\/p>\n<p>Avrupa&#8217;da ba\u015fta Almanya ve \u0130spanya olmak \u00fczere \u00fclkelerden Ukrayna&#8217;ya takviye gelirken ABD&#8217;yi hakl\u0131 bulan \u00fclkeler de oldu.<\/p>\n<p>Beyaz Saray&#8217;dan ayr\u0131ld\u0131ktan sonra Ukrayna lideri <strong>Zelenskiy&#8217;den a\u00e7\u0131klama geldi. <\/strong>Zelenskiy, &#8220;Te\u015fekk\u00fcrler Amerika, dayana\u011f\u0131n\u0131z i\u00e7in te\u015fekk\u00fcr ederim, bu ziyaret i\u00e7in te\u015fekk\u00fcr ederim. Te\u015fekk\u00fcrler @POTUS, Kongre ve Amerikan halk\u0131. Ukrayna adil ve kal\u0131c\u0131 bir bar\u0131\u015fa muhta\u00e7l\u0131k duyuyor ve tam olarak bunun i\u00e7in \u00e7al\u0131\u015f\u0131yoruz.&#8221;<\/p>\n<ul>\n<li><strong>Rusya<\/strong><\/li>\n<\/ul>\n<p><strong>Rusya G\u00fcvenlik Kurulu Lider Yard\u0131mc\u0131s\u0131 Dmitriy Medvedev,<\/strong> Zelenskiy&#8217;nin Trump&#8217;tan hak etti\u011fi \u201csa\u011flam bir tokat\u201d yedi\u011fini s\u00f6ylerken, Rus yetkililer kamuoyu \u00f6n\u00fcnde ya\u015fanan \u00e7at\u0131\u015fmaya sevin\u00e7le reaksiyon g\u00f6sterdi.<\/p>\n<p>Payla\u015f\u0131m\u0131nda Zelenskiy&#8217;e hakaret eden Medvedev, &#8220;Kiev rejiminin&#8221; \u00dc\u00e7\u00fcnc\u00fc D\u00fcnya Sava\u015f\u0131 ile oyun oynad\u0131\u011f\u0131n\u0131 savundu.<\/p>\n<p><strong>Rusya D\u0131\u015fi\u015fleri Bakanl\u0131\u011f\u0131 s\u00f6zc\u00fcs\u00fc Maria Zakharova<\/strong> ise Trump ve Lider Yard\u0131mc\u0131s\u0131 JD Vance&#8217;in canl\u0131 yay\u0131nda t\u00fcm d\u00fcnyaya aktar\u0131lan tart\u0131\u015fma s\u0131ras\u0131nda Zelenskiy&#8217;e vurmaktan kendilerini al\u0131koymalar\u0131n\u0131n &#8220;bir mucize&#8221; oldu\u011funu s\u00f6yledi.<\/p>\n<ul>\n<li><strong>Avrupa Birli\u011fi<\/strong><\/li>\n<\/ul>\n<p>Avrupa Komisyonu Ba\u015fkan\u0131 Ursula von der Leyen de toplumsal medya hesab\u0131 \u00fczerinden yapt\u0131\u011f\u0131 yorumda Zelenski&#8217;ye y\u00f6nelik olarak &#8220;G\u00fc\u00e7l\u00fc olun, cesaretli olun, korkusuz olun. Asla yaln\u0131z de\u011filsiniz Say\u0131n Ba\u015fkan Zelenski&#8221; dedi. Von der Leyen kal\u0131c\u0131 bir bar\u0131\u015f i\u00e7in Ukrayna ile birlikte \u00e7al\u0131\u015fmaya devam edeceklerini de s\u00f6yledi.<\/p>\n<ul>\n<li><strong>Kanada<\/strong><\/li>\n<\/ul>\n<p>Kanada D\u0131\u015fi\u015fleri Bakan\u0131 Melanie Joly, \u00fclkesinin ve ba\u015fka m\u00fcttefiklerinin Ukrayna Devlet Ba\u015fkan\u0131 Volodimir Zelenski ile \u00fclkesinin Rus sald\u0131rganl\u0131\u011f\u0131na kar\u015f\u0131 yeterli bir bar\u0131\u015f muahedesine varmas\u0131 i\u00e7in \u00e7al\u0131\u015fmas\u0131n\u0131n \u00e7ok k\u0131ymetli oldu\u011funu s\u00f6yledi.<\/p>\n<ul>\n<li><strong>Macaristan<\/strong><\/li>\n<\/ul>\n<p>Macaristan Cumhurba\u015fkan\u0131 Victor Orban ise ABD&#8217;de takviye vererek &#8220;Te\u015fekk\u00fcrler Trump&#8221; payla\u015f\u0131m\u0131 yapt\u0131.<\/p>\n<ul>\n<li><strong>Fransa<\/strong><\/li>\n<\/ul>\n<p>Fransa Cumhurba\u015fkan\u0131 Emmanuel Macron, tart\u0131\u015fmayla ilgili, &#8220;Yard\u0131m edenlere te\u015fekk\u00fcr edilmeli ve ba\u015f\u0131ndan beri sava\u015fanlara h\u00fcrmet duyulmal\u0131&#8221; dedi.<\/p>\n<ul>\n<li><strong>Polonya<\/strong><\/li>\n<\/ul>\n<p>Polonya Ba\u015fbakan\u0131 Donald Tusk payla\u015f\u0131m\u0131nda, &#8220;Sevgili @ZelenskyyUa, sevgili Ukraynal\u0131 dostlar, yaln\u0131z de\u011filsiniz&#8221; dedi.<\/p>\n<ul>\n<li><strong>\u0130spanya<\/strong><\/li>\n<\/ul>\n<p>\u0130spanya Ba\u015fbakan\u0131 Pedro Sanchez, &#8220;Ukrayna, \u0130spanya senin yan\u0131ndad\u0131r&#8221; payla\u015f\u0131m\u0131nda bulundu.<\/p>\n<ul>\n<li><strong>Norve\u00e7<\/strong><\/li>\n<\/ul>\n<p>Norve\u00e7 Ba\u015fbakan\u0131 Jonas Gahr Stoere\u2019nin TV2\u2019ye yapt\u0131\u011f\u0131 a\u00e7\u0131klama: &#8220;Norve\u00e7, \u00f6zg\u00fcrl\u00fck \u00e7abas\u0131nda Ukrayna\u2019n\u0131n yan\u0131ndad\u0131r. Trump idaresinin de Ukrayna\u2019da adil ve kal\u0131c\u0131 bir bar\u0131\u015f\u0131n k\u0131ymetini anlamas\u0131n\u0131 umuyoruz.&#8221;<\/p>\n<ul>\n<li><strong>Almanya<\/strong><\/li>\n<\/ul>\n<p><strong>Almanya Ba\u015fbakan\u0131 Olaf Scholz<\/strong>, Ukrayna&#8217;n\u0131n Almanya&#8217;ya ve Avrupa&#8217;ya g\u00fcvenebilece\u011fini s\u00f6yledi.<\/p>\n<p><strong>Almanya\u2019da Hristiyan Demokratlar\u0131n K\u00fcme Ba\u015fkanvekili Johann Wadephul<\/strong>, &#8220;Beyaz Saray\u2019dan gelen imajlar \u015fok edici. \u0130\u015fgal alt\u0131ndaki bir \u00fclkenin liderini s\u0131rt\u0131ndan nas\u0131l b\u0131\u00e7aklayabilirsiniz? \u00d6zg\u00fcr Avrupa, Ukrayna\u2019ya ihanet etmeyecek!&#8221; dedi.<\/p>\n<p>Almanya&#8217;da se\u00e7imi kazanan Hristiyan<strong> Demokrat Birlik Partisi (CDU) Genel Lideri Friedrich Merz<\/strong> ise Zelenskiy&#8217;yi etiketleyerek yapt\u0131\u011f\u0131 payla\u015f\u0131mda, &#8220;Sevgili Volodimir yeterli ve g\u00fc\u00e7 vakitlerde Ukrayna&#8217;n\u0131n yan\u0131nday\u0131z. Bu fec\u00ee sava\u015fta sald\u0131rgan ile kurban\u0131 asla birbirine kar\u0131\u015ft\u0131rmamal\u0131y\u0131z.&#8221; de\u011ferlendirmesinde bulundu.<\/p>\n<ul>\n<li><strong>Litvanya<\/strong><\/li>\n<\/ul>\n<p><strong>Litvanya Cumhurba\u015fkan\u0131 Gitanas Nauseda<\/strong> toplumsal medya payla\u015f\u0131m\u0131nda, &#8220;Ukrayna, asla yaln\u0131z y\u00fcr\u00fcmeyeceksin&#8221; s\u00f6z\u00fcyle Zelenskiy&#8217;e takviyesini g\u00f6sterdi.<\/p>\n<ul>\n<li><strong>Norve\u00e7<\/strong><\/li>\n<\/ul>\n<p><strong>Norve\u00e7 Ba\u015fbakan\u0131 Jonas Gahr Store <\/strong>payla\u015f\u0131m\u0131nda, &#8220;Adil ve kal\u0131c\u0131 bir bar\u0131\u015f i\u00e7in verdikleri hakl\u0131 gayrette Ukrayna&#8217;n\u0131n yan\u0131nday\u0131z.&#8221; s\u00f6z\u00fcn\u00fc kulland\u0131.<\/p>\n<ul>\n<li><strong>Portekiz<\/strong><\/li>\n<\/ul>\n<p><strong>Portekiz Ba\u015fbakan\u0131 Luis Montenegro <\/strong>deste\u011fini, &#8220;Ukrayna her vakit Portekiz&#8217;e g\u00fcvenebilir.&#8221; kelamlar\u0131yla g\u00f6sterdi.<\/p>\n<ul>\n<li><strong>Letonya<\/strong><\/li>\n<\/ul>\n<p>Letonya Ba\u015fbakan\u0131 Evika Silina da yapt\u0131\u011f\u0131 toplumsal medya payla\u015f\u0131m\u0131nda \u00fclkesinin Ukrayna&#8217;n\u0131n yan\u0131nda oldu\u011funu vurgulad\u0131.<\/p>\n<ul>\n<li><strong>Bel\u00e7ika<\/strong><\/li>\n<\/ul>\n<p>Bel\u00e7ika Ba\u015fbakan\u0131 Bart De Wever de, X hesab\u0131ndan yapt\u0131\u011f\u0131 payla\u015f\u0131mda, &#8220;Ukrayna ve halk\u0131n\u0131n, sebepsiz Rus sald\u0131rganl\u0131\u011f\u0131na kar\u015f\u0131 kendisini savunmak i\u00e7in verdikleri tarihi u\u011fra\u015f\u0131n ard\u0131nday\u0131z. Onlar\u0131n \u00e7abas\u0131 bizim \u00e7abam\u0131zd\u0131r. Birlikte g\u00fc\u00e7l\u00fcy\u00fcz.&#8221; de\u011ferlendirmesinde bulundu.<\/p>\n<ul>\n<li><strong>Hollanda<\/strong><\/li>\n<\/ul>\n<p>Hollanda Ba\u015fbakan\u0131 Dick Schoof X hesab\u0131ndan yapt\u0131\u011f\u0131 payla\u015f\u0131mda Ukrayna&#8217;ya takviyelerinin s\u00fcrece\u011fini kaydederek, &#8220;Kal\u0131c\u0131 bir bar\u0131\u015f ve Rusya taraf\u0131ndan ba\u015flat\u0131lan sald\u0131rganl\u0131\u011f\u0131n sona ermesini istiyoruz. Ukrayna i\u00e7in, t\u00fcm halk\u0131 i\u00e7in ve Avrupa i\u00e7in.&#8221; tabirlerini kulland\u0131.<\/p>\n<ul>\n<li><strong>\u0130sve\u00e7<\/strong><\/li>\n<\/ul>\n<p>\u0130sve\u00e7 Ba\u015fbakan\u0131 Ulf Kristersson, X hesab\u0131ndan, &#8220;\u0130sve\u00e7 Ukrayna&#8217;n\u0131n yan\u0131nda. Yaln\u0131zca \u00f6zg\u00fcrl\u00fc\u011f\u00fcn\u00fcz i\u00e7in de\u011fil, birebir vakitte t\u00fcm Avrupa&#8217;n\u0131n \u00f6zg\u00fcrl\u00fc\u011f\u00fc i\u00e7in de sava\u015f\u0131yorsunuz. B\u00fcy\u00fck Ukrayna.&#8221; tabirlerini kulland\u0131.<\/p>\n<ul>\n<li><strong>Avusturya<\/strong><\/li>\n<\/ul>\n<p>Avusturya D\u0131\u015fi\u015fleri Bakanl\u0131\u011f\u0131&#8217;ndan yap\u0131lan a\u00e7\u0131klamada &#8220;Ukrayna&#8217;n\u0131n yan\u0131nday\u0131z! Rusya, sald\u0131rgan olan taraft\u0131r. Ukrayna&#8217;n\u0131n kapsaml\u0131, \u00e2dil ve kal\u0131c\u0131 bar\u0131\u015f taahh\u00fcd\u00fcn\u00fc payla\u015f\u0131yoruz.&#8221; tabirlerine yer verdi.<\/p>\n","protected":false},"excerpt":{"rendered":"<p>ABD Lideri Trump ile Ukrayna lideri Zelenskiy aras\u0131nda ya\u015fanan tart\u0131\u015fman\u0131n akabinde bilhassa Rusya olmak \u00fczere Avrupa \u00fclkelerinden pe\u015f pe\u015fe a\u00e7\u0131klamalar geldi.<\/p>\n","protected":false},"author":1,"featured_media":49234,"comment_status":"open","ping_status":"open","sticky":false,"template":"","format":"standard","meta":{"footnotes":""},"categories":[43],"tags":[435,3051,39,201,246],"class_list":["post-49233","post","type-post","status-publish","format-standard","has-post-thumbnail","hentry","category-dunya","tag-avrupa","tag-basbakani","tag-baskani","tag-ukrayna","tag-zelenski"],"_links":{"self":[{"href":"https:\/\/ikimisli.tr\/index.php\/wp-json\/wp\/v2\/posts\/49233","targetHints":{"allow":["GET"]}}],"collection":[{"href":"https:\/\/ikimisli.tr\/index.php\/wp-json\/wp\/v2\/posts"}],"about":[{"href":"https:\/\/ikimisli.tr\/index.php\/wp-json\/wp\/v2\/types\/post"}],"author":[{"embeddable":true,"href":"https:\/\/ikimisli.tr\/index.php\/wp-json\/wp\/v2\/users\/1"}],"replies":[{"embeddable":true,"href":"https:\/\/ikimisli.tr\/index.php\/wp-json\/wp\/v2\/comments?post=49233"}],"version-history":[{"count":1,"href":"https:\/\/ikimisli.tr\/index.php\/wp-json\/wp\/v2\/posts\/49233\/revisions"}],"predecessor-version":[{"id":49235,"href":"https:\/\/ikimisli.tr\/index.php\/wp-json\/wp\/v2\/posts\/49233\/revisions\/49235"}],"wp:featuredmedia":[{"embeddable":true,"href":"https:\/\/ikimisli.tr\/index.php\/wp-json\/wp\/v2\/media\/49234"}],"wp:attachment":[{"href":"https:\/\/ikimisli.tr\/index.php\/wp-json\/wp\/v2\/media?parent=49233"}],"wp:term":[{"taxonomy":"category","embeddable":true,"href":"https:\/\/ikimisli.tr\/index.php\/wp-json\/wp\/v2\/categories?post=49233"},{"taxonomy":"post_tag","embeddable":true,"href":"https:\/\/ikimisli.tr\/index.php\/wp-json\/wp\/v2\/tags?post=49233"}],"curies":[{"name":"wp","href":"https:\/\/api.w.org\/{rel}","templated":true}]}}