{"id":49361,"date":"2025-06-21T20:00:07","date_gmt":"2025-06-21T20:00:07","guid":{"rendered":"https:\/\/ikimisli.tr\/?p=49361"},"modified":"2025-06-21T20:00:07","modified_gmt":"2025-06-21T20:00:07","slug":"tribun-lideri-mourinho","status":"publish","type":"post","link":"https:\/\/ikimisli.tr\/index.php\/2025\/06\/21\/tribun-lideri-mourinho\/","title":{"rendered":"Trib\u00fcn lideri Mourinho"},"content":{"rendered":"<p>Galatasaray derbisinin akabinde gu\u0308ndem Jose Mourinho oldu. Bitis\u0327 du\u0308du\u0308g\u0306u\u0308yle birlikte solug\u0306u hakemlerin soyunma odas\u0131nda alan Portekizli hoca, Vincic ve grubunu tebrik ederken, do\u0308rdu\u0308ncu\u0308 hakem Kadir Sag\u0306lam\u2019a \u201cI\u0307yi ki sizler yo\u0308netmediniz mac\u0327\u0131, yoksa felaket olurdu\u201d dedi. Sar\u0131-k\u0131rm\u0131z\u0131l\u0131 grubun yedek kulu\u0308besine yo\u0308nelik, \u201cMaymun \u00fczere z\u0131pl\u0131yorlard\u0131\u201d tabirini kulland\u0131.<\/p>\n<p><b>\u2018MAYMUN\u2019 BENZETMES\u0130 YAPTI<\/b><\/p>\n<p>I\u0307\u015fte bu so\u0308zler sonras\u0131 PFDK, Jose Mourinho\u2019ya 4 mac\u0327l\u0131k fatura c\u0327\u0131kard\u0131. Tahkim Kurulu ise cezay\u0131 2 mac\u0327a indirdi. Portekizli c\u0327al\u0131s\u0327t\u0131r\u0131c\u0131 toplam 6 mac\u0327ta ekibini yaln\u0131z b\u0131rakm\u0131s\u0327 olacak. Mourinho, Galatasaray derbisine kadar Avrupa ve Su\u0308per Lig\u2019de 2\u2019s\u0327er kere cezas\u0131 nedeniyle tribu\u0308ne c\u0327\u0131km\u0131s\u0327t\u0131.<\/p>\n<p><b>KIRMIZI G\u00d6RD\u00dc, KADROSU GE\u00c7 \u00c7IKARDI<\/b><\/p>\n<p>24 Ekim\u2019de oynanan Manchester United kars\u0327\u0131las\u0327mas\u0131nda k\u0131rm\u0131z\u0131 kart go\u0308rdu\u0308g\u0306u\u0308 ic\u0327in 7 Kas\u0131m\u2019da AZ Alkmaar mac\u0327\u0131nda kulu\u0308beye giremedi. 23 Ocak\u2019taki Lyon mac\u0327\u0131nda ekibi alana gec\u0327 c\u0327\u0131karmas\u0131 nedeniyle ManU do\u0308neminden kalan ertelemeli ceza is\u0327leme girdi, Mourinho, Midtjylland mu\u0308cadelesini tribu\u0308nden izledi.<\/p>\n<p><b>SPORTMENL\u0130\u011eE AYKIRI HAREKET<\/b><\/p>\n<p>Ligde Trabzonspor mac\u0327\u0131nda rakip ekip taraftarlar\u0131na yo\u0308nelik sportmenlig\u0306e ters hareketi nedeniyle 1 mac\u0327 ceza alan Mou,Sivas kars\u0327\u0131las\u0327mas\u0131nda da kulu\u0308bede olamad\u0131. Adana Demirspor mu\u0308cadelesinde bu sezonki 4. sar\u0131 kart\u0131n\u0131 go\u0308rdu\u0308g\u0306u\u0308 ic\u0327in Fenerbahc\u0327e Teknik Direkto\u0308ru\u0308, Go\u0308ztepe mac\u0327\u0131nda yedek kulu\u0308besinde yer almad\u0131. Kupadaki Gaziantep mac\u0327\u0131n\u0131 tribu\u0308nden izleyen Mourinho, Tahkim\u2019den gelen indirim sonras\u0131nda ligdeki Antalyaspor kars\u0327\u0131las\u0327mas\u0131n\u0131 da kac\u0327\u0131racak.<\/p>\n","protected":false},"excerpt":{"rendered":"<p>UEFA Avrupa Ligi\u2019ndeki Alkmaar ve Midtjylland kars\u0327\u0131las\u0327malar\u0131nda kadrosunu yaln\u0131z b\u0131rakt\u0131. Su\u0308per Lig\u2019deki Sivasspor ve Go\u0308ztepe imtihanlar\u0131nda da kulu\u0308bede oturamad\u0131. Son olarak du\u0308nyaca u\u0308nlu\u0308 c\u0327al\u0131s\u0327t\u0131r\u0131c\u0131ya 2 mac\u0327l\u0131k yeni bir fatura kesildi.<\/p>\n","protected":false},"author":1,"featured_media":49362,"comment_status":"open","ping_status":"open","sticky":false,"template":"","format":"standard","meta":{"footnotes":""},"categories":[30],"tags":[1298,343],"class_list":["post-49361","post","type-post","status-publish","format-standard","has-post-thumbnail","hentry","category-spor","tag-mourinho","tag-takim"],"_links":{"self":[{"href":"https:\/\/ikimisli.tr\/index.php\/wp-json\/wp\/v2\/posts\/49361","targetHints":{"allow":["GET"]}}],"collection":[{"href":"https:\/\/ikimisli.tr\/index.php\/wp-json\/wp\/v2\/posts"}],"about":[{"href":"https:\/\/ikimisli.tr\/index.php\/wp-json\/wp\/v2\/types\/post"}],"author":[{"embeddable":true,"href":"https:\/\/ikimisli.tr\/index.php\/wp-json\/wp\/v2\/users\/1"}],"replies":[{"embeddable":true,"href":"https:\/\/ikimisli.tr\/index.php\/wp-json\/wp\/v2\/comments?post=49361"}],"version-history":[{"count":1,"href":"https:\/\/ikimisli.tr\/index.php\/wp-json\/wp\/v2\/posts\/49361\/revisions"}],"predecessor-version":[{"id":49363,"href":"https:\/\/ikimisli.tr\/index.php\/wp-json\/wp\/v2\/posts\/49361\/revisions\/49363"}],"wp:featuredmedia":[{"embeddable":true,"href":"https:\/\/ikimisli.tr\/index.php\/wp-json\/wp\/v2\/media\/49362"}],"wp:attachment":[{"href":"https:\/\/ikimisli.tr\/index.php\/wp-json\/wp\/v2\/media?parent=49361"}],"wp:term":[{"taxonomy":"category","embeddable":true,"href":"https:\/\/ikimisli.tr\/index.php\/wp-json\/wp\/v2\/categories?post=49361"},{"taxonomy":"post_tag","embeddable":true,"href":"https:\/\/ikimisli.tr\/index.php\/wp-json\/wp\/v2\/tags?post=49361"}],"curies":[{"name":"wp","href":"https:\/\/api.w.org\/{rel}","templated":true}]}}