{"id":49374,"date":"2025-06-21T20:48:09","date_gmt":"2025-06-21T20:48:09","guid":{"rendered":"https:\/\/ikimisli.tr\/?p=49374"},"modified":"2025-06-21T20:48:09","modified_gmt":"2025-06-21T20:48:09","slug":"4-yasindaki-nazlidan-hala-haber-yok","status":"publish","type":"post","link":"https:\/\/ikimisli.tr\/index.php\/2025\/06\/21\/4-yasindaki-nazlidan-hala-haber-yok\/","title":{"rendered":"4 ya\u015f\u0131ndaki Nazl\u0131&#8217;dan hala haber yok!"},"content":{"rendered":"<p>Denizli&#8217;nin Honaz il\u00e7esinde, \u0130smail ve G\u00fclizar \u015ee\u015fen \u00e7iftinin tek \u00e7ocu\u011fu olan Nazl\u0131 \u015ee\u015fen, \u00f6\u011fle saatlerinde kayboldu. Ailesi, k\u0131zlar\u0131n\u0131 bulamay\u0131nca durumu yetkililere bildirdi. Yap\u0131lan ara\u015ft\u0131rmalar sonucunda, Nazl\u0131 \u015ee\u015fen\u2019in son olarak meskenlerinin \u00f6n\u00fcndeki demiryolunda y\u00fcr\u00fcrken g\u00fcvenlik kameras\u0131na yans\u0131d\u0131\u011f\u0131 belirlendi.<\/p>\n<p><b>DEREYE D\u00dc\u015eME \u0130HT\u0130MAL\u0130 DE\u011eERLEND\u0130R\u0130L\u0130YOR<\/b><\/p>\n<p>Kameralarda, Nazl\u0131&#8217;n\u0131n demiryolu \u00fczerinde y\u00fcr\u00fcd\u00fc\u011f\u00fc, akabinde Aksu deresinin \u00fczerindeki k\u00f6pr\u00fcye hakikat y\u00f6neldi\u011fi g\u00f6r\u00fcl\u00fcyor. Bu durum, k\u00fc\u00e7\u00fck k\u0131z\u0131n dereye d\u00fc\u015fm\u00fc\u015f olabilece\u011fi ihtimalini do\u011furdu.<\/p>\n<p>Bunun \u00fczerine, Denizli B\u00fcy\u00fck\u015fehir Belediyesi \u0130tfaiye Daire Ba\u015fkanl\u0131\u011f\u0131&#8217;na ba\u011fl\u0131 bal\u0131k adamlar, Aksu Deresi&#8217;nde arama \u00e7al\u0131\u015fmas\u0131 ba\u015flatt\u0131. Arama s\u0131ras\u0131nda, Nazl\u0131 \u015ee\u015fen&#8217;e ili\u015fkin bir terlik dere kenar\u0131nda bulundu. Derenin debisinin y\u00fcksek olmas\u0131 nedeniyle, Aksu Deresi&#8217;ni besleyen Akba\u015f Baraj\u0131&#8217;n\u0131n kapaklar\u0131 kapat\u0131ld\u0131.\u00a0<\/p>\n<p><img decoding=\"async\" src=\"https:\/\/ikimisli.tr\/wp-content\/uploads\/2025\/06\/4-yasindaki-nazlidan-hala-haber-yok-0-h9dPeGOf.jpg\"\/><\/p>\n<p>Arama \u00e7al\u0131\u015fmalar\u0131na Vilayet Jandarma Komutanl\u0131\u011f\u0131&#8217;n\u0131n Asayi\u015f Komanda Timi, Honaz \u0130l\u00e7e Jandarma Karakolu tak\u0131mlar\u0131 ve jandarma arama k\u00f6pe\u011fi de kat\u0131ld\u0131. Ayr\u0131yeten, \u00e7ok say\u0131da vatanda\u015f da arama \u00e7al\u0131\u015fmalar\u0131na dayanak verdi. Arama faaliyetlerinin gece ge\u00e7 saatlere kadar devam edece\u011fi \u00f6\u011frenildi.<\/p>\n","protected":false},"excerpt":{"rendered":"<p>Denizli&#8217;nin Honaz il\u00e7esinde, 4 ya\u015f\u0131ndaki Nazl\u0131 \u015ee\u015fen, meskeninin \u00f6n\u00fcnde oynarken kayboldu. K\u00fc\u00e7\u00fck k\u0131z\u0131n bulunmas\u0131 i\u00e7in ba\u015flat\u0131lan arama \u00e7al\u0131\u015fmalar\u0131na, jandarma, AFAD ve itfaiye tak\u0131mlar\u0131 kat\u0131ld\u0131.<\/p>\n","protected":false},"author":1,"featured_media":49375,"comment_status":"open","ping_status":"open","sticky":false,"template":"","format":"standard","meta":{"footnotes":""},"categories":[25],"tags":[304,4486],"class_list":["post-49374","post","type-post","status-publish","format-standard","has-post-thumbnail","hentry","category-gundem","tag-arama","tag-dere"],"_links":{"self":[{"href":"https:\/\/ikimisli.tr\/index.php\/wp-json\/wp\/v2\/posts\/49374","targetHints":{"allow":["GET"]}}],"collection":[{"href":"https:\/\/ikimisli.tr\/index.php\/wp-json\/wp\/v2\/posts"}],"about":[{"href":"https:\/\/ikimisli.tr\/index.php\/wp-json\/wp\/v2\/types\/post"}],"author":[{"embeddable":true,"href":"https:\/\/ikimisli.tr\/index.php\/wp-json\/wp\/v2\/users\/1"}],"replies":[{"embeddable":true,"href":"https:\/\/ikimisli.tr\/index.php\/wp-json\/wp\/v2\/comments?post=49374"}],"version-history":[{"count":1,"href":"https:\/\/ikimisli.tr\/index.php\/wp-json\/wp\/v2\/posts\/49374\/revisions"}],"predecessor-version":[{"id":49377,"href":"https:\/\/ikimisli.tr\/index.php\/wp-json\/wp\/v2\/posts\/49374\/revisions\/49377"}],"wp:featuredmedia":[{"embeddable":true,"href":"https:\/\/ikimisli.tr\/index.php\/wp-json\/wp\/v2\/media\/49375"}],"wp:attachment":[{"href":"https:\/\/ikimisli.tr\/index.php\/wp-json\/wp\/v2\/media?parent=49374"}],"wp:term":[{"taxonomy":"category","embeddable":true,"href":"https:\/\/ikimisli.tr\/index.php\/wp-json\/wp\/v2\/categories?post=49374"},{"taxonomy":"post_tag","embeddable":true,"href":"https:\/\/ikimisli.tr\/index.php\/wp-json\/wp\/v2\/tags?post=49374"}],"curies":[{"name":"wp","href":"https:\/\/api.w.org\/{rel}","templated":true}]}}