{"id":49451,"date":"2025-06-22T01:12:05","date_gmt":"2025-06-22T01:12:05","guid":{"rendered":"https:\/\/ikimisli.tr\/?p=49451"},"modified":"2025-06-22T01:12:05","modified_gmt":"2025-06-22T01:12:05","slug":"gozler-merkezin-faiz-kararinda-yine-nas-mi-diyecek","status":"publish","type":"post","link":"https:\/\/ikimisli.tr\/index.php\/2025\/06\/22\/gozler-merkezin-faiz-kararinda-yine-nas-mi-diyecek\/","title":{"rendered":"G\u00f6zler Merkez&#8217;in faiz karar\u0131nda: Yine &#8216;nas&#8217; m\u0131 diyecek?"},"content":{"rendered":"<p>K\u00fcresel piyasalar ge\u00e7en hafta, ABD Ba\u015fkan\u0131 Donald Trump&#8217;\u0131n politikalar\u0131 ve makroekonomik bilgilerden al\u0131nan sinyallerle kar\u0131\u015f\u0131k bir seyir izledi. Yeni haftada ABD&#8217;de a\u00e7\u0131klanacak tar\u0131m d\u0131\u015f\u0131 istihdam ve Avrupa Merkez Bankas\u0131n\u0131n (ECB) faiz karar\u0131 yat\u0131r\u0131mc\u0131lar\u0131n oda\u011f\u0131na yerle\u015firken yurt i\u00e7inde g\u00f6zler T\u00fcrkiye Cumhuriyet Merkez Bankas\u0131n\u0131n (TCMB) para siyaseti kararlar\u0131na \u00e7evrildi.<\/p>\n<p>D\u00fcnya genelinde enflasyon-resesyon ikilemi devam ederken, Trump&#8217;\u0131n muhafazac\u0131 siyasetlerinin global ticareti aksatabilece\u011fine ait kayg\u0131lar\u0131n yan\u0131 s\u0131ra jeopolitik risklerin de artmaya ba\u015flamas\u0131 fiyatlamalar\u0131 zorla\u015ft\u0131rd\u0131.<\/p>\n<p>Trump&#8217;\u0131n &#8220;\u00d6nce Amerika&#8221; siyaseti \u00e7er\u00e7evesinde, ABD&#8217;nin yak\u0131n ticari m\u00fcnasebetler i\u00e7inde bulundu\u011fu \u00fclkelere y\u00f6nelik uygulad\u0131\u011f\u0131 tarifelerin, \u00fclkede enflasyonist bask\u0131lar\u0131 art\u0131rabilece\u011fi ve bu durumun ABD Merkez Bankas\u0131n\u0131n (Fed) siyaset alan\u0131n\u0131 daraltabilece\u011fi konusunda tela\u015flar\u0131 g\u00fc\u00e7lendirdi.<\/p>\n<p>Truth Social hesab\u0131ndan ge\u00e7en hafta a\u00e7\u0131klama yapan Trump, Meksika ve Kanada&#8217;dan ABD&#8217;ye uyu\u015fturucu ak\u0131\u015f\u0131n\u0131n devam etti\u011fini belirterek bu \u00fclkelere uygulanacak tarifelerin 4 Mart&#8217;ta planland\u0131\u011f\u0131 \u00fczere y\u00fcr\u00fcrl\u00fc\u011fe girece\u011fini bildirdi. Trump, a\u00e7\u0131klamada \u00c7in&#8217;e de ek bir tarifenin gelece\u011fini belirterek &#8220;Ayn\u0131 bi\u00e7imde \u00c7in&#8217;e de bu tarihte y\u00fczde 10&#8217;luk ek bir tarife uygulanacak. Kar\u015f\u0131l\u0131kl\u0131 tarife i\u00e7in 2 Nisan tarihi ge\u00e7erli olmaya devam edecek.&#8221; s\u00f6zlerini kulland\u0131.<\/p>\n<p>Analistler, Trump&#8217;\u0131n tarife planlar\u0131n\u0131n, enflasyonla gayrette k\u0131ymetli kazan\u0131mlar elde eden Fed&#8217;in siyasetleriyle \u00e7eli\u015febilece\u011fine y\u00f6nelik tela\u015flar\u0131n risk alg\u0131s\u0131n\u0131 art\u0131rd\u0131\u011f\u0131na dikkati \u00e7ekerek yeni haftada yat\u0131r\u0131mc\u0131lar\u0131n ABD&#8217;de a\u00e7\u0131klanacak tar\u0131m d\u0131\u015f\u0131 istihdam verisi ve Fed&#8217;in &#8220;Bej Kitap&#8221; raporu ba\u015fta olmak \u00fczere, a\u011f\u0131r data g\u00fcndemine odakland\u0131\u011f\u0131n\u0131 belirtti.<\/p>\n<p>Para piyasalar\u0131ndaki fiyatlamalarda Fed&#8217;in haziran ay\u0131nda y\u00fczde 92 ihtimalle siyaset faizini 25 baz puan indirece\u011fi iddia edilirken bankan\u0131n y\u0131l genelinde toplamda iki faiz indirimi yapaca\u011f\u0131 fiyatlan\u0131yor.<\/p>\n<p>ABD Ba\u015fkan\u0131 Donald Trump ile Ukrayna Devlet Lideri Volodimir Zelenskiy ortas\u0131ndaki gergin ge\u00e7en d\u00fcnk\u00fc Oval Ofis g\u00f6r\u00fc\u015fmesinin akabinde yap\u0131lmas\u0131 planlanan ortak bas\u0131n toplant\u0131s\u0131 iptal edilirken az toprak elementleri muahedesi da imzalanmad\u0131. Trump, Zelenskiy&#8217;ye &#8220;Ya bu muahedeyi imzalars\u0131n\u0131z ya da biz yokuz. 3. D\u00fcnya Sava\u015f\u0131 ile kumar oynuyorsun.&#8221; dedi.<\/p>\n<p>Trump, yapt\u0131\u011f\u0131 a\u00e7\u0131klamada, Zelenskiy&#8217;nin bar\u0131\u015fa \u015fimdi haz\u0131r olmad\u0131\u011f\u0131n\u0131 ve ABD&#8217;nin Oval Ofisi&#8217;ne sayg\u0131s\u0131zl\u0131k etti\u011fini belirtti.<\/p>\n<p>ABD Hazine Bakan\u0131 Scott Bessent de &#8220;Bar\u0131\u015f muahedesi yapmak istemeyen bir ba\u015fkanla ekonomik bir muahede yapmak \u00e7ok s\u0131k\u0131nt\u0131.&#8221; s\u00f6z\u00fcn\u00fc kullan\u0131rken Zelenskiy ile m\u00fczakerelere devam edilip edilmeyece\u011finin, Trump&#8217;a ba\u011fl\u0131 olaca\u011f\u0131n\u0131 kaydetti.<\/p>\n<p>\u00d6te yandan, ge\u00e7en haftan\u0131n \u00f6ne \u00e7\u0131kan geli\u015fmeleri ortas\u0131nda Trump&#8217;\u0131n AB&#8217;ye y\u00f6nelik tarife a\u00e7\u0131klamalar\u0131 da yer ald\u0131. Beyaz Saray&#8217;da d\u00fczenledi\u011fi birinci kabine toplant\u0131s\u0131nda Trump, Avrupa Birli\u011fi&#8217;ne (AB) y\u00f6nelik g\u00fcmr\u00fck vergilerini yak\u0131nda a\u00e7\u0131klayacaklar\u0131n\u0131 belirterek y\u00fczde 25 tarife uygulamaya karar verdiklerini bildirdi.<\/p>\n<p>AB&#8217;ye y\u00f6nelik g\u00fcmr\u00fck vergilerinin hangi d\u00fczeyde uygulanaca\u011f\u0131na dair soru \u00fczerine Trump, &#8220;Bir karar verdik, \u00e7ok yak\u0131nda a\u00e7\u0131klayaca\u011f\u0131z ve genel manada y\u00fczde 25 olacak. Bu, arabalar ve \u00f6teki \u015feylere uygulanacak. Avrupa Birli\u011fi, ABD&#8217;yi mahvetmek i\u00e7in kuruldu lakin art\u0131k ben liderim.&#8221; dedi.<\/p>\n<p>Trump, Ticaret Bakanl\u0131\u011f\u0131na bak\u0131r ithalat\u0131na y\u00f6nelik muhtemel g\u00fcmr\u00fck vergilerini ara\u015ft\u0131rma talimat\u0131 veren bir kararname imzalad\u0131. Trump, daha sonra Truth Social hesab\u0131ndan yapt\u0131\u011f\u0131 a\u00e7\u0131klamada da &#8220;Bak\u0131r sanayimizi yine in\u015fa etmek i\u00e7in Ticaret Bakan\u0131mdan ve ABD Ticaret Temsilcili\u011finden (USTR) bak\u0131r ithalat\u0131n\u0131 incelemelerini ve Amerikal\u0131lar\u0131 i\u015fsiz b\u0131rakan haks\u0131z ticareti sona erdirmelerini talep ettim.&#8221; tabirlerini kulland\u0131.<\/p>\n<p>Bu ortada, Milletleraras\u0131 Para Fonu (IMF) Ba\u015fkan\u0131 Kristalina Georgieva, ekonomi siyasetlerine ait belirsizli\u011fin y\u00fcksek oldu\u011funu belirterek, b\u00fcy\u00fcmenin sa\u011flanabilmesi i\u00e7in makroekonomik ve finansal istikrar\u0131n korunmas\u0131, bu do\u011frultuda k\u0131sa vadeli risklerin denetim alt\u0131na al\u0131nmas\u0131, mali tamponlar\u0131n yine in\u015fa edilmesi ve b\u00fcy\u00fcme beklentilerinin art\u0131r\u0131lmas\u0131 gerekti\u011fini s\u00f6z etti.<\/p>\n<p>Fed yetkilerinin kelamla y\u00f6nlendirmeleri de takip edilirken Cleveland Fed Ba\u015fkan\u0131 Beth Hammack, yapt\u0131\u011f\u0131 konu\u015fmada enflasyonun orta vadede kademeli olarak y\u00fczde 2&#8217;ye d\u00fc\u015fece\u011fini beklemek i\u00e7in yeterli nedenler olsa da bunun kat\u0131l\u0131ktan uzak oldu\u011fu belirterek &#8220;Enflasyon g\u00f6r\u00fcn\u00fcm\u00fcne y\u00f6nelik \u00fcst istikametli riskler var.&#8221; dedi.<\/p>\n<p>Kansas City Fed Ba\u015fkan\u0131 Jeff Schmid ise enflasyon beklentilerine ait anket \u00f6l\u00e7\u00fcmlerinin kusurlu oldu\u011funu lakin enflasyon son 40 y\u0131l\u0131n en y\u00fcksek d\u00fczeyine ula\u015fm\u0131\u015fken Fed&#8217;in gard\u0131n\u0131 d\u00fc\u015f\u00fcrmesinin vakti olmad\u0131\u011f\u0131n\u0131 belirtti.<\/p>\n<p>Schmid, enflasyona y\u00f6nelik risklerin \u00fcst tarafl\u0131 g\u00f6r\u00fcnd\u00fc\u011f\u00fcn\u00fc, artan belirsizli\u011fin b\u00fcy\u00fcme \u00fczerinde bask\u0131 yaratabilece\u011fini tabir etti.<\/p>\n<p>Philadelphia Fed Ba\u015fkan\u0131 Patrick Harker da siyaset faizinin, iktisad\u0131n geri kalan\u0131n\u0131 olumsuz etkilemeden, uzun vadede enflasyon \u00fczerinde a\u015fa\u011f\u0131 istikametli bask\u0131 olu\u015fturmaya devam edecek kadar k\u0131s\u0131tlay\u0131c\u0131 olmay\u0131 s\u00fcrd\u00fcrd\u00fc\u011f\u00fcn\u00fc s\u00f6yledi.<\/p>\n<p>Makroekonomik bilgi taraf\u0131nda, ABD&#8217;de \u015fahs\u00ee t\u00fcketim harcamalar\u0131, ocakta art\u0131\u015f beklentilerinin bilakis ayl\u0131k y\u00fczde 0,2 azald\u0131. \u00dclkede ferd\u00ee gelirler ise ocakta bir evvelki aya k\u0131yasla y\u00fczde 0,9 ile beklentilerin \u00fczerinde artt\u0131.<\/p>\n<p>Fed&#8217;in enflasyon konusunda dikkatle izledi\u011fi, besin ve g\u00fc\u00e7 kalemlerinin hesaplama d\u0131\u015f\u0131 tutuldu\u011fu \u00e7ekirdek ferd\u00ee t\u00fcketim harcamalar\u0131 fiyat endeksi, ge\u00e7en ay ayl\u0131k bazda y\u00fczde 0,3 ve y\u0131ll\u0131k bazda y\u00fczde 2,6 ile beklentilere paralel art\u0131\u015f g\u00f6sterdi.<\/p>\n<p>Bununla birlikte, ABD iktisad\u0131, 2024&#8217;\u00fcn d\u00f6rd\u00fcnc\u00fc \u00e7eyre\u011finde y\u00fczde 2,3 ile varsay\u0131mlara paralel b\u00fcy\u00fcd\u00fc.<\/p>\n<p>New York Fed T\u00fcketici \u0130timat Endeksi, \u015fubatta ayl\u0131k 7 puan azal\u0131\u015fla 98,3&#8217;e inerek beklentilerden fazla geriledi.<\/p>\n<p>S\u00f6z konusu geli\u015fmeler tahvil talebinin g\u00fc\u00e7lenmesine neden olurken, ge\u00e7en hafta ABD&#8217;nin 10 y\u0131ll\u0131k tahvil faizi 15 baz puan azal\u0131\u015fla y\u00fczde 4,27&#8217;ye inerek, 11 Aral\u0131k&#8217;tan bu yana en d\u00fc\u015f\u00fck d\u00fczeyine geriledi. Dolar endeksi ise haftal\u0131k bazda y\u00fczde 0,91 art\u0131\u015fla 107,6&#8217;ya \u00e7\u0131kt\u0131.<\/p>\n<p>K\u00fcresel belirsizliklerin yat\u0131r\u0131mc\u0131lar\u0131n inan\u00e7l\u0131 liman varl\u0131k talebinin art\u0131rmas\u0131yla \u00fcst \u00fcste rekor k\u0131ran alt\u0131n\u0131n ons fiyat\u0131n\u0131n, 8 haftal\u0131k y\u00fckseli\u015fi sona erdi. Ge\u00e7en hafta rekor d\u00fczeyleri g\u00f6ren alt\u0131n\u0131n ons fiyat\u0131, haftal\u0131k bazda y\u00fczde 2,94 azal\u0131\u015fla 2 bin 849 dolardan al\u0131c\u0131 buldu.<\/p>\n<p>Brent petrol\u00fcn varil fiyat\u0131 da y\u00fczde 1,27 d\u00fc\u015f\u00fc\u015fle 73 dolara geriledi.<\/p>\n<p><b>NEW YORK BORSALARININ BA\u015eI KARI\u015eIK<\/b><\/p>\n<p>Kurumsal tarafta ge\u00e7en hafta, bilan\u00e7osunu a\u00e7\u0131klayan \u00e7ip \u00fcreticisi Nvidia&#8217;n\u0131n geliri, 3 ayl\u0131k devirde y\u0131ll\u0131k bazda y\u00fczde 78 art\u0131\u015fla 39,3 milyar dolara ula\u015ft\u0131 ve piyasa beklentilerini geride b\u0131rakt\u0131. Gelirini bir evvelki \u00e7eyre\u011fe nazaran de y\u00fczde 12 art\u0131ran Nvidia, ge\u00e7en y\u0131l\u0131n t\u0131pk\u0131 periyodunda 22,1 milyar dolar gelir elde etmi\u015fti.<\/p>\n<p>Nvidia paylar\u0131, yat\u0131r\u0131mc\u0131lar\u0131n bilan\u00e7oya dair y\u00fcksek beklentilerinin kar\u015f\u0131lanamamas\u0131n\u0131n tesiriyle haftal\u0131k bazda y\u00fczde 7,07 geriledi.<\/p>\n<p>Avrupa sat\u0131\u015flar\u0131nda keskin bir d\u00fc\u015f\u00fc\u015f ya\u015fayan Tesla&#8217;n\u0131n paylar\u0131 de haftal\u0131k bazda y\u00fczde 13,3 k\u0131ymet kaybetti.<\/p>\n<p>Bu geli\u015fmelerle haftal\u0131k bazda S&#038;P 500 endeksi y\u00fczde 0,98 ve Nasdaq endeksi y\u00fczde 3,38 paha kaybederken, Dow Jones endeksi y\u00fczde 0,95 y\u00fckseldi.<\/p>\n<p>Yeni haftada pazartesi g\u00fcn\u00fc S&#038;P K\u00fcresel imalat b\u00f6l\u00fcm\u00fc Sat\u0131nalma Y\u00f6neticileri Endeksi (PMI), in\u015faat harcamalar\u0131, ISM imalat b\u00f6l\u00fcm\u00fc PMI, \u00e7ar\u015famba ADP istihdam raporu, Fed&#8217;in &#8220;Bej Kitap&#8221; raporu, sa\u011flam mal sipari\u015fleri, fabrika sipari\u015fleri, per\u015fembe haftal\u0131k i\u015fsizlik maa\u015f\u0131 m\u00fcracaatlar\u0131, d\u0131\u015f ticaret istikrar\u0131, cuma tar\u0131m d\u0131\u015f\u0131 istihdam ve i\u015fsizlik oran\u0131 takip edilecek.<\/p>\n<p><b>AVRUPA BORSALARI OLUMLU: FRANSA NEGAT\u0130F<\/b><\/p>\n<p>Avrupa borsalar\u0131nda ge\u00e7en hafta Fransa hari\u00e7 olumlu seyir izlenirken Trump&#8217;\u0131n tarifelere y\u00f6nelik a\u00e7\u0131klamalar\u0131 ve Rusya ile Ukrayna ortas\u0131ndaki sava\u015f\u0131n sona erdirilmesine y\u00f6nelik g\u00f6r\u00fc\u015fmeler takip ediliyor.<\/p>\n<p>Gelecek hafta ECB&#8217;nin faiz karar\u0131 ve ECB Ba\u015fkan\u0131 Christine Lagarde&#8217;\u0131n yapaca\u011f\u0131 a\u00e7\u0131klamalar\u0131n yan\u0131 s\u0131ra Avro B\u00f6lgesi&#8217;nde a\u00e7\u0131klanacak b\u00fcy\u00fcme bilgileri yat\u0131r\u0131mc\u0131lar\u0131n oda\u011f\u0131nda bulunuyor.<\/p>\n<p>AB&#8217;nin en b\u00fcy\u00fck iktisad\u0131 olan Almanya&#8217;da zay\u0131flayan imalat sanayi aktivitesinin ABD&#8217;nin ataca\u011f\u0131n\u0131 tabir etti\u011fi tarife ad\u0131mlar\u0131ndan nas\u0131l etkilenece\u011fine y\u00f6nelik belirsizlikler k\u0131ymetli risklerden olmay\u0131 s\u00fcrd\u00fcr\u00fcyor.<\/p>\n<p>\u00d6te yandan, AB Kurulu S\u00f6zc\u00fcs\u00fc Olof Gill, AB&#8217;nin ABD&#8217;nin uygulamaya haz\u0131rland\u0131\u011f\u0131 ek g\u00fcmr\u00fck tarifesine kararl\u0131 ve s\u00fcratli bi\u00e7imde kar\u015f\u0131l\u0131k verilece\u011fini bildirdi. AB&#8217;nin \u00f6zg\u00fcr ve adil ticarete y\u00f6nelik haks\u0131z mahzurlara kar\u015f\u0131 kararl\u0131 ve s\u00fcratli reaksiyon verece\u011fini s\u00f6yleyen Gill, Avrupa&#8217;daki t\u00fcketicileri ve i\u015fletmeleri koruyacaklar\u0131n\u0131 vurgulad\u0131.<\/p>\n<p>Gill, AB&#8217;nin ABD&#8217;ye kar\u015f\u0131 olmad\u0131\u011f\u0131n\u0131, birlikte \u00e7al\u0131\u015fmak istedi\u011fini belirterek, &#8220;Biz diyalog, a\u00e7\u0131kl\u0131k ve m\u00fctekabiliyetten yanay\u0131z. Kurallara uyman\u0131z \u015fart\u0131yla sizinle payda\u015fl\u0131k kurmaya haz\u0131r\u0131z.&#8221; dedi.<\/p>\n<p>\u0130spanya Ba\u015fbakan\u0131 Pedro Sanchez ise yapt\u0131\u011f\u0131 a\u00e7\u0131klamada &#8220;Bu meydan okumaya kar\u015f\u0131 AB olarak orant\u0131l\u0131 tedbirler alaca\u011f\u0131z. Bunu, etkilenen t\u00fcm b\u00f6l\u00fcmlere \u00f6zel yard\u0131m sa\u011flayarak yapaca\u011f\u0131z.&#8221; tabirlerini kulland\u0131.<\/p>\n<p>Bu geli\u015fmelerin yan\u0131 s\u0131ra, ECB Aral\u0131k 2024 para siyaseti toplant\u0131 tutanaklar\u0131, banka idare kurulu \u00fcyelerinin enflasyon konusunda hala kimi tela\u015flar ta\u015f\u0131d\u0131klar\u0131n\u0131 ve bu durumun daha fazla siyaset gev\u015femesi sinyali verme konusunda temkinli olunmas\u0131n\u0131 gerektirdi\u011fini belirttiklerini ortaya koydu.<\/p>\n<p>ECB&#8217;nin tutanaklar\u0131nda, ekonomik faaliyetlere ait g\u00f6r\u00fcn\u00fcm\u00fcn jeopolitik gerginlikler, Avro B\u00f6lgesi&#8217;ndeki maliye siyaseti tasalar\u0131 ve son devirde Trump&#8217;\u0131n siyasetleriyle kontakl\u0131 global ticarette ya\u015fanan s\u00fcrt\u00fc\u015fmelerden kaynaklanan y\u00fcksek belirsizlik nedeniyle &#8220;bulan\u0131k&#8221; oldu\u011fu tabir edildi.<\/p>\n<p>Makroekonomik bilgi taraf\u0131nda, Almanya&#8217;da ocakta y\u00fczde 2,3 olan y\u0131ll\u0131k enflasyon, g\u00fc\u00e7 fiyatlar\u0131ndaki d\u00fc\u015f\u00fc\u015f\u00fcn tesiriyle \u015fubatta de\u011fi\u015fmedi.<\/p>\n<p>\u00dclkede mevsimsellikten ar\u0131nd\u0131r\u0131lm\u0131\u015f i\u015fsiz say\u0131s\u0131 da \u015fubatta ocak ay\u0131na nazaran 5 bin ki\u015fi artarak 2,89 milyon oldu. Beklenti, i\u015fsiz say\u0131s\u0131n\u0131n \u015fubatta 15 bin artmas\u0131 taraf\u0131ndayd\u0131.<\/p>\n<p>Avro B\u00f6lgesi&#8217;nde, y\u0131ll\u0131k bazda Aral\u0131k 2024&#8217;te y\u00fczde 1,7 b\u00fcy\u00fcyen \u015firket kredileri, ocak ay\u0131nda y\u00fczde 2 art\u0131\u015f kaydetti.<\/p>\n<p>S\u00f6z konusu geli\u015fmelerle haftal\u0131k bazda Almanya&#8217;da DAX 40 endeksi y\u00fczde 1,23, \u0130ngiltere&#8217;de FTSE 100 endeksi y\u00fczde 1,73 ve \u0130talya&#8217;da MIB 30 endeksi ise y\u00fczde 0,61 y\u00fckselirken, Fransa&#8217;da CAC 40 endeksi y\u00fczde 0,53 bedel kaybetti.<\/p>\n<p>Gelecek hafta pazartesi Avro B\u00f6lgesi ve Almanya&#8217;da Hamburg Ticaret Bankas\u0131 (HCOB) imalat b\u00f6l\u00fcm\u00fc PMI, Avro B\u00f6lgesi&#8217;nde iddias\u0131 T\u00fcketici Fiyat Endeksi (T\u00dcFE), sal\u0131 Avro B\u00f6lgesi&#8217;nde i\u015fsizlik oran\u0131, \u00e7ar\u015famba Avro B\u00f6lgesi&#8217;nde \u00dcretici Fiyat Endeksi (\u00dcFE), HCOB hizmet PMI, per\u015fembe ECB&#8217;nin faiz karar\u0131 ve ECB Ba\u015fkan\u0131 Lagarde&#8217;\u0131n konu\u015fmas\u0131, Avro B\u00f6lgesi&#8217;nde perakende sat\u0131\u015flar, cuma ECB Ba\u015fkan\u0131 Lagarde&#8217;\u0131n konu\u015fmas\u0131, Avro B\u00f6lgesi&#8217;nde b\u00fcy\u00fcme ve Almanya&#8217;da fabrika sipari\u015fleri takip edilecek.<\/p>\n<p><b>ASYA BORSALARI BU HAFTA SATI\u015eLA GE\u00c7T\u0130<\/b><\/p>\n<p>Asya taraf\u0131nda ise Trump&#8217;\u0131n \u00c7in&#8217;e kar\u015f\u0131 ek y\u00fczde 10 g\u00fcmr\u00fck vergisi getirilece\u011fini s\u00f6z etmesi sonras\u0131 b\u00f6lge endekslerindeki sat\u0131\u015f bask\u0131s\u0131 dikkati \u00e7ekti.<\/p>\n<p>G\u00fcney Kore Merkez Bankas\u0131 siyaset faizini 25 baz puan indirerek y\u00fczde 2,75 d\u00fczeyine \u00e7ekti.<\/p>\n<p>Bankadan yap\u0131lan a\u00e7\u0131klamada, hanehalk\u0131 borcunda devam eden yava\u015flamayla birlikte enflasyonun dengelendi\u011fi kaydedilerek, b\u00fcy\u00fcmede yava\u015flaman\u0131n beklendi\u011fi, bu nedenle faiz oran\u0131n\u0131 daha da d\u00fc\u015f\u00fcrmenin ve iktisat \u00fczerindeki a\u015fa\u011f\u0131 istikametli bask\u0131y\u0131 hafifletmenin uygun oldu\u011funa karar verildi\u011fi tabir edildi.<\/p>\n<p>Makroekonomik bilgilerde, Japonya&#8217;da \u015fubat ay\u0131na ait Tokyo T\u00fcketici Fiyat Endeksi (T\u00dcFE) y\u0131ll\u0131k bazda y\u00fczde 2,9 art\u0131\u015fla beklentilerin alt\u0131nda ger\u00e7ekle\u015fti. \u00dclkede ocak ay\u0131na ait sanayi \u00fcretimi ayl\u0131k y\u00fczde 1,1 azal\u0131\u015fla beklentilere paralel ger\u00e7ekle\u015firken, y\u0131ll\u0131k bazda y\u00fczde 2,6 art\u0131\u015fla varsay\u0131mlar\u0131n gerisinde kald\u0131.<\/p>\n<p>Bu geli\u015fmelerle ge\u00e7en hafta Hong Kong&#8217;da Hang Seng endeksi y\u00fczde 2,29, \u00c7in&#8217;de \u015eanghay Bile\u015fik endeksi y\u00fczde 1,72, G\u00fcney Kore&#8217;de Kospi endeksi y\u00fczde 4,59 ve Japonya&#8217;da Nikkei 225 endeksi de y\u00fczde 4,19 k\u0131ymet kaybetti.<\/p>\n<p>Gelecek hafta sal\u0131 Japonya&#8217;da i\u015fsizlik oran\u0131, \u00e7ar\u015famba \u00c7in&#8217;de Caixin hizmet PMI takip edilecek.<\/p>\n<p><b>PER\u015eEMBE G\u00dcN\u00dc MERKEZ BANKASI&#8217;NIN FA\u0130Z KARARI NE OLACAK?<\/b><\/p>\n<p>Cumhurba\u015fkan\u0131 Recep Tayyip Erdo\u011fan&#8217;\u0131n 2021 y\u0131l\u0131nda Hazine ve Maliye Bakanl\u0131\u011f\u0131 koltu\u011funda Nureddin Nebati otururken faiz indirimlerine ait, &#8220;D\u00f6viz kuru \u00fczerinden bize silah g\u00f6stermeye kalkt\u0131lar ancak ba\u015faramayacaklar bizim silah\u0131m\u0131z daha g\u00fc\u00e7l\u00fc, bizim silah\u0131m\u0131z Nas&#8221; telaffuzunda bulunmu\u015ftu. O periyotta daima faiz indirimine giden Merkez&#8217;in &#8216;nas&#8217; siyaseti Hazine ve Maliye Bakan\u0131 Mehmet \u015eim\u015fek\u2019in g\u00f6reve gelmesinin akabinde sert bir de\u011fi\u015fiklik ile y\u00fckselmeye ba\u015flad\u0131.<\/p>\n<p>Y\u00fczde 50&#8217;ye kadar y\u00fckselen siyaset faizi, son PPK toplant\u0131lar\u0131nda al\u0131nan kararlarla \u00fcst \u00fcste iki sefer 250&#8217;\u015fer puanl\u0131k indirime giderek y\u00fczde 45&#8217;e d\u00fc\u015ft\u00fc. Pekala 6 Mart 2025 Per\u015fembe g\u00fcn\u00fc yap\u0131lacak PPK toplant\u0131s\u0131nda Merkez Bankas\u0131 indirimlerine devam edecek mi?<\/p>\n<p>Borsa \u0130stanbul&#8217;da BIST 100 endeksi, haftay\u0131 y\u00fczde 0,59 k\u0131ymet kazanarak 9.658,72 puandan tamamlarken g\u00f6zler, yeni haftada TCMB&#8217;nin a\u00e7\u0131klayaca\u011f\u0131 faiz karar\u0131 ve enflasyon datalar\u0131na \u00e7evrildi.<\/p>\n<p><b>YIL SONUNDA FA\u0130Z NE KADAR OLACAK?<\/b><\/p>\n<p>AA Finans&#8217;\u0131n TCMB&#8217;nin 6 Mart Per\u015fembe g\u00fcn\u00fc yap\u0131lacak Para Politikas\u0131 Kurulu (PPK) toplant\u0131s\u0131na y\u00f6nelik beklenti anketi, 20 ekonomistin i\u015ftirakiyle sonu\u00e7land\u0131. Beklenti anketine kat\u0131lan ekonomistlerin tamam\u0131, siyaset faizinin 250 baz puan indirilerek y\u00fczde 42,5 d\u00fczeyine d\u00fc\u015f\u00fcr\u00fclece\u011fini \u00f6ng\u00f6r\u00fcyor. Ekonomistlerin y\u0131l sonu siyaset faizi beklentilerinin medyan\u0131 ise y\u00fczde 30 oldu.<\/p>\n<p>Ocak ay\u0131nda ger\u00e7ekle\u015ftirilen PPK toplant\u0131s\u0131nda, siyaset faizi 250 baz puan indirilerek y\u00fczde 47,50&#8217;den 45&#8217;e d\u00fc\u015f\u00fcr\u00fclm\u00fc\u015ft\u00fc.<\/p>\n<p><b>\u015eUBAT AYI ENFLASYON BEKLENT\u0130S\u0130<\/b><\/p>\n<p>Ayr\u0131ca, AA Finans&#8217;\u0131n T\u00fcrkiye \u0130statistik Kurumu (T\u00dc\u0130K) taraf\u0131ndan 3 Mart Pazartesi g\u00fcn\u00fc a\u00e7\u0131klanacak \u015fubat ay\u0131 enflasyon bilgilerine ait beklenti anketi de, 20 ekonomistin i\u015ftirakiyle sonuca ula\u015ft\u0131.<\/p>\n<p>Ankete kat\u0131lan ekonomistlerin \u015fubat ay\u0131 enflasyon beklentilerinin ortalamas\u0131 y\u00fczde 2,97 oldu. Ekonomistlerin \u015fubat ay\u0131 i\u00e7in enflasyon beklentileri y\u00fczde 2,30 ile y\u00fczde 3,40 aral\u0131\u011f\u0131nda yer ald\u0131.<\/p>\n<p>Ekonomistlerin \u015fubat ay\u0131 enflasyon beklentilerinin ortalamas\u0131na nazaran (y\u00fczde 2,97), bir evvelki ay y\u00fczde 42,12 olan y\u0131ll\u0131k enflasyonun y\u00fczde 40&#8217;a inece\u011fi \u00f6ng\u00f6r\u00fcl\u00fcyor. T\u00fcketici Fiyat Endeksi, ocakta y\u00fczde 5,03 art\u0131\u015f kaydetmi\u015fti.<\/p>\n<p><b>T\u00dcRK\u0130YE \u0130KT\u0130SADI Y\u00dcZDE 3,2 B\u00dcY\u00dcD\u00dc<\/b><\/p>\n<p>T\u00fcrkiye iktisad\u0131 ge\u00e7en y\u0131l y\u00fczde 3,2, 2024&#8217;\u00fcn son \u00e7eyre\u011finde de y\u00fczde 3 b\u00fcy\u00fcd\u00fc. Ki\u015fi ba\u015f\u0131na Gayri Safi Yurt i\u00e7i Has\u0131la (GSYH) k\u0131ymeti, 2024&#8217;te cari fiyatlarla 507 bin 615 lira (15 bin 463 dolar) olarak hesapland\u0131.<\/p>\n<p>\u00dcretim usul\u00fcne nazaran cari fiyatlarla GSYH, 2024&#8217;te bir evvelki y\u0131la nazaran y\u00fczde 63,5 artarak 43 trilyon 410 milyar 514 milyon lira olarak ger\u00e7ekle\u015fti.<\/p>\n<p>Bununla birlikte dolar\/TL, haftay\u0131 bir evvelki kapan\u0131\u015f\u0131n y\u00fczde 0,15 \u00fczerinde 36,5000&#8217;den kapatt\u0131.<\/p>\n<p>Yurt i\u00e7inde gelecek hafta pazartesi enflasyon, yurt i\u00e7i \u00dcFE, imalat b\u00f6l\u00fcm\u00fc PMI, bankac\u0131l\u0131k b\u00f6l\u00fcm\u00fc net kar\u0131, sal\u0131 ger\u00e7ek efektif d\u00f6viz kuru, per\u015fembe TCMB&#8217;nin faiz karar\u0131, cuma piyasa i\u015ftirak\u00e7ileri anketi, hazine nakit istikrar\u0131 datalar\u0131 takip edilecek.<\/p>\n","protected":false},"excerpt":{"rendered":"<p>Merkez Bankas\u0131 6 Mart Per\u015fembe g\u00fcn\u00fc y\u0131l\u0131n ikinci faiz karar\u0131n\u0131 a\u00e7\u0131klayacak. Pekala Merkez Bankas\u0131 faiz indirimine gidecek mi? \u0130\u015fte beklenti anketlerinin sonu\u00e7lar\u0131&#8230;<\/p>\n","protected":false},"author":1,"featured_media":49452,"comment_status":"open","ping_status":"open","sticky":false,"template":"","format":"standard","meta":{"footnotes":""},"categories":[24],"tags":[82,1306,1136,49,2444],"class_list":["post-49451","post","type-post","status-publish","format-standard","has-post-thumbnail","hentry","category-ekonomi","tag-abd","tag-beklenti","tag-ekonomi","tag-enflasyon","tag-yonelik"],"_links":{"self":[{"href":"https:\/\/ikimisli.tr\/index.php\/wp-json\/wp\/v2\/posts\/49451","targetHints":{"allow":["GET"]}}],"collection":[{"href":"https:\/\/ikimisli.tr\/index.php\/wp-json\/wp\/v2\/posts"}],"about":[{"href":"https:\/\/ikimisli.tr\/index.php\/wp-json\/wp\/v2\/types\/post"}],"author":[{"embeddable":true,"href":"https:\/\/ikimisli.tr\/index.php\/wp-json\/wp\/v2\/users\/1"}],"replies":[{"embeddable":true,"href":"https:\/\/ikimisli.tr\/index.php\/wp-json\/wp\/v2\/comments?post=49451"}],"version-history":[{"count":1,"href":"https:\/\/ikimisli.tr\/index.php\/wp-json\/wp\/v2\/posts\/49451\/revisions"}],"predecessor-version":[{"id":49453,"href":"https:\/\/ikimisli.tr\/index.php\/wp-json\/wp\/v2\/posts\/49451\/revisions\/49453"}],"wp:featuredmedia":[{"embeddable":true,"href":"https:\/\/ikimisli.tr\/index.php\/wp-json\/wp\/v2\/media\/49452"}],"wp:attachment":[{"href":"https:\/\/ikimisli.tr\/index.php\/wp-json\/wp\/v2\/media?parent=49451"}],"wp:term":[{"taxonomy":"category","embeddable":true,"href":"https:\/\/ikimisli.tr\/index.php\/wp-json\/wp\/v2\/categories?post=49451"},{"taxonomy":"post_tag","embeddable":true,"href":"https:\/\/ikimisli.tr\/index.php\/wp-json\/wp\/v2\/tags?post=49451"}],"curies":[{"name":"wp","href":"https:\/\/api.w.org\/{rel}","templated":true}]}}