{"id":49512,"date":"2025-06-22T04:48:08","date_gmt":"2025-06-22T04:48:08","guid":{"rendered":"https:\/\/ikimisli.tr\/?p=49512"},"modified":"2025-06-22T04:48:08","modified_gmt":"2025-06-22T04:48:08","slug":"galatasaraydan-tff-ve-tahkim-kuruluna-suc-duyurusu","status":"publish","type":"post","link":"https:\/\/ikimisli.tr\/index.php\/2025\/06\/22\/galatasaraydan-tff-ve-tahkim-kuruluna-suc-duyurusu\/","title":{"rendered":"Galatasaray&#8217;dan TFF ve Tahkim Kurulu&#8217;na su\u00e7 duyurusu"},"content":{"rendered":"<p>Galatasaray Hukuktan Sorumlu Y\u00f6netim Kurulu \u00dcyesi Can Natan, T\u00fcrkiye Futbol Federasyonu Ba\u015fkan\u0131 ve Tahmin Kurulu \u00fcyeleri i\u00e7in t\u00fczel s\u00fcre\u00e7 ba\u015flatacaklar\u0131n\u0131 a\u00e7\u0131klad\u0131.<\/p>\n<p>Jose Mourinho ve Okan Buruk&#8217;a verilen cezalar\u0131 hukuka muhalif olarak pahaland\u0131ran Natan \u015fu s\u00f6zleri kulland\u0131: &#8220;T\u00fcrk futbolunu, T\u00fcrk hakemini, T\u00fcrk insan\u0131n\u0131 a\u015fa\u011f\u0131layan Jose Mourinho\u2019nun yapt\u0131\u011f\u0131 t\u00fcm sayg\u0131s\u0131zl\u0131klara sorgusuz dayanak veren rakibimizin bu \u015fuursuz halinden biz kendi ismimize utan\u0131yoruz. Bu ya\u015fananlar bile yaln\u0131zca ve yaln\u0131zca kazanmak i\u00e7in hangi bedellerden vazge\u00e7meye haz\u0131r olduklar\u0131n\u0131 a\u00e7\u0131k bir bi\u00e7imde g\u00f6stermektedir.<\/p>\n<p>Kul\u00fcb\u00fcm\u00fcz, kamu g\u00fcc\u00fcn\u00fc elinde bulunduran ve vazifeye geldikleri g\u00fcnden beri keyfi ve hukuka muhalif uygulamalarda bulunan TFF Ba\u015fkan\u0131 ile te\u015fekk\u00fcl edi\u015f formu dahi hukuka ayk\u0131r\u0131 bulunan Tahkim Kurulu \u00fcyeleri hakk\u0131nda vazifesi berbata kullanma m\u00fcnasebeti ile c\u00fcr\u00fcm duyurusunda bulunacakt\u0131r.&#8221;<\/p>\n<p><b>&#8216;TAR\u0130H TEKERR\u00dcRDEN \u0130BARETT\u0130R&#8217;<\/b><\/p>\n<p>Taraftara da seslenen Can Natan &#8220;Galatasaray, son birka\u00e7 y\u0131ld\u0131r \u00fczerinde oynanan oyunlar\u0131 alandaki futboluyla, futbolcular\u0131n\u0131n, taraftar\u0131n\u0131n ve toplulu\u011funun g\u00fcc\u00fcyle bozarak \u015fampiyonluk \u00e7abas\u0131 vermektedir.<\/p>\n<p>Bu makus niyetli eforlar, Galatasaray\u2019\u0131n \u015fampiyonluk yolundaki azmini art\u0131rm\u0131\u015f ve \u015fampiyonluklar\u0131n\u0131 daha bedelli k\u0131lm\u0131\u015ft\u0131r.<\/p>\n<p>Tarihten ders almayanlara bir defa daha hat\u0131rlatal\u0131m. Tarih tekerr\u00fcrden ibarettir.<\/p>\n<p>Siz tarih olacaks\u0131n\u0131z. Galatasaray yine tarih yazacak!&#8221; tabirlerini kulland\u0131.<\/p>\n","protected":false},"excerpt":{"rendered":"<p>Galatasaray Hukuktan Sorumlu Y\u00f6netim Kurulu \u00dcyesi Can Natan, TFF Ba\u015fkan\u0131 ve Tahmin Kurulu \u00fcyeleri i\u00e7in hata duyurusunda bulunacaklar\u0131n\u0131 a\u00e7\u0131klad\u0131.<\/p>\n","protected":false},"author":1,"featured_media":49513,"comment_status":"open","ping_status":"open","sticky":false,"template":"","format":"standard","meta":{"footnotes":""},"categories":[30],"tags":[2459],"class_list":["post-49512","post","type-post","status-publish","format-standard","has-post-thumbnail","hentry","category-spor","tag-tarih"],"_links":{"self":[{"href":"https:\/\/ikimisli.tr\/index.php\/wp-json\/wp\/v2\/posts\/49512","targetHints":{"allow":["GET"]}}],"collection":[{"href":"https:\/\/ikimisli.tr\/index.php\/wp-json\/wp\/v2\/posts"}],"about":[{"href":"https:\/\/ikimisli.tr\/index.php\/wp-json\/wp\/v2\/types\/post"}],"author":[{"embeddable":true,"href":"https:\/\/ikimisli.tr\/index.php\/wp-json\/wp\/v2\/users\/1"}],"replies":[{"embeddable":true,"href":"https:\/\/ikimisli.tr\/index.php\/wp-json\/wp\/v2\/comments?post=49512"}],"version-history":[{"count":1,"href":"https:\/\/ikimisli.tr\/index.php\/wp-json\/wp\/v2\/posts\/49512\/revisions"}],"predecessor-version":[{"id":49514,"href":"https:\/\/ikimisli.tr\/index.php\/wp-json\/wp\/v2\/posts\/49512\/revisions\/49514"}],"wp:featuredmedia":[{"embeddable":true,"href":"https:\/\/ikimisli.tr\/index.php\/wp-json\/wp\/v2\/media\/49513"}],"wp:attachment":[{"href":"https:\/\/ikimisli.tr\/index.php\/wp-json\/wp\/v2\/media?parent=49512"}],"wp:term":[{"taxonomy":"category","embeddable":true,"href":"https:\/\/ikimisli.tr\/index.php\/wp-json\/wp\/v2\/categories?post=49512"},{"taxonomy":"post_tag","embeddable":true,"href":"https:\/\/ikimisli.tr\/index.php\/wp-json\/wp\/v2\/tags?post=49512"}],"curies":[{"name":"wp","href":"https:\/\/api.w.org\/{rel}","templated":true}]}}