{"id":4955,"date":"2025-01-19T06:47:59","date_gmt":"2025-01-19T06:47:59","guid":{"rendered":"https:\/\/ikimisli.tr\/?p=4955"},"modified":"2025-01-19T06:47:59","modified_gmt":"2025-01-19T06:47:59","slug":"chpli-gurerden-erdogana-fahis-fiyat-yaniti-en-yakininizdan-hesap-sorun","status":"publish","type":"post","link":"https:\/\/ikimisli.tr\/index.php\/2025\/01\/19\/chpli-gurerden-erdogana-fahis-fiyat-yaniti-en-yakininizdan-hesap-sorun\/","title":{"rendered":"CHP&#8217;li G\u00fcrer&#8217;den Erdo\u011fan&#8217;a fahi\u015f fiyat yan\u0131t\u0131: En yak\u0131n\u0131n\u0131zdan hesap sorun!"},"content":{"rendered":"<p>CHP Ni\u011fde Milletvekili \u00d6mer Fethi G\u00fcrer, \u00e7ift\u00e7iye verilen takviyenin g\u00fcbredeki art\u0131\u015fla birlikte \u015fimdi ellerine ge\u00e7meden eridi\u011fini s\u00f6yledi.<\/p>\n<p>Cumhurba\u015fkan\u0131 Recep Tayyip Erdo\u011fan&#8217;a seslenen G\u00fcrer, &#8220;2025 y\u0131l\u0131 Cumhurba\u015fkanl\u0131\u011f\u0131 y\u0131ll\u0131k program\u0131nda zira\u00ee \u00fcretimin desteklenmesi ismine \u00e7ift\u00e7ilerimize g\u00fcbre dayana\u011f\u0131 mebla\u011f\u0131 8 milyar 281 milyon lira olarak belirlenmi\u015ftir. \u00c7ifti ba\u015f\u0131na d\u00fc\u015fen g\u00fcbre dayana\u011f\u0131 3 bin 10 liraya y\u00fckselmi\u015ftir. Lakin bu say\u0131da daha \u00e7ift\u00e7inin cebine girmeden g\u00fcbre fiyatlar\u0131ndaki art\u0131\u015f nedeniyle \u00e7ift\u00e7iden geri al\u0131nm\u0131\u015ft\u0131r&#8221; tabirini kulland\u0131.<\/p>\n<p>CHP Ni\u011fde Milletvekili \u00d6mer Fethi G\u00fcrer, TBMM&#8217;de d\u00fczenledi\u011fi bas\u0131n toplant\u0131s\u0131nda artan g\u00fcbre fiyatlar\u0131 ve \u00e7ift\u00e7inin problemlerine ait de\u011ferlendirmelerde bulundu.<\/p>\n<p><strong>G\u00fcrer, konu\u015fmas\u0131nda \u015fu tabirlere yer verdi:<\/strong><\/p>\n<p>&#8220;G\u00fcbre, \u00fcretimde rand\u0131man demektir. G\u00fcbre yetersiz verilirse \u00fcretim d\u00fc\u015fer. T\u00fcrkiye topraklar\u0131 i\u00e7in g\u00fcbre vazge\u00e7ilmezdir. Lakin g\u00fcbre fiyatlar\u0131ndaki art\u0131\u015flar hem \u00fcreticiyi hem de t\u00fcketiciyi zorlamaktad\u0131r. Ge\u00e7ersiz g\u00fcbre de \u00e7ift\u00e7iye darbe vurmaktad\u0131r. G\u00fcbre fiyatlar\u0131 Aral\u0131k ay\u0131ndan beri ko\u015farak gidiyor. G\u00fcbreye verilen takviye, y\u0131ll\u0131k fiyat art\u0131\u015f\u0131n\u0131n yar\u0131s\u0131na bile ula\u015fmamaktad\u0131r. 2024 y\u0131l\u0131nda \u00e7ift\u00e7ilere verilen toplam g\u00fcbre dayana\u011f\u0131 Cumhurba\u015fkanl\u0131\u011f\u0131 b\u00fct\u00e7e m\u00fcnasebetinde 4 milyar 965 milyon lira olarak a\u00e7\u0131klanm\u0131\u015ft\u0131r. Bu takviyesi \u00e7ift\u00e7i say\u0131s\u0131na b\u00f6ld\u00fc\u011f\u00fcm\u00fczde \u00e7ift\u00e7i ba\u015f\u0131na bin 805 lira g\u00fcbre takviyesi d\u00fc\u015fmektedir. 2024 y\u0131l\u0131nda \u00e7ift\u00e7inin kulland\u0131\u011f\u0131 taban g\u00fcbrenin fiyat\u0131 ise bir y\u0131ll\u0131k art\u0131\u015flar 5 bin 800 lirad\u0131r.<\/p>\n<p>\u00dcre g\u00fcbresi en de\u011ferli \u00fcst g\u00fcbredir. 1 Ocak 2024 tarihinde tonu 12 bin 600 lirayken, y\u0131l sonunda 17 bin 500 liraya y\u00fckselmi\u015ftir. 2025 y\u0131l\u0131 Cumhurba\u015fkanl\u0131\u011f\u0131 y\u0131ll\u0131k program\u0131nda zira\u00ee \u00fcretimin desteklenmesi ismine \u00e7ift\u00e7ilerimize g\u00fcbre takviyesi fiyat\u0131 8 milyar 281 milyon lira olarak belirlenmi\u015ftir. \u00c7ifti ba\u015f\u0131na d\u00fc\u015fen g\u00fcbre dayana\u011f\u0131 3 bin 10 liraya y\u00fckselmi\u015ftir. Lakin bu say\u0131da daha \u00e7ift\u00e7inin cebine girmeden g\u00fcbre fiyatlar\u0131ndaki art\u0131\u015f nedeniyle \u00e7ift\u00e7iden geri al\u0131nm\u0131\u015ft\u0131r.\u00a0<\/p>\n<p><b>ERDO\u011eAN&#8217;LA YAKINLIKLARINA \u0130\u015eARET ETT\u0130, &#8216;HESAP SOR&#8217; DED\u0130<\/b><\/p>\n<p>Fahi\u015f fiyatlar\u0131n \u00fcreticiyi ve besiciyi g\u00fc\u00e7 durumda b\u0131rakt\u0131\u011f\u0131n\u0131 vurgulayan G\u00fcrer, Cumhurba\u015fkan\u0131\u2019n\u0131n fahi\u015f fiyatlara kar\u015f\u0131 boykot davetinin kula\u011fa be\u011fenilen geldi\u011fini lakin bu sorunun kayna\u011f\u0131na inilmesi gerekti\u011fini belirtti.<\/p>\n<p>G\u00fcrer, g\u00fcbre dal\u0131nda tesirli olan \u00fc\u00e7 b\u00fcy\u00fck \u015firketin fahi\u015f fiyat siyasetine dikkat \u00e7ekerek Eti G\u00fcbre\u2019nin sahibi Mehmet Cengiz, DAP G\u00fcbre\u2019nin sahibi Cengiz Holding, Y\u0131ld\u0131z G\u00fcbre\u2019nin sahibi Fehmi Y\u0131ld\u0131z&#8217;a i\u015faret etti.<\/p>\n<p>G\u00fcrer, Fehmi Y\u0131ld\u0131z\u2019\u0131n, Cumhurba\u015fkan\u0131\u2019n\u0131n hastaneye kald\u0131r\u0131ld\u0131\u011f\u0131 s\u0131rada yan\u0131nda olan ki\u015fi oldu\u011funu hat\u0131rlatarak, &#8220;Fahi\u015f fiyatlar \u00fcreticiyi ve besiciyi bo\u011fmaktad\u0131r. Cumhurba\u015fkan\u0131n\u0131n fahi\u015f fiyat\u0131 boykot daveti kula\u011fa be\u011fenilen geliyor. G\u00fcbrede fahi\u015f fiyat\u0131 kim yap\u0131yor? \u00dc\u00e7 tesirli g\u00fc\u00e7 merkezi var. Birincisi Eti G\u00fcbre, Mehmet Cengiz&#8217;in, ikincisi; Dap g\u00fcbre Cengiz Holding&#8217;in ve \u00fc\u00e7\u00fcnc\u00fcs\u00fc; Fehmi Y\u0131ld\u0131z&#8217;\u0131n Y\u0131ld\u0131z Holding&#8217;i. Kendisi Cumhurba\u015fkan\u0131 ara\u00e7 i\u00e7inde kilitli kal\u0131p hastaneye kald\u0131r\u0131ld\u0131\u011f\u0131nda yan\u0131nda olan ki\u015fi. En yak\u0131n\u0131n\u0131zdaki \u00fc\u00e7 g\u00fcbre \u015firketini \u00e7a\u011f\u0131r\u0131p hesap sorun. Partinizin \u00fcyesi olup fahi\u015f fiyatta bulunanlardan hesap sorun. De\u011ferli \u00f6l\u00e7\u00fcde fiyatlar\u0131n geri \u00e7ekildi\u011fini g\u00f6receksiniz&#8221;\u00a0 s\u00f6zlerini kulland\u0131.<\/p>\n<p>\u00a0<\/p>\n","protected":false},"excerpt":{"rendered":"<p>CHP Ni\u011fde Milletvekili \u00d6mer Fethi G\u00fcrer, \u00e7ift\u00e7iye verilen dayana\u011f\u0131n g\u00fcbredeki art\u0131\u015fla birlikte \u015fimdi \u00e7ift\u00e7inin cebine girmeden geri al\u0131nd\u0131\u011f\u0131n\u0131 s\u00f6yledi. G\u00fcrer, Erdo\u011fan&#8217;\u0131n fahi\u015f fiyatlara kar\u015f\u0131 boykot davetine ise Mehmet Cengiz, Cengiz Holding ve Fehmi Y\u0131ld\u0131z\u0131n Erdo\u011fan&#8217;la yak\u0131nl\u0131\u011f\u0131 \u00fczerinden cevap verdi. G\u00fcrer, &#8220;En yak\u0131n\u0131n\u0131zdaki \u00fc\u00e7 g\u00fcbre \u015firketini \u00e7a\u011f\u0131r\u0131p hesap sorun&#8221; dedi.<\/p>\n","protected":false},"author":1,"featured_media":4956,"comment_status":"open","ping_status":"open","sticky":false,"template":"","format":"standard","meta":{"footnotes":""},"categories":[24],"tags":[1343,1342,1345,174,1344],"class_list":["post-4955","post","type-post","status-publish","format-standard","has-post-thumbnail","hentry","category-ekonomi","tag-ciftci","tag-gubre","tag-gurer","tag-lira","tag-ure"],"_links":{"self":[{"href":"https:\/\/ikimisli.tr\/index.php\/wp-json\/wp\/v2\/posts\/4955","targetHints":{"allow":["GET"]}}],"collection":[{"href":"https:\/\/ikimisli.tr\/index.php\/wp-json\/wp\/v2\/posts"}],"about":[{"href":"https:\/\/ikimisli.tr\/index.php\/wp-json\/wp\/v2\/types\/post"}],"author":[{"embeddable":true,"href":"https:\/\/ikimisli.tr\/index.php\/wp-json\/wp\/v2\/users\/1"}],"replies":[{"embeddable":true,"href":"https:\/\/ikimisli.tr\/index.php\/wp-json\/wp\/v2\/comments?post=4955"}],"version-history":[{"count":1,"href":"https:\/\/ikimisli.tr\/index.php\/wp-json\/wp\/v2\/posts\/4955\/revisions"}],"predecessor-version":[{"id":4957,"href":"https:\/\/ikimisli.tr\/index.php\/wp-json\/wp\/v2\/posts\/4955\/revisions\/4957"}],"wp:featuredmedia":[{"embeddable":true,"href":"https:\/\/ikimisli.tr\/index.php\/wp-json\/wp\/v2\/media\/4956"}],"wp:attachment":[{"href":"https:\/\/ikimisli.tr\/index.php\/wp-json\/wp\/v2\/media?parent=4955"}],"wp:term":[{"taxonomy":"category","embeddable":true,"href":"https:\/\/ikimisli.tr\/index.php\/wp-json\/wp\/v2\/categories?post=4955"},{"taxonomy":"post_tag","embeddable":true,"href":"https:\/\/ikimisli.tr\/index.php\/wp-json\/wp\/v2\/tags?post=4955"}],"curies":[{"name":"wp","href":"https:\/\/api.w.org\/{rel}","templated":true}]}}