{"id":49550,"date":"2025-06-22T07:00:07","date_gmt":"2025-06-22T07:00:07","guid":{"rendered":"https:\/\/ikimisli.tr\/?p=49550"},"modified":"2025-06-22T07:00:07","modified_gmt":"2025-06-22T07:00:07","slug":"beyin-olumu-gerceklesti-organlari-ile-3-hastaya-umut-oldu","status":"publish","type":"post","link":"https:\/\/ikimisli.tr\/index.php\/2025\/06\/22\/beyin-olumu-gerceklesti-organlari-ile-3-hastaya-umut-oldu\/","title":{"rendered":"Beyin \u00f6l\u00fcm\u00fc ger\u00e7ekle\u015fti: Organlar\u0131 ile 3 hastaya umut oldu"},"content":{"rendered":"<p>Bir hafta evvel beyin kanamas\u0131 ge\u00e7iren, Samsun E\u011fitim ve Ara\u015ft\u0131rma Hastanesi&#8217;nde a\u011f\u0131r bak\u0131ma al\u0131nan 2 \u00e7ocuk annesi Aysel M\u0131s\u0131rc\u0131&#8217;n\u0131n beyin vefat\u0131 ger\u00e7ekle\u015fti. Samsun Organ Nakil \u00dcnitesi, hasta yak\u0131nlar\u0131 ile irtibat kurdu. G\u00f6r\u00fc\u015fmeler sonucunda hastan\u0131n ailesi, organlar\u0131n\u0131 ba\u011f\u0131\u015flama karar\u0131 ald\u0131. Gruplar, Aysel M\u0131s\u0131rc\u0131&#8217;n\u0131n karaci\u011fer ve 2 b\u00f6bre\u011fini ald\u0131.<\/p>\n<p>Karaci\u011fer askeri u\u00e7akla \u0130stanbul&#8217;a g\u00f6nderilirken, b\u00f6brekler Ondokuz May\u0131s \u00dcniversitesi&#8217;nde (OM\u00dc) organ bekleyen hastalara nakledilecek. M\u0131s\u0131rc\u0131&#8217;n\u0131n a\u011fabeyi Erdo\u011fan \u00c7ak\u0131r, &#8220;Canlar kurtard\u0131\u011f\u0131m\u0131z i\u00e7in memnunuz, gururluyuz. Kalp krizi ge\u00e7irdikten sonra beynine p\u0131ht\u0131 att\u0131. P\u0131ht\u0131 att\u0131ktan sonra hekimler gerekeni yapt\u0131 lakin beyin h\u00fccreleri \u00f6ld\u00fc\u011f\u00fc i\u00e7in hayat\u0131n\u0131 kaybetti. \u0130ki tane o\u011flu vard\u0131. Samsun&#8217;da ya\u015f\u0131yordu. \u0130n\u015fallah bu organlarla bir can hayat bulur. Buldu\u011fu can da bizi aray\u0131p, te\u015fekk\u00fcr ederse seviniriz&#8221; dedi.<\/p>\n<p><b>&#8216;BA\u011eI\u015eLAR \u0130\u00c7\u0130N EL\u0130M\u0130ZDEN GELEN\u0130 YAPACA\u011eIZ&#8217;<\/b><\/p>\n<p>Ondokuz May\u0131s \u00dcniversitesi Bo\u00a8brek Nakli Merkezi Sorumlusu Prof. Dr. Yark\u0131n Kamil Yakupog\u02c6lu, &#8220;Samsun E\u011fitim ve Ara\u015ft\u0131rma Hastanesi&#8217;nde beyin vefat\u0131 ger\u00e7ekle\u015fen hastadan organlar\u0131 az evvel \u00e7\u0131kartt\u0131k, temin ettik. Karaci\u011fer \u0130stanbul&#8217;da nakledecek. \u0130ki b\u00f6bre\u011fi de Ondokuz May\u0131s \u00dcniversitesi&#8217;nde bekleyen hastalar\u0131m\u0131za nakledece\u011fiz. Bu \u00e7ok k\u0131ymetli bir olay. Bilhassa organ bekleyen hasta say\u0131s\u0131 her g\u00fcn artmakta. Elimizdeki organlar da maalesef k\u00e2fi de\u011fil. Yaln\u0131zca canl\u0131 vericiyle bunu kar\u015f\u0131lamak m\u00fcmk\u00fcn de\u011fil.<\/p>\n<p>\u00d6zellikle Karadeniz&#8217;de artan say\u0131da kadavra ba\u011f\u0131\u015flar\u0131n\u0131n olmas\u0131 hem bizleri hem de bekleyen hastalar\u0131m\u0131za hakikaten \u00fcmit oluyor. Bu bi\u00e7imde ba\u011f\u0131\u015flar\u0131n artarak devam etmesi i\u00e7in elimizden geleni yapmaya devam edece\u011fiz. Hastam\u0131z\u0131n beyin vefat\u0131, beyin kanamas\u0131na ba\u011fl\u0131 olarak ger\u00e7ekle\u015fti. 50 ya\u015f\u0131nda bir bayan hastam\u0131zd\u0131. Ailesiyle g\u00f6r\u00fc\u015f\u00fcld\u00fc, \u00e7ok olumlu yakla\u015ft\u0131lar ba\u011f\u0131\u015f konusuna ve sonras\u0131nda organlar ba\u011f\u0131\u015fland\u0131. Biz de \u0130stanbul&#8217;dan gelen tak\u0131mlarla birlikte organlar\u0131 \u00e7\u0131kartt\u0131k. Birazdan da gidip hastalar\u0131m\u0131za nakledece\u011fiz&#8221; diye konu\u015ftu.<\/p>\n","protected":false},"excerpt":{"rendered":"<p>Samsun E\u011fitim ve Ara\u015ft\u0131rma Hastanesi&#8217;nde beyin vefat\u0131 ger\u00e7ekle\u015fen 2 \u00e7ocuk annesi 50 ya\u015f\u0131ndaki Aysel M\u0131s\u0131rc\u0131&#8217;n\u0131n karaci\u011feri ile 2 b\u00f6bre\u011fi, nakil bekleyen hastalara g\u00f6nderildi. M\u0131s\u0131rc\u0131&#8217;n\u0131n a\u011fabeyi Erdo\u011fan \u00c7ak\u0131r, &#8220;Canlar kurtard\u0131\u011f\u0131m\u0131z i\u00e7in memnunuz, gururluyuz&#8221; dedi.<\/p>\n","protected":false},"author":1,"featured_media":49551,"comment_status":"open","ping_status":"open","sticky":false,"template":"","format":"standard","meta":{"footnotes":""},"categories":[29],"tags":[1871,662,519,2140],"class_list":["post-49550","post","type-post","status-publish","format-standard","has-post-thumbnail","hentry","category-saglik","tag-bagis","tag-beyin","tag-hasta","tag-organ"],"_links":{"self":[{"href":"https:\/\/ikimisli.tr\/index.php\/wp-json\/wp\/v2\/posts\/49550","targetHints":{"allow":["GET"]}}],"collection":[{"href":"https:\/\/ikimisli.tr\/index.php\/wp-json\/wp\/v2\/posts"}],"about":[{"href":"https:\/\/ikimisli.tr\/index.php\/wp-json\/wp\/v2\/types\/post"}],"author":[{"embeddable":true,"href":"https:\/\/ikimisli.tr\/index.php\/wp-json\/wp\/v2\/users\/1"}],"replies":[{"embeddable":true,"href":"https:\/\/ikimisli.tr\/index.php\/wp-json\/wp\/v2\/comments?post=49550"}],"version-history":[{"count":1,"href":"https:\/\/ikimisli.tr\/index.php\/wp-json\/wp\/v2\/posts\/49550\/revisions"}],"predecessor-version":[{"id":49552,"href":"https:\/\/ikimisli.tr\/index.php\/wp-json\/wp\/v2\/posts\/49550\/revisions\/49552"}],"wp:featuredmedia":[{"embeddable":true,"href":"https:\/\/ikimisli.tr\/index.php\/wp-json\/wp\/v2\/media\/49551"}],"wp:attachment":[{"href":"https:\/\/ikimisli.tr\/index.php\/wp-json\/wp\/v2\/media?parent=49550"}],"wp:term":[{"taxonomy":"category","embeddable":true,"href":"https:\/\/ikimisli.tr\/index.php\/wp-json\/wp\/v2\/categories?post=49550"},{"taxonomy":"post_tag","embeddable":true,"href":"https:\/\/ikimisli.tr\/index.php\/wp-json\/wp\/v2\/tags?post=49550"}],"curies":[{"name":"wp","href":"https:\/\/api.w.org\/{rel}","templated":true}]}}