{"id":49562,"date":"2025-06-22T07:48:09","date_gmt":"2025-06-22T07:48:09","guid":{"rendered":"https:\/\/ikimisli.tr\/?p=49562"},"modified":"2025-06-22T07:48:09","modified_gmt":"2025-06-22T07:48:09","slug":"ekonomik-kriz-ramazan-sofralarini-vurdu-emekliler-isyanda-85-yasindayim-neredeyse-dilenecegiz","status":"publish","type":"post","link":"https:\/\/ikimisli.tr\/index.php\/2025\/06\/22\/ekonomik-kriz-ramazan-sofralarini-vurdu-emekliler-isyanda-85-yasindayim-neredeyse-dilenecegiz\/","title":{"rendered":"Ekonomik kriz Ramazan sofralar\u0131n\u0131 vurdu! Emekliler isyanda: 85 ya\u015f\u0131nday\u0131m, neredeyse dilenece\u011fiz"},"content":{"rendered":"<p>Enflasyonun artmas\u0131 ve ekonomik kriz ramazan sofralar\u0131na da yans\u0131d\u0131. Ankara Ulus Hali\u2019nde yurtta\u015flara, \u201cPide fiyatlar\u0131n\u0131, sahurda sofralar\u0131na ne koyacaklar\u0131n\u0131 ve ge\u00e7inebiliyor musunuz\u201d sorusu soruldu. <\/p>\n<p>F\u0131r\u0131nc\u0131lar Odas\u0131\u2019n\u0131n 2025 y\u0131l\u0131nda Ankara i\u00e7in pide fiyat\u0131n\u0131 20 lira olarak belirledi. Bu y\u0131l hayat pahal\u0131l\u0131\u011f\u0131 nedeniyle pide alamayaca\u011f\u0131n\u0131 s\u00f6yleyen bir yurtta\u015f, \u201cBen alamam. Her \u015fey de\u011ferli hi\u00e7bir \u015fey alam\u0131yoruz ki\u201d dedi.  <\/p>\n<p>Ba\u015fka bir yurtta\u015f ise \u201cHayatta ge\u00e7inemiyoruz vallahi. \u00c7ok s\u0131k\u0131nt\u0131. Yavan ekmek yeriz\u201d diye kar\u015f\u0131l\u0131k verdi. Sahurda et yemek istedi\u011fini belirten yurtta\u015f, \u201cK\u00f6fte, et isterdim. Pirzola zati imkans\u0131z. \u0130kramiyeleri bekliyoruz. \u0130kramiyeleri birazc\u0131k fazlala\u015ft\u0131r\u0131rlarsa emeklilere bayram olur\u201d diye konu\u015ftu.<\/p>\n<p><b>20 L\u0130RALIK P\u0130DE B\u0130LE L\u00dcKS OLDU<\/b><\/p>\n<p>Pide fiyat\u0131n\u0131n bu y\u0131l 20 liradan sat\u0131\u015fa sunulmas\u0131n\u0131 pahaland\u0131ran bir yurtta\u015f, bu y\u0131l pide alamayaca\u011f\u0131n\u0131 belirterek \u201cBence k\u0131ymetli. Ben alamam. Her \u015fey de\u011ferli hi\u00e7bir \u015fey alam\u0131yoruz ki\u201d dedi.  <\/p>\n<p>Emekli bir yurtta\u015f, \u201cAsl\u0131nda 15 lira olsa daha yeterli. Gariban, alan var alamayan var. Oru\u00e7 tutan var. G\u00f6z\u00fcyle bak\u0131yor alam\u0131yor. Nefsi \u00e7ekiyor\u201d diye konu\u015ftu.  <\/p>\n<p>Ak\u015famdan sabaha \u201czamla\u201d uyand\u0131\u011f\u0131n\u0131 belirten bir yurtta\u015f, bu y\u0131lki pide fiyat\u0131n\u0131 \u201cnormal\u201d olarak k\u0131ymetlendirerek \u201cYiyen d\u00fc\u015f\u00fcns\u00fcn. Ucuz ne var ki pide ucuz olsun\u201d dedi. Emekli maa\u015f\u0131yla da ge\u00e7inemedi\u011fini lisana getiren yurtta\u015f, \u201cEmekli adam 15 liraya nas\u0131l ge\u00e7inir? K\u00f6r topal ay ba\u015f\u0131na kadar g\u00f6t\u00fcr\u00fcyoruz. E\u015f, dosttan bor\u00e7 ediyoruz ay ba\u015f\u0131 da\u011f\u0131t\u0131yoruz\u201d s\u00f6zlerini kulland\u0131.  <\/p>\n<p><b>&#8220;\u0130KRAM\u0130YELER\u0130 FAZLA VER\u0130RLERSE EMEKL\u0130LERE BAYRAM OLUR&#8221;<\/b><\/p>\n<p>Emeklinin \u201cs\u00fcr\u00fcnd\u00fc\u011f\u00fcn\u00fc\u201d belirten bir \u00f6teki emekli yurtta\u015f \u201cEmekli yerlere serilmi\u015f a\u00e7 vaziyette. \u0130kinci i\u015f yap\u0131yor onu da g\u00fc\u00e7 yap\u0131yor s\u0131hhat meseleleri var. A\u011fz\u0131m\u0131zda di\u015f kalmad\u0131\u201d dedi. \u201cSahurda sofran\u0131za ne koyacaks\u0131n\u0131z\u201d sorusuna da cevap veren vatanda\u015f, \u201cHamur i\u015fi, peynir, zeytin, \u00e7ay olur\u201d dedi. Sahurda et yemek istedi\u011fini belirten yurtta\u015f, \u201cK\u00f6fte, et isterdim. Pirzola esasen imk\u00e2ns\u0131z. \u0130kramiyeleri bekliyoruz. \u0130kramiyeleri birazc\u0131k fazlala\u015ft\u0131r\u0131rlarsa emeklilere bayram olur\u201d halinde konu\u015ftu.  <\/p>\n<p><b>&#8220;\u0130STERSE 50 B\u0130N L\u0130RA VERS\u0130N GE\u00c7\u0130M ZOR&#8221;<\/b><\/p>\n<p>Pide fiyat\u0131n\u0131n \u201cpahal\u0131\u201d oldu\u011funu s\u00f6yleyen bir di\u011fer yurtta\u015f \u201c\u00dc\u00e7 tane \u00e7ocu\u011fu olanlar ne yapacak\u201d diye sordu. Yurtta\u015f, sahur sofras\u0131na \u201cAllah ne verdiyse onu koyaca\u011f\u0131z\u201d derken, \u201c\u00c7ocuklar past\u0131rma, sucuk ister. Hayat kaideleri s\u0131k\u0131nt\u0131 alam\u0131yoruz. Ne olacak bu t\u00fcrl\u00fc isterse 50 bin lira versin ge\u00e7im zor\u201d dedi. <\/p>\n<p>Bir \u00f6b\u00fcr yurtta\u015f ise \u201cHayatta ge\u00e7inemiyoruz vallahi. \u00c7ok s\u0131k\u0131nt\u0131. Yavan ekmek yeriz\u201d dedi. \u201cSahur sofran\u0131za ne koymak isterdiniz\u201d sorusuna cevap veren yurtta\u015f, \u201cEt ekmek olurdu. Ancak art\u0131k hi\u00e7bir \u015fey yok. Bo\u015f\u201d s\u00f6zlerini kulland\u0131.  <\/p>\n<p><b>&#8220;85 YA\u015eINDA NEREDEYSE D\u0130LENECE\u011e\u0130M&#8221;<\/b><\/p>\n<p>85 ya\u015f\u0131ndaki emekli yurtta\u015f, \u201cBen yaln\u0131z\u0131m art\u0131k 14-15 bin lira maa\u015f al\u0131yorum, ge\u00e7inemiyorum. Peri\u015fan bir durumday\u0131z. 85 ya\u015f\u0131nday\u0131m neredeyse dilenece\u011fiz. Her \u015fey ald\u0131 ba\u015f\u0131n\u0131 gidiyor\u201d dedi. <\/p>\n<p>Ulus Hali\u2019nde esnafl\u0131k yapan bir vatanda\u015f \u201cRamazan hasebiyle halde de bir k\u0131p\u0131rdama var. Birka\u00e7 g\u00fcn sonra ne olur bilmiyorum. Piyasada genel olarak bir sakinlik var. \u0130ktisat de biraz berbat oldu\u011fu i\u00e7in be\u015ferler da zar s\u0131k\u0131nt\u0131 al\u0131\u015fveri\u015f yap\u0131yor\u201d dedi.  <\/p>\n<p><b>&#8220;DOLA\u015eIYORUZ B\u0130R \u015eEY ALAMIYORUZ&#8221;<\/b><\/p>\n<p>Ba\u015fka bir yurtta\u015f ise \u201cYiyecek ekme\u011fe muhta\u00e7 olduk. Pazarda dola\u015f\u0131yoruz, geziyoruz bir \u015fey alam\u0131yoruz. Emekli maa\u015f\u0131na art\u0131r\u0131m verdi, ke\u015fke art\u0131r\u0131m vermeseydi de ald\u0131\u011f\u0131m\u0131z \u015feylere de art\u0131r\u0131m gelmeseydi. Simit fiyat\u0131 15 lira olmu\u015f. Sabahtan beri bir tane simit yedim\u201d dedi. <\/p>\n<p>Son olarak bu y\u0131l pide alabilecek misiniz? Sorusuna kar\u015f\u0131l\u0131k veren bir vatanda\u015f, \u201cBakaca\u011f\u0131z ancak s\u0131k\u0131nt\u0131. Emekli adam\u0131z d\u00fc\u015f\u00fck fiyat al\u0131yoruz\u201d dedi. Ramazan\u2019\u0131n simgesi haline gelmi\u015f g\u00fclla\u00e7 ve hurmay\u0131 \u201cg\u00f6remeyece\u011fini\u201d s\u00f6yleyen yurtta\u015f, \u201cUcuz ne bulursak onu almaya \u00e7al\u0131\u015faca\u011f\u0131z. E\u015fini dostunu \u00e7a\u011f\u0131r\u0131p bir sofra kuracak konum yok yani\u201d halinde konu\u015ftu<\/p>\n","protected":false},"excerpt":{"rendered":"<p>Ramazan ay\u0131n\u0131n bug\u00fcn ba\u015flamas\u0131yla birlikte al\u0131\u015fveri\u015f yapan yurtta\u015flar, hayat pahal\u0131l\u0131\u011f\u0131na reaksiyon g\u00f6sterdi. \u0130ftar sofralar\u0131n\u0131n vazge\u00e7ilmezlerinden olan Ramazan pidesini bile almakta zorland\u0131klar\u0131n\u0131 lisana getiren vatanda\u015flar yoksullu\u011fun buram buram ya\u015fand\u0131\u011f\u0131na dikkat \u00e7ekti.<\/p>\n","protected":false},"author":1,"featured_media":49563,"comment_status":"open","ping_status":"open","sticky":false,"template":"","format":"standard","meta":{"footnotes":""},"categories":[24],"tags":[91,174,6312,6959,1130],"class_list":["post-49562","post","type-post","status-publish","format-standard","has-post-thumbnail","hentry","category-ekonomi","tag-emekli","tag-lira","tag-pide","tag-yurttas","tag-zor"],"_links":{"self":[{"href":"https:\/\/ikimisli.tr\/index.php\/wp-json\/wp\/v2\/posts\/49562","targetHints":{"allow":["GET"]}}],"collection":[{"href":"https:\/\/ikimisli.tr\/index.php\/wp-json\/wp\/v2\/posts"}],"about":[{"href":"https:\/\/ikimisli.tr\/index.php\/wp-json\/wp\/v2\/types\/post"}],"author":[{"embeddable":true,"href":"https:\/\/ikimisli.tr\/index.php\/wp-json\/wp\/v2\/users\/1"}],"replies":[{"embeddable":true,"href":"https:\/\/ikimisli.tr\/index.php\/wp-json\/wp\/v2\/comments?post=49562"}],"version-history":[{"count":1,"href":"https:\/\/ikimisli.tr\/index.php\/wp-json\/wp\/v2\/posts\/49562\/revisions"}],"predecessor-version":[{"id":49564,"href":"https:\/\/ikimisli.tr\/index.php\/wp-json\/wp\/v2\/posts\/49562\/revisions\/49564"}],"wp:featuredmedia":[{"embeddable":true,"href":"https:\/\/ikimisli.tr\/index.php\/wp-json\/wp\/v2\/media\/49563"}],"wp:attachment":[{"href":"https:\/\/ikimisli.tr\/index.php\/wp-json\/wp\/v2\/media?parent=49562"}],"wp:term":[{"taxonomy":"category","embeddable":true,"href":"https:\/\/ikimisli.tr\/index.php\/wp-json\/wp\/v2\/categories?post=49562"},{"taxonomy":"post_tag","embeddable":true,"href":"https:\/\/ikimisli.tr\/index.php\/wp-json\/wp\/v2\/tags?post=49562"}],"curies":[{"name":"wp","href":"https:\/\/api.w.org\/{rel}","templated":true}]}}