{"id":49585,"date":"2025-06-22T09:12:08","date_gmt":"2025-06-22T09:12:08","guid":{"rendered":"https:\/\/ikimisli.tr\/?p=49585"},"modified":"2025-06-22T09:12:08","modified_gmt":"2025-06-22T09:12:08","slug":"kulotlu-corap-cinayetinde-yeni-gelisme","status":"publish","type":"post","link":"https:\/\/ikimisli.tr\/index.php\/2025\/06\/22\/kulotlu-corap-cinayetinde-yeni-gelisme\/","title":{"rendered":"K\u00fclotlu \u00e7orap cinayetinde yeni geli\u015fme"},"content":{"rendered":"<p>\u0130stanbul Jandarma Komutanl\u0131\u011f\u0131 tak\u0131mlar\u0131, 1 Ocak 2023&#8217;te Sancaktepe&#8217;de ormanda elleri ve ayaklar\u0131 ba\u011flan\u0131p, k\u00fclotlu \u00e7orapla bo\u011fulmu\u015f halde kimli\u011fi belgisiz erkek cesedi bulundu\u011fu ihbar\u0131n\u0131 ald\u0131.<\/p>\n<p>Jandarma olay yeri inceleme gruplar\u0131, mantar toplamaya \u00e7\u0131kan ailenin fark etti\u011fi cesedin parmak m\u00fcsaadeden kimli\u011finin Semih Sevim&#8217;e ili\u015fkin oldu\u011funu belirledi.<\/p>\n<p>\u0130lk incelemenin akabinde, ailesiyle irtibat kuruldu ve Sevim&#8217;in, Tokat&#8217;ta ikamet etti\u011fi, lakin kendisinden haber al\u0131nmad\u0131\u011f\u0131 i\u00e7in kay\u0131p ihbar\u0131nda bulunuldu\u011fu tespit edildi.<\/p>\n<p>Semih Sevim&#8217;in \u0130stanbul\u2019da g\u00f6r\u00fc\u015ft\u00fc\u011f\u00fc \u015fah\u0131slar\u0131n s\u00f6zleri, kulland\u0131\u011f\u0131 toplumsal medya hesaplar\u0131 ve plaka tan\u0131ma sisteminden (PTS), \u00f6ld\u00fcr\u00fclmeden evvelki ba\u011flant\u0131 ve hareket trafi\u011fi belirlendi.<\/p>\n<p>Olayda ku\u015fkusu oldu\u011fu de\u011ferlendirilenlere y\u00f6nelik 4 farkl\u0131 adreste e\u015f vakitli arama yapan jandarma gruplar\u0131, Sevim&#8217;in eski k\u0131z arkada\u015f\u0131 Se\u00e7il \u00c7ift\u00e7i&#8217;nin \u00e7eli\u015fkili tabirlerinden \u015f\u00fcphelendi. Gruplar, toplumsal medya hesaplar\u0131ndan Sevim&#8217;i tehdit etti\u011fi belirlenince, meskeninde uyu\u015fturucu da bulunan \u00c7ift\u00e7i&#8217;yi g\u00f6zalt\u0131na ald\u0131.<\/p>\n<p><img decoding=\"async\" src=\"https:\/\/ikimisli.tr\/wp-content\/uploads\/2025\/06\/kulotlu-corap-cinayetinde-yeni-gelisme-0-QHCHQjAA.webp\"\/><\/p>\n<p><b>\u0130T\u0130RAF ETT\u0130<\/b><\/p>\n<p>Se\u00e7il \u00c7ift\u00e7i, tabirinde eski erkek arkada\u015f\u0131 Semih Sevim ile ayr\u0131ld\u0131klar\u0131n\u0131, lakin kendisini rahats\u0131z etmeye devam etti\u011finden, ortalar\u0131nda \u00e7\u0131kan hengamede \u00f6ld\u00fcrd\u00fc\u011f\u00fcn\u00fc, sonra cesedi babas\u0131 Cemal \u00c7ift\u00e7i ile birlikte Sancaktepe&#8217;de ormana b\u0131rakt\u0131klar\u0131n\u0131 itiraf etti.<\/p>\n<p>Se\u00e7il \u00c7ift\u00e7i ve ve Cemal \u00c7ift\u00e7i hakk\u0131nda &#8216;Tasarlayarak \u00f6ld\u00fcrme&#8217; c\u00fcrm\u00fcnden a\u011f\u0131rla\u015ft\u0131r\u0131lm\u0131\u015f m\u00fcebbet mahpus cezas\u0131 istemiyle, \u0130stanbul 19&#8217;uncu A\u011f\u0131r Ceza Mahkemesi&#8217;nde dava a\u00e7\u0131ld\u0131. Davan\u0131n karar duru\u015fmas\u0131nda, Se\u00e7il \u00c7ift\u00e7i &#8216;a\u011f\u0131rla\u015ft\u0131r\u0131lm\u0131\u015f m\u00fcebbet&#8217;, babas\u0131 Cemal \u00c7ift\u00e7i ise &#8216;m\u00fcebbet&#8217; mahpus cezas\u0131na \u00e7arpt\u0131r\u0131ld\u0131.<\/p>\n<p>\u0130stanbul B\u00f6lge Adliye Mahkemesi 1&#8217;inci Ceza Dairesi, 19&#8217;uncu A\u011f\u0131r Ceza Mahkemesi\u2019nin Se\u00e7il \u00c7ift\u00e7i&#8217;ye verdi\u011fi &#8216;Tasarlayarak taamm\u00fcden \u00f6ld\u00fcrme&#8217; hatas\u0131ndan &#8216;a\u011f\u0131rla\u015ft\u0131r\u0131lm\u0131\u015f m\u00fcebbet&#8217; ve baba Cemal \u00c7ift\u00e7i hakk\u0131ndaki &#8216;m\u00fcebbet&#8217; mahpus cezalar\u0131n\u0131 onad\u0131.<\/p>\n","protected":false},"excerpt":{"rendered":"<p>\u0130stanbul Sancaktepe&#8217;de ormanda cesedi bulunan Semih Sevim&#8217;in k\u00fclotlu \u00e7orapla bo\u011fularak \u00f6ld\u00fcr\u00fcld\u00fc\u011f\u00fc arg\u00fcman\u0131na ait san\u0131k Se\u00e7il \u00c7ift\u00e7i&#8217;ye verilen &#8216;a\u011f\u0131rla\u015ft\u0131r\u0131lm\u0131\u015f m\u00fcebbet&#8217; ve babas\u0131 hakk\u0131ndaki &#8216;m\u00fcebbet&#8217; karar\u0131, istinaf mahkemesi onad\u0131.<\/p>\n","protected":false},"author":1,"featured_media":49586,"comment_status":"open","ping_status":"open","sticky":false,"template":"","format":"standard","meta":{"footnotes":""},"categories":[25],"tags":[536,53,606,6963,4906],"class_list":["post-49585","post","type-post","status-publish","format-standard","has-post-thumbnail","hentry","category-gundem","tag-agir","tag-ceza","tag-etti","tag-muebbet","tag-sevim"],"_links":{"self":[{"href":"https:\/\/ikimisli.tr\/index.php\/wp-json\/wp\/v2\/posts\/49585","targetHints":{"allow":["GET"]}}],"collection":[{"href":"https:\/\/ikimisli.tr\/index.php\/wp-json\/wp\/v2\/posts"}],"about":[{"href":"https:\/\/ikimisli.tr\/index.php\/wp-json\/wp\/v2\/types\/post"}],"author":[{"embeddable":true,"href":"https:\/\/ikimisli.tr\/index.php\/wp-json\/wp\/v2\/users\/1"}],"replies":[{"embeddable":true,"href":"https:\/\/ikimisli.tr\/index.php\/wp-json\/wp\/v2\/comments?post=49585"}],"version-history":[{"count":1,"href":"https:\/\/ikimisli.tr\/index.php\/wp-json\/wp\/v2\/posts\/49585\/revisions"}],"predecessor-version":[{"id":49588,"href":"https:\/\/ikimisli.tr\/index.php\/wp-json\/wp\/v2\/posts\/49585\/revisions\/49588"}],"wp:featuredmedia":[{"embeddable":true,"href":"https:\/\/ikimisli.tr\/index.php\/wp-json\/wp\/v2\/media\/49586"}],"wp:attachment":[{"href":"https:\/\/ikimisli.tr\/index.php\/wp-json\/wp\/v2\/media?parent=49585"}],"wp:term":[{"taxonomy":"category","embeddable":true,"href":"https:\/\/ikimisli.tr\/index.php\/wp-json\/wp\/v2\/categories?post=49585"},{"taxonomy":"post_tag","embeddable":true,"href":"https:\/\/ikimisli.tr\/index.php\/wp-json\/wp\/v2\/tags?post=49585"}],"curies":[{"name":"wp","href":"https:\/\/api.w.org\/{rel}","templated":true}]}}