{"id":49666,"date":"2025-06-22T14:24:07","date_gmt":"2025-06-22T14:24:07","guid":{"rendered":"https:\/\/ikimisli.tr\/?p=49666"},"modified":"2025-06-22T14:24:07","modified_gmt":"2025-06-22T14:24:07","slug":"mersin-ziraat-odasi-baskani-duyurdu-seralarda-don-afeti-etkisi-hasar-buyuk","status":"publish","type":"post","link":"https:\/\/ikimisli.tr\/index.php\/2025\/06\/22\/mersin-ziraat-odasi-baskani-duyurdu-seralarda-don-afeti-etkisi-hasar-buyuk\/","title":{"rendered":"Mersin Ziraat Odas\u0131 Ba\u015fkan\u0131 duyurdu! Seralarda don afeti etkisi: &#8216;Hasar b\u00fcy\u00fck&#8217;"},"content":{"rendered":"<p>Mersin Ziraat Odas\u0131 Ba\u015fkan\u0131 Musa Y\u0131lmaz, don afeti nedeniyle Mersin\u2019de a\u00e7\u0131k alanda meyve zerzevat kalmad\u0131\u011f\u0131n\u0131, seralarda da hasar\u0131n b\u00fcy\u00fck oldu\u011funu s\u00f6yledi. Mersin B\u00fcy\u00fck\u015fehir Belediye Ba\u015fkan\u0131 Vahap Se\u00e7er, &#8220;Primin bir k\u0131sm\u0131n\u0131 devletin kar\u015f\u0131lamas\u0131, bir k\u0131sm\u0131n\u0131n \u00fcreticinin cebinden \u00e7\u0131kmas\u0131, en az\u0131ndan don ziyan\u0131nda, sel, dolu \u00fczere do\u011fal afetlerde bir sigortas\u0131 oluyordu \u00fcreticinin&#8221; tabirlerine yer verdi.<\/p>\n<p>Mersin\u2019de ge\u00e7ti\u011fimiz hafta tesirli olan don felaketinin a\u00e7\u0131kta ve \u00f6rt\u00fcalt\u0131nda \u00fcretilen meyve ve zerzevata verdi\u011fi ziyan, il\u00e7e tar\u0131m m\u00fcd\u00fcrl\u00fcklerinin, belediyelerin, Ziraat Odas\u0131n\u0131n hasar tespit \u00e7al\u0131\u015fmalar\u0131yla ortaya \u00e7\u0131k\u0131yor. Mersin Ziraat Odas\u0131 Ba\u015fkan\u0131 Musa Y\u0131lmaz, Mersin B\u00fcy\u00fck\u015fehir Belediye Lideri Vahap Se\u00e7er ile birlikte Akdeniz il\u00e7esine ba\u011fl\u0131 Kazanl\u0131, Bah\u00e7eli, K\u00fcrk\u00e7\u00fc ve Burhan mahallelerinde seralar\u0131 ve bah\u00e7eleri gezerek hasar\u0131n boyutunu yerinde inceledi.<\/p>\n<p><b>&#8220;Y\u00dcZDE Y\u00dcZ\u00dcN \u00dcZER\u0130NDE HASAR VAR&#8221;<\/b><\/p>\n<p>Musa Y\u0131lmaz, &#8220;Mersin\u2019de son g\u00fcnlerde ya\u015fad\u0131\u011f\u0131m\u0131z don afetinde \u00e7ift\u00e7imizin eme\u011fi, \u00e7ift\u00e7imizi masraf\u0131, \u00e7ift\u00e7imizin al\u0131n teri maalesef bir defa daha k\u00fcl oldu. Art\u0131k seran\u0131n i\u00e7indeyiz. Seradan evvel \u015funu s\u00f6ylemem laz\u0131m ki Mersin\u2019de a\u00e7\u0131kta hi\u00e7bir eser kalmad\u0131. Y\u00fczde 100\u2019\u00fcn \u00fczerinde bir hasar\u0131n oldu\u011funu s\u00f6yleyebilirim. Kald\u0131 ki buras\u0131 \u00f6rt\u00fc alt\u0131 bir seram\u0131z. Seralardaki zerzevat ve meyvelerimiz bile bu formda ziyan g\u00f6rd\u00fc. B\u00f6lgenin hemen afet b\u00f6lgesi kapsam\u0131na al\u0131nmas\u0131 gerekti\u011fini buradan s\u00f6ylemi\u015f olal\u0131m&#8221; dedi.<\/p>\n<p><b>&#8220;B\u0130R\u00c7OK S\u0130GORTAYI YAPTIRAMIYORUZ&#8221;<\/b><\/p>\n<p>Mersin B\u00fcy\u00fck\u015fehir Belediye Ba\u015fkan\u0131 Vahap Se\u00e7er de seyahatte edindi\u011fi izlenimlerin akabinde tar\u0131m sigortalar\u0131 (TARS\u0130M) uygulamas\u0131n\u0131 k\u0131ymetlendirdi. Se\u00e7er, \u015funlar\u0131 s\u00f6yledi:<\/p>\n<p>-\u0130lk bu d\u00fczenleme yasala\u015ft\u0131\u011f\u0131nda, ilgimizi \u00e7ekmi\u015fti ve yanl\u0131\u015fs\u0131z bir uygulama oldu\u011funu s\u00f6ylemi\u015ftik. Primin bir k\u0131sm\u0131n\u0131 devletin kar\u015f\u0131lamas\u0131, bir k\u0131sm\u0131n\u0131n \u00fcreticinin cebinden \u00e7\u0131kmas\u0131, en az\u0131ndan don ziyan\u0131nda, sel, dolu \u00fczere do\u011fal afetlerde bir sigortas\u0131 oluyordu \u00fcreticinin. Lakin benim de u\u011fra\u015ft\u0131\u011f\u0131m bir alan oldu\u011fu i\u00e7in meyve bah\u00e7elerimizden biliyorum bir\u00e7ok sigortay\u0131 yapt\u0131ram\u0131yoruz.<\/p>\n<p>-\u00c7\u00fcnk\u00fc \u015f\u00f6yle diyor arkada\u015flar; bu a\u011fa\u00e7 70 kilo meyve verir, bunun \u00fczerinden prim hesab\u0131 yap\u0131yor ancak ziyan\u0131 \u00f6derken 20 kilo meyve \u00fczerinden hesap yap\u0131yor. Do\u011fal olarak bunun sigorta prim maaliyeti bizim ta\u015f\u0131yaca\u011f\u0131m\u0131z bir maliyet olmaktan \u00e7\u0131k\u0131yor. Daha i\u015fe ba\u015flamadan masraf\u0131m\u0131z\u0131n y\u00fczde 25\u2019i sigorta primi oluyor. Masraf\u0131m\u0131z\u0131 art\u0131r\u0131yor. Bunun tekrar g\u00fcncellenmesi laz\u0131m. TARS\u0130M mevzuaat\u0131n\u0131n g\u00fcncellenmesi laz\u0131m.&#8221;<\/p>\n","protected":false},"excerpt":{"rendered":"<p>Mersin Ziraat Odas\u0131 Ba\u015fkan\u0131 Y\u0131lmaz, &#8220;Don afeti nedeniyle seralarda da hasar b\u00fcy\u00fck&#8221; dedi.<\/p>\n","protected":false},"author":1,"featured_media":49667,"comment_status":"open","ping_status":"open","sticky":false,"template":"","format":"standard","meta":{"footnotes":""},"categories":[24],"tags":[4863,1318,1065,338,314],"class_list":["post-49666","post","type-post","status-publish","format-standard","has-post-thumbnail","hentry","category-ekonomi","tag-afet","tag-mersin","tag-meyve","tag-prim","tag-sigorta"],"_links":{"self":[{"href":"https:\/\/ikimisli.tr\/index.php\/wp-json\/wp\/v2\/posts\/49666","targetHints":{"allow":["GET"]}}],"collection":[{"href":"https:\/\/ikimisli.tr\/index.php\/wp-json\/wp\/v2\/posts"}],"about":[{"href":"https:\/\/ikimisli.tr\/index.php\/wp-json\/wp\/v2\/types\/post"}],"author":[{"embeddable":true,"href":"https:\/\/ikimisli.tr\/index.php\/wp-json\/wp\/v2\/users\/1"}],"replies":[{"embeddable":true,"href":"https:\/\/ikimisli.tr\/index.php\/wp-json\/wp\/v2\/comments?post=49666"}],"version-history":[{"count":1,"href":"https:\/\/ikimisli.tr\/index.php\/wp-json\/wp\/v2\/posts\/49666\/revisions"}],"predecessor-version":[{"id":49668,"href":"https:\/\/ikimisli.tr\/index.php\/wp-json\/wp\/v2\/posts\/49666\/revisions\/49668"}],"wp:featuredmedia":[{"embeddable":true,"href":"https:\/\/ikimisli.tr\/index.php\/wp-json\/wp\/v2\/media\/49667"}],"wp:attachment":[{"href":"https:\/\/ikimisli.tr\/index.php\/wp-json\/wp\/v2\/media?parent=49666"}],"wp:term":[{"taxonomy":"category","embeddable":true,"href":"https:\/\/ikimisli.tr\/index.php\/wp-json\/wp\/v2\/categories?post=49666"},{"taxonomy":"post_tag","embeddable":true,"href":"https:\/\/ikimisli.tr\/index.php\/wp-json\/wp\/v2\/tags?post=49666"}],"curies":[{"name":"wp","href":"https:\/\/api.w.org\/{rel}","templated":true}]}}