{"id":49745,"date":"2025-06-22T19:00:08","date_gmt":"2025-06-22T19:00:08","guid":{"rendered":"https:\/\/ikimisli.tr\/?p=49745"},"modified":"2025-06-22T19:00:08","modified_gmt":"2025-06-22T19:00:08","slug":"izmirde-ikizce-protestosu-verimli-tarim-arazilerinin-secilmesi-akil-tutulmasi","status":"publish","type":"post","link":"https:\/\/ikimisli.tr\/index.php\/2025\/06\/22\/izmirde-ikizce-protestosu-verimli-tarim-arazilerinin-secilmesi-akil-tutulmasi\/","title":{"rendered":"\u0130zmir&#8217;de \u0130kizce protestosu: \u201cVerimli tar\u0131m arazilerinin se\u00e7ilmesi ak\u0131l tutulmas\u0131\u201d"},"content":{"rendered":"<p>6 \u015eubat 2023 Kahramanmara\u015f merkezli sars\u0131nt\u0131lar sonras\u0131nda afet konutlar\u0131n\u0131n yap\u0131ld\u0131\u011f\u0131 Malatya\u2019n\u0131n Ye\u015filyurt il\u00e7esinin \u0130kizce (Ha\u00e7ova) Mahallesi&#8217;nde ba\u015flat\u0131lan \u201cResen Kamula\u015ft\u0131rmas\u0131z El Koyma Suretiyle Tescil\u201d te\u015febb\u00fcs\u00fc \u0130zmir\u2019de protesto edildi.<\/p>\n<p>\u0130zmir Ha\u00e7ova K\u00fclt\u00fcr ve Dayan\u0131\u015fma Derne\u011fi \u00fcyeleri, T\u00fcrkan Saylan K\u00fclt\u00fcr Merkezi \u00f6n\u00fcnde toplanarak, &#8220;Ya\u015fam alanlar\u0131n\u0131 savunuyoruz, \u0130kizce yaln\u0131z de\u011fildir&#8221; ba\u015fl\u0131kl\u0131 bir bas\u0131n a\u00e7\u0131klamas\u0131 d\u00fczenledi. A\u00e7\u0131klamaya Konak Kent Kurulu ve EGE\u00c7EP (Ege Etraf ve K\u00fclt\u00fcr Platformu) \u00fcyeleri de dayanak verdi.<\/p>\n<p>\u0130zmir Ha\u00e7ova K\u00fclt\u00fcr ve Dayan\u0131\u015fma Derne\u011fi Ba\u015fkan\u0131 G\u00fcl \u00c7at, yapt\u0131\u011f\u0131 a\u00e7\u0131klamada, 6 \u015eubat zelzelelerinin Malatya&#8217;n\u0131n Ye\u015filyurt il\u00e7esine ba\u011fl\u0131 \u0130kizce Mahallesi&#8217;nde b\u00fcy\u00fck ma\u011fduriyetlere yol a\u00e7t\u0131\u011f\u0131n\u0131 belirterek, &#8220;\u0130kizce halk\u0131, sars\u0131nt\u0131 felaketinin yaralar\u0131n\u0131 sarmaya \u00e7al\u0131\u015f\u0131rken art\u0131k de m\u00fclkiyet haklar\u0131n\u0131n ve \u00f6m\u00fcr haklar\u0131n\u0131n ihlaliyle kar\u015f\u0131 kar\u015f\u0131ya kalmakta ve daha b\u00fcy\u00fck ma\u011fduriyetler ya\u015famaktad\u0131r&#8221; dedi.<\/p>\n<p><b>ACELE KAMULA\u015eTIRMA REAKS\u0130YON \u00c7EKT\u0130<\/b><\/p>\n<p>\u0130kizce halk\u0131n\u0131n tapulu yerlerine y\u00f6nelik tez kamula\u015ft\u0131rma karar\u0131n\u0131 cep telefonlar\u0131na gelen SMS iletileriyle \u00f6\u011frendi\u011fi belirtilerek, bu durumun b\u00fcy\u00fck bir \u015fok tesiri yaratt\u0131\u011f\u0131 tabir edildi. \u00c7at, &#8220;Verimli tar\u0131m topraklar\u0131n\u0131n se\u00e7ilmesi ak\u0131l tutulmas\u0131. Bu kamula\u015ft\u0131rma s\u00fcreci k\u00f6yl\u00fclerin iste\u011fi al\u0131nmadan ve bilgilendirme yap\u0131lmadan ger\u00e7ekle\u015ftirilmi\u015ftir. Yetkililer, bu topraklara bazen afet konutlar\u0131, bazen de toplumsal konutlar in\u015fa edilece\u011fini belirtmektedir. Fakat mevcut datalara nazaran, \u0130kizce\u2019nin meras\u0131 ve hazine yerleri \u00fczerinde esasen yakla\u015f\u0131k 20 bin afet konutu in\u015fa edilmektedir&#8221; dedi.<\/p>\n<p>\u0130kizce\u2019nin verimli tar\u0131m topraklar\u0131n\u0131n kamula\u015ft\u0131r\u0131lmas\u0131n\u0131n, besin g\u00fcvenli\u011fi a\u00e7\u0131s\u0131ndan b\u00fcy\u00fck bir tehdit olu\u015fturdu\u011funa dikkat \u00e7eken \u00c7at, &#8220;\u00c7evrede uygun ve maliyeti daha d\u00fc\u015f\u00fck alanlar varken, verimli tar\u0131m topraklar\u0131n\u0131n se\u00e7ilmesi ak\u0131l tutulmas\u0131d\u0131r. Tar\u0131m topraklar\u0131n\u0131n korunmas\u0131, s\u00fcrd\u00fcr\u00fclebilir kalk\u0131nman\u0131n temel ta\u015flar\u0131ndan biridir. Bu alanlar\u0131n imara a\u00e7\u0131lmas\u0131, uzun vadede \u00fclkemizin besin arz\u0131n\u0131 ve ekonomik ba\u011f\u0131ms\u0131zl\u0131\u011f\u0131n\u0131 tehlikeye atacakt\u0131r&#8221; diye konu\u015ftu.<\/p>\n<p><b>HALK D\u0130REN\u0130\u015e\u0130 DEVAM ED\u0130YOR<\/b><\/p>\n<p>\u00c7at, \u0130kizce halk\u0131n\u0131n bu haks\u0131zl\u0131\u011f\u0131 protesto etmek i\u00e7in k\u0131\u015f\u0131n so\u011fuk kurallar\u0131na kar\u015f\u0131n \u00fc\u00e7 haftad\u0131r 24 saat boyunca yakt\u0131klar\u0131 ate\u015fin etraf\u0131nda topland\u0131\u011f\u0131n\u0131 belirtti. &#8220;Bu direni\u015f, onlar\u0131n topraklar\u0131na ve gelece\u011fine sahip \u00e7\u0131kma kararl\u0131l\u0131\u011f\u0131n\u0131n bir g\u00f6stergesidir&#8221; diyerek, halk\u0131n ya\u015fad\u0131\u011f\u0131 ma\u011fduriyetin devam etti\u011fine vurgu yapt\u0131.<\/p>\n<p>\u00c7at, T\u00fcrkiye Cumhuriyeti Anayasas\u0131&#8217;n\u0131n 35. hususu ve Avrupa \u0130nsan Haklar\u0131 Mukavelesi&#8217;nin 1 No&#8217;lu Protokol\u00fc&#8217;ne at\u0131fta bulunarak, &#8220;\u0130kizce&#8217;de ger\u00e7ekle\u015ftirilen \u00e7abuk kamula\u015ft\u0131rma s\u00fcreci, hem Anayasa&#8217;n\u0131n hem de milletleraras\u0131 mukavelelerin teminat\u0131 alt\u0131ndaki m\u00fclkiyet ve \u00f6m\u00fcr haklar\u0131n\u0131n ihlali manas\u0131na gelmektedir&#8221; formunda konu\u015ftu.<\/p>\n","protected":false},"excerpt":{"rendered":"<p>6 \u015eubat Kahramanmara\u015f merkezli zelzeleler sonras\u0131 afet konutlar\u0131 yap\u0131lan Malatya Ye\u015filyurt il\u00e7esine ba\u011fl\u0131 \u0130kizce (Ha\u00e7ova) Mahallesinde \u201cResen Kamula\u015ft\u0131rmas\u0131z El Koyma Suretiyle Tescil\u201d s\u00fcreci te\u015febb\u00fcs\u00fc \u0130zmir&#8217;de protesto edildi.<\/p>\n","protected":false},"author":1,"featured_media":49746,"comment_status":"open","ping_status":"open","sticky":false,"template":"","format":"standard","meta":{"footnotes":""},"categories":[25],"tags":[902,6987,635,4615,6986],"class_list":["post-49745","post","type-post","status-publish","format-standard","has-post-thumbnail","hentry","category-gundem","tag-arazileri","tag-cat","tag-halk","tag-ikizce","tag-kamulastirma"],"_links":{"self":[{"href":"https:\/\/ikimisli.tr\/index.php\/wp-json\/wp\/v2\/posts\/49745","targetHints":{"allow":["GET"]}}],"collection":[{"href":"https:\/\/ikimisli.tr\/index.php\/wp-json\/wp\/v2\/posts"}],"about":[{"href":"https:\/\/ikimisli.tr\/index.php\/wp-json\/wp\/v2\/types\/post"}],"author":[{"embeddable":true,"href":"https:\/\/ikimisli.tr\/index.php\/wp-json\/wp\/v2\/users\/1"}],"replies":[{"embeddable":true,"href":"https:\/\/ikimisli.tr\/index.php\/wp-json\/wp\/v2\/comments?post=49745"}],"version-history":[{"count":1,"href":"https:\/\/ikimisli.tr\/index.php\/wp-json\/wp\/v2\/posts\/49745\/revisions"}],"predecessor-version":[{"id":49747,"href":"https:\/\/ikimisli.tr\/index.php\/wp-json\/wp\/v2\/posts\/49745\/revisions\/49747"}],"wp:featuredmedia":[{"embeddable":true,"href":"https:\/\/ikimisli.tr\/index.php\/wp-json\/wp\/v2\/media\/49746"}],"wp:attachment":[{"href":"https:\/\/ikimisli.tr\/index.php\/wp-json\/wp\/v2\/media?parent=49745"}],"wp:term":[{"taxonomy":"category","embeddable":true,"href":"https:\/\/ikimisli.tr\/index.php\/wp-json\/wp\/v2\/categories?post=49745"},{"taxonomy":"post_tag","embeddable":true,"href":"https:\/\/ikimisli.tr\/index.php\/wp-json\/wp\/v2\/tags?post=49745"}],"curies":[{"name":"wp","href":"https:\/\/api.w.org\/{rel}","templated":true}]}}