{"id":49839,"date":"2025-06-23T00:48:05","date_gmt":"2025-06-23T00:48:05","guid":{"rendered":"https:\/\/ikimisli.tr\/?p=49839"},"modified":"2025-06-23T00:48:05","modified_gmt":"2025-06-23T00:48:05","slug":"son-dakika-dilan-polat-ve-engin-polat-hakkinda-uyusturucu-sorusturmasi","status":"publish","type":"post","link":"https:\/\/ikimisli.tr\/index.php\/2025\/06\/23\/son-dakika-dilan-polat-ve-engin-polat-hakkinda-uyusturucu-sorusturmasi\/","title":{"rendered":"Son Dakika&#8230; Dilan Polat ve Engin Polat hakk\u0131nda &#8216;uyu\u015fturucu&#8217; soru\u015fturmas\u0131"},"content":{"rendered":"<p>Engin Polat, e\u015fi Dilan Polat, karde\u015fi Alper K\u00fcr\u015fat Polat ile Hazal Erdo\u011fan hakk\u0131nda, toplumsal medyada payla\u015ft\u0131klar\u0131 g\u00f6r\u00fcnt\u00fcde uyu\u015fturucu kulland\u0131klar\u0131 tezi ile yap\u0131lan ihbarlar \u00fczerine haklar\u0131nda, &#8220;Kullanmak i\u00e7in uyu\u015fturucu yahut uyar\u0131c\u0131 unsur sat\u0131n almak, kabul etmek yahut bulundurmak ya da uyu\u015fturucu yahut uyar\u0131c\u0131 unsur kullanmak&#8221; kabahatlerinden soru\u015fturma ba\u015flat\u0131ld\u0131.<\/p>\n<p><b>G\u00d6ZALTI KARARI VER\u0130LD\u0130<\/b><\/p>\n<p>\u00d6\u011frenilen son bilgilere nazaran soru\u015fturma kapsam\u0131nda Engin Polat, e\u015fi Dilan Polat, karde\u015fi Alper K\u00fcr\u015fat Polat ile Hazal Erdo\u011fan hakk\u0131nda g\u00f6zalt\u0131 karar\u0131 verildi<\/p>\n<p><strong>Ayr\u0131nt\u0131lar geliyor<\/strong><\/p>\n","protected":false},"excerpt":{"rendered":"<p>Toplumsal medya fenomenleri Dilan Polat, Engin Polat,  karde\u015fi Alper K\u00fcr\u015fat Polat ile Hazal Erdo\u011fan hakk\u0131nda &#8220;uyu\u015fturucu yahut uyar\u0131c\u0131 husus sat\u0131n almak, kabul etmek yahut bulundurmak ya da uyu\u015fturucu yahut uyar\u0131c\u0131 husus kullanmak&#8221; hatalar\u0131ndan soru\u015fturma ba\u015flat\u0131ld\u0131.<\/p>\n","protected":false},"author":1,"featured_media":49840,"comment_status":"open","ping_status":"open","sticky":false,"template":"","format":"standard","meta":{"footnotes":""},"categories":[25],"tags":[1596],"class_list":["post-49839","post","type-post","status-publish","format-standard","has-post-thumbnail","hentry","category-gundem","tag-polat"],"_links":{"self":[{"href":"https:\/\/ikimisli.tr\/index.php\/wp-json\/wp\/v2\/posts\/49839","targetHints":{"allow":["GET"]}}],"collection":[{"href":"https:\/\/ikimisli.tr\/index.php\/wp-json\/wp\/v2\/posts"}],"about":[{"href":"https:\/\/ikimisli.tr\/index.php\/wp-json\/wp\/v2\/types\/post"}],"author":[{"embeddable":true,"href":"https:\/\/ikimisli.tr\/index.php\/wp-json\/wp\/v2\/users\/1"}],"replies":[{"embeddable":true,"href":"https:\/\/ikimisli.tr\/index.php\/wp-json\/wp\/v2\/comments?post=49839"}],"version-history":[{"count":1,"href":"https:\/\/ikimisli.tr\/index.php\/wp-json\/wp\/v2\/posts\/49839\/revisions"}],"predecessor-version":[{"id":49841,"href":"https:\/\/ikimisli.tr\/index.php\/wp-json\/wp\/v2\/posts\/49839\/revisions\/49841"}],"wp:featuredmedia":[{"embeddable":true,"href":"https:\/\/ikimisli.tr\/index.php\/wp-json\/wp\/v2\/media\/49840"}],"wp:attachment":[{"href":"https:\/\/ikimisli.tr\/index.php\/wp-json\/wp\/v2\/media?parent=49839"}],"wp:term":[{"taxonomy":"category","embeddable":true,"href":"https:\/\/ikimisli.tr\/index.php\/wp-json\/wp\/v2\/categories?post=49839"},{"taxonomy":"post_tag","embeddable":true,"href":"https:\/\/ikimisli.tr\/index.php\/wp-json\/wp\/v2\/tags?post=49839"}],"curies":[{"name":"wp","href":"https:\/\/api.w.org\/{rel}","templated":true}]}}